{"id":325844,"date":"2020-06-03T15:01:16","date_gmt":"2020-06-03T13:01:16","guid":{"rendered":"https:\/\/www.luxor.cz\/blog\/nezarazene\/63074-tereza-bouckova-jede-bhutanem-skromne-a-stastne\/"},"modified":"2020-06-03T15:01:16","modified_gmt":"2020-06-03T13:01:16","slug":"63074-tereza-bouckova-jede-bhutanem-skromne-a-stastne","status":"publish","type":"post","link":"https:\/\/www.luxor.cz\/blog\/recenze\/63074-tereza-bouckova-jede-bhutanem-skromne-a-stastne\/","title":{"rendered":"Tereza Bou\u010dkov\u00e1 jede Bh\u00fat\u00e1nem. Skromn\u011b a \u0161\u0165astn\u011b"},"content":{"rendered":"<p class=\"perex\">Kniha Terezy Bou\u010dkov\u00e9 Bh\u00fat\u00e1n, m\u00e1 l\u00e1ska m\u016f\u017ee vypadat navenek trochu zvl\u00e1\u0161tn\u011b. Milostn\u00e9 vyzn\u00e1n\u00ed zemi \u201ena kole v pohod\u011b\u201c?<\/p>\n<div class=\"body\">\n<p>Autorka svou v\u00e1\u0161e\u0148 pro cyklistiku prov\u011btrala u\u017e ve dvou kn\u00ed\u017ek\u00e1ch fejetonistiky, ale co to miniaturn\u00ed asijsk\u00e9 kr\u00e1lovstv\u00ed sev\u0159en\u00e9 Indi\u00ed a \u010c\u00ednou? Zem\u011b tot\u00e1ln\u011b odli\u0161n\u00e1 od Evropy, mo\u017en\u00e1 od zbytku sv\u011bta?\u00a0<\/p>\n<p>Bh\u00fat\u00e1n jsou sam\u00e9 hory, lidi tu po\u0159\u00e1d navl\u00e9kaj\u00ed kroje ze 17. stolet\u00ed, dv\u011b t\u0159etiny st\u00e1tn\u00edho rozpo\u010dtu jdou na rozvoj a \u00fadr\u017ebu silnic \u2013 a nikde se tu nesm\u00ed kou\u0159it. Hlavn\u00edm n\u00e1bo\u017eenstv\u00edm je zvl\u00e1\u0161tn\u011b sexualizovan\u00fd buddhismus, kde \u201epenis je bo\u017estvo, penis je v\u0161emocn\u00fd\u201c. Hlavn\u011b pod jeho vlivem p\u016fsob\u00ed zem\u011b jako o\u00e1za, ide\u00e1ln\u00ed pro hlubinnou rekreaci na t\u011ble a je\u0161t\u011b v\u00edc na duchu.<\/p>\n<p>Jde o cestopisnou report\u00e1\u017e, s\u00e9rii rozm\u00e1chl\u00fdch den\u00edkov\u00fdch zpr\u00e1v, nahozen\u00fdch dynamicky, s chut\u00ed a el\u00e1nem, doprovozen\u00fdch \u010detn\u00fdmi fotografiemi. Dob\u00fdv\u00e1me s autorkou na bicyklu \u010dty\u0159tis\u00edcimetrov\u00e9 v\u00fd\u0161iny, nav\u0161t\u011bvujeme kl\u00e1\u0161tery, fr\u010d\u00edme pestrobarevn\u00fdm pralesem, boj\u00edme se ob\u0159\u00edho jaka a hlavn\u011b potk\u00e1v\u00e1me lidi, kte\u0159\u00ed jsou sd\u00edln\u00ed, vesel\u00ed, usm\u011bvav\u00ed. S podobn\u00fdm nad\u0161en\u00edm pojednala Iva Pek\u00e1rkov\u00e1 africkou Nig\u00e9rii v knize Najd\u017ea, hv\u011bzdy v srdci.<\/p>\n<div class=\"thumbnail thumbnail-big thumbnail-right\">\n<div class=\"price\"><span style=\"font-size: 11pt;\"><img decoding=\"async\" style=\"margin: 20px; float: right;\" src=\"https:\/\/images.knizniklub.cz\/kavarna\/large.jpg\" alt=\"\" width=\"138\" height=\"175\" title=\"\">Bou\u010dkov\u00e1 v\u0161ak napsala daleko v\u00edc. P\u0159edn\u011b obecnou srovn\u00e1vac\u00ed studii. Na jedn\u00e9 stran\u011b p\u0159e\u017eil\u00e1, zahn\u00edvaj\u00edc\u00ed euroamerick\u00e1 civilizace, kter\u00e9 dominuj\u00ed sobeck\u00e1, ustra\u0161en\u00e1 individua, bezpe\u010dn\u011b zalezl\u00e1 ve sv\u00fdch brloz\u00edch. Z druh\u00e9 strany vit\u00e1ln\u00ed, kreativn\u00ed energi\u00ed nabit\u00fd Bh\u00fat\u00e1n, kde se \u017eije v\u00edc p\u0159ed domem, na ulici a p\u0159edev\u0161\u00edm pospolu, solid\u00e1rn\u011b.<\/p>\n<p><\/span><span style=\"font-size: 11pt;\">D\u00e1le je jistou bilanc\u00ed autor\u010din\u00fdch strach\u016f a \u00fazkost\u00ed: z l\u00e9t\u00e1n\u00ed, ze \u0161pinav\u00e9ho povle\u010den\u00ed, z man\u017eelsk\u00e9 krize, ze st\u00e1rnut\u00ed, smrti. Ale i snahou se strachy z\u00fa\u010dtovat a p\u0159ekonat je.<\/p>\n<p><\/span><span style=\"font-size: 11pt;\">A kone\u010dn\u011b: Bou\u010dkov\u00e1 v novince pokra\u010duje tam, kde skon\u010dila v knize \u017divot je n\u00e1dhern\u00fd. L\u00ed\u010d\u00ed posledn\u00ed m\u011bs\u00edce \u017eivota sv\u00e9 matky, jej\u00ed\u017e osobnost tot\u00e1ln\u011b vygumovala Alzheimerova choroba. V knize najdeme intenzivn\u00ed pas\u00e1\u017ee, kde autorka v\u00e1h\u00e1 mezi p\u0159itak\u00e1n\u00edm l\u00e1sce a smrti. P\u0159i pohledu na zubo\u017eenou t\u011blesnou schr\u00e1nku t\u00e9, kter\u00e1 j\u00ed dala \u017eivot, uva\u017euje o smrti jako vysvobozen\u00ed. Vlastn\u011b je to \u00favaha docela buddhistick\u00e1: t\u011blo se rozpadne, du\u0161e se znovu narod\u00ed. V\u0161echno je v \u0159\u00e1du v\u011bc\u00ed.<\/span><\/div>\n<\/div>\n<p>Bh\u00fat\u00e1n, m\u00e1 l\u00e1ska sympaticky klame t\u011blem. Pod slupkou report\u00e1\u017ee je schovan\u00e1 meditace, \u00fa\u010dtov\u00e1n\u00ed. Pr\u016fb\u011b\u017en\u00e1 reflexe pln\u00e1 sebeironie a humoru. Bilance nen\u00ed fin\u00e1ln\u00ed, knihu \u017eene kup\u0159edu chu\u0165 na dal\u0161\u00ed pozn\u00e1n\u00ed. T\u0159eba \u201ejak taky m\u016f\u017eou \u017e\u00edt lidi ve dvac\u00e1t\u00e9m prvn\u00edm stolet\u00ed. Skromn\u011b. A fakt asi \u0161\u0165astn\u011b\u201c.<\/p>\n<p>Autor:\u00a0Radim Kop\u00e1\u010d<\/p>\n<p>Zdroj:\u00a0<a href=\"https:\/\/www.idnes.cz\/kultura\/literatura\/tereza-bouckova-bhutan-ma-laska-recenze-kniha.A200529_115547_literatura_kiz\" target=\"_blank\" rel=\"noopener\">https:\/\/www.idnes.cz\/kultura\/literatura\/tereza-bouckova-bhutan-ma-laska-recenze-kniha.A200529_115547_literatura_kiz<\/a><\/p>\n<\/div>\n<p>Autor:\u00a0Idnes\/Radim Kop\u00e1\u010d<\/p>\n","protected":false},"excerpt":{"rendered":"<p>Kniha Terezy Bou\u010dkov\u00e9 Bh\u00fat\u00e1n, m\u00e1 l\u00e1ska m\u016f\u017ee vypadat navenek trochu zvl\u00e1\u0161tn\u011b. Milostn\u00e9 vyzn\u00e1n\u00ed zemi \u201ena kole v pohod\u011b\u201c?<\/p>\n","protected":false},"author":2,"featured_media":325845,"comment_status":"open","ping_status":"open","sticky":false,"template":"","format":"standard","meta":{"_acf_changed":false,"_monsterinsights_skip_tracking":false,"_monsterinsights_sitenote_active":false,"_monsterinsights_sitenote_note":"","_monsterinsights_sitenote_category":0,"_EventAllDay":false,"_EventTimezone":"","_EventStartDate":"","_EventEndDate":"","_EventStartDateUTC":"","_EventEndDateUTC":"","_EventShowMap":false,"_EventShowMapLink":false,"_EventURL":"","_EventCost":"","_EventCostDescription":"","_EventCurrencySymbol":"","_EventCurrencyCode":"","_EventCurrencyPosition":"","_EventDateTimeSeparator":"","_EventTimeRangeSeparator":"","_EventOrganizerID":[],"_EventVenueID":[],"_OrganizerEmail":"","_OrganizerPhone":"","_OrganizerWebsite":"","_VenueAddress":"","_VenueCity":"","_VenueCountry":"","_VenueProvince":"","_VenueState":"","_VenueZip":"","_VenuePhone":"","_VenueURL":"","_VenueStateProvince":"","_VenueLat":"","_VenueLng":"","_VenueShowMap":false,"_VenueShowMapLink":false,"twitterCardType":"","cardImageID":0,"cardImage":"","cardTitle":"","cardDesc":"","cardImageAlt":"","cardPlayer":"","cardPlayerWidth":0,"cardPlayerHeight":0,"cardPlayerStream":"","cardPlayerCodec":"","footnotes":""},"categories":[7],"tags":[21832],"class_list":["post-325844","post","type-post","status-publish","format-standard","has-post-thumbnail","hentry","category-recenze","tag-literarni-kavarna"],"acf":{"related_products":null},"_links":{"self":[{"href":"https:\/\/www.luxor.cz\/blog\/wp-json\/wp\/v2\/posts\/325844","targetHints":{"allow":["GET"]}}],"collection":[{"href":"https:\/\/www.luxor.cz\/blog\/wp-json\/wp\/v2\/posts"}],"about":[{"href":"https:\/\/www.luxor.cz\/blog\/wp-json\/wp\/v2\/types\/post"}],"author":[{"embeddable":true,"href":"https:\/\/www.luxor.cz\/blog\/wp-json\/wp\/v2\/users\/2"}],"replies":[{"embeddable":true,"href":"https:\/\/www.luxor.cz\/blog\/wp-json\/wp\/v2\/comments?post=325844"}],"version-history":[{"count":0,"href":"https:\/\/www.luxor.cz\/blog\/wp-json\/wp\/v2\/posts\/325844\/revisions"}],"wp:featuredmedia":[{"embeddable":true,"href":"https:\/\/www.luxor.cz\/blog\/wp-json\/wp\/v2\/media\/325845"}],"wp:attachment":[{"href":"https:\/\/www.luxor.cz\/blog\/wp-json\/wp\/v2\/media?parent=325844"}],"wp:term":[{"taxonomy":"category","embeddable":true,"href":"https:\/\/www.luxor.cz\/blog\/wp-json\/wp\/v2\/categories?post=325844"},{"taxonomy":"post_tag","embeddable":true,"href":"https:\/\/www.luxor.cz\/blog\/wp-json\/wp\/v2\/tags?post=325844"}],"curies":[{"name":"wp","href":"https:\/\/api.w.org\/{rel}","templated":true}]}}