{"id":325840,"date":"2020-07-28T15:05:21","date_gmt":"2020-07-28T13:05:21","guid":{"rendered":"https:\/\/www.luxor.cz\/blog\/nezarazene\/63079-ctenarska-recenze-marie-kondo-zazracny-uklid-poradek-jednou-provzdy\/"},"modified":"2020-07-28T15:05:21","modified_gmt":"2020-07-28T13:05:21","slug":"63079-ctenarska-recenze-marie-kondo-zazracny-uklid-poradek-jednou-provzdy","status":"publish","type":"post","link":"https:\/\/www.luxor.cz\/blog\/recenze\/63079-ctenarska-recenze-marie-kondo-zazracny-uklid-poradek-jednou-provzdy\/","title":{"rendered":"\u010cten\u00e1\u0159sk\u00e1 recenze: Marie Kondo \u2013 Z\u00e1zra\u010dn\u00fd \u00faklid"},"content":{"rendered":"<p>Ur\u010dit\u011b ne\u010dekejte \u010dten\u00ed ve stylu jak\u00fd sapon\u00e1t pou\u017e\u00edt na zama\u0161t\u011bnou troubu nebo jak spr\u00e1vn\u011b vydrhnout podlahu, jak dokonale vy\u010distit skvrny na oble\u010den\u00ed nebo jak vyc\u00eddit koupelnu do vysok\u00e9ho lesku. O tom kniha nen\u00ed. P\u0159in\u00e1\u0161\u00ed sp\u00ed\u0161 jak\u00fdsi n\u00e1vod, jak se dopracovat k\u00a0rozhodnut\u00ed, kter\u00e9 v\u011bci vyhodit, a kter\u00e9 si ponechat. Jsme toti\u017e obklopeni v\u011bcmi pot\u0159ebn\u00fdmi a nepot\u0159ebn\u00fdmi. T\u011bch druh\u00fdch, ke kter\u00fdm nem\u00e1me \u017e\u00e1dn\u00fd vztah, ale z\u00a0n\u011bjak\u00e9ho d\u016fvodu je hromad\u00edme, je opravdu spousta.<\/p>\n<p><strong>Kdo je Marie Kondo?<\/strong><\/p>\n<p>Marie Kondo je <strong>japonsk\u00e1 odbornice na ukl\u00edzen\u00ed<\/strong>. \u010casopisy a \u010dl\u00e1nky pro hospody\u0148ky si pr\u00fd r\u00e1da \u010detla u\u017e jako mal\u00e1, ale oborem se doopravdy za\u010dala zab\u00fdvat \u201ea\u017e\u201c v\u00a0patn\u00e1cti letech. V\u00a0sou\u010dasn\u00e9 dob\u011b se \u017eiv\u00ed jako <strong>\u00faklidov\u00e1 konzultantka<\/strong>, kter\u00e1 <strong>v\u00a0Tokiu vede velice \u00fasp\u011b\u0161n\u00fd podnik<\/strong>. Jej\u00edm c\u00edlem je pomoci sv\u00fdm klient\u016fm prom\u011bnit jejich dom\u00e1cnosti v\u00a0klidn\u00e9 prost\u0159ed\u00ed, v\u00a0n\u011bm\u017e by se c\u00edtili \u0161\u0165astn\u011b. Dle Marie Kondo toho lze dos\u00e1hnout vykl\u00edzen\u00edm a organizov\u00e1n\u00edm v\u011bc\u00ed v\u00a0souladu s\u00a0KonMari metodou.<\/p>\n<p>A vypad\u00e1 to, \u017ee jej\u00ed metoda funguje minim\u00e1ln\u011b v\u00a0okruhu jej\u00edch klient\u016f. Jak sama Marie Kondo tvrd\u00ed, <strong>u \u017e\u00e1dn\u00e9ho ze sv\u00fdch klient\u016f jej\u00ed metoda je\u0161t\u011b neselhala<\/strong>.<\/p>\n<p><strong>\u00daklid podle Marie Kondo se v\u00a0podstat\u011b zakl\u00e1d\u00e1 na um\u011bn\u00ed vyhazovat v\u011bci, kter\u00e9 uschov\u00e1v\u00e1me zcela zbyte\u010dn\u011b, pouze z\u00a0nostalgie \u010di obav z\u00a0toho, co by mohlo p\u0159ij\u00edt. <\/strong><\/p>\n<p><strong>Jak spr\u00e1vn\u011b ukl\u00edzet?<\/strong><\/p>\n<p>Podle Marie Kondo <strong>prost\u0159ednictv\u00edm postupn\u00e9ho vy\u010di\u0161t\u011bn\u00ed prostoru, v\u00a0n\u011bm\u017e \u017eijeme, z\u00edsk\u00e1me klid a sebejistotu, zbav\u00edme se strachu a star\u00fdch pout<\/strong>. Autorka n\u00e1m napov\u00edd\u00e1, kde za\u010d\u00edt a co si nechat naposled. Zvl\u00e1\u0161tn\u00ed kapitolou pro m\u011b byly suven\u00fdry z cest a d\u00e1rky, o nich\u017e si \u010dlov\u011bk obvykle mysl\u00ed, \u017ee pokud se jich zbav\u00ed, p\u0159ijde tak\u00e9 o kr\u00e1sn\u00e9 vzpom\u00ednky.<\/p>\n<p>U\u017e po p\u0159e\u010dten\u00ed anotace m\u011b napadlo, co bych t\u00e9hle knize mohla vytknout: je to bezohledn\u00e9 a ne\u0161etrn\u00e9 vyhazov\u00e1n\u00ed v\u011bc\u00ed, kter\u00e9 pro n\u00e1s m\u011bly ur\u010ditou hodnotu. Sama nejsem zast\u00e1ncem nesmysln\u00e9ho hromad\u011bn\u00ed \u2013 ale ani zbyte\u010dn\u00e9ho zbavov\u00e1n\u00ed se v\u011bc\u00ed. Ide\u00e1ln\u00ed cestou pro m\u011b je vytvo\u0159it si ve v\u011bcech syst\u00e9m, dobr\u00fd zp\u016fsob uskladn\u011bn\u00ed a jednou za \u010das je jimi probrat a \u010d\u00e1st vyhodit, prodat, darovat\u2026 I po p\u0159e\u010dten\u00ed t\u00e9hle knihy u sv\u00e9ho zp\u016fsobu nejsp\u00ed\u0161 z\u016fstanu i nad\u00e1le, nicm\u00e9n\u011b na knihu u\u017e nenahl\u00ed\u017e\u00edm tak kriticky, jako v moment\u011b, kdy jsem \u010detla, o \u010dem pojedn\u00e1v\u00e1. Marie Kondo toti\u017e <strong>nehl\u00e1s\u00e1, \u017ee bychom se v\u011bc\u00ed m\u011bli bezohledn\u011b zbavovat<\/strong>.\u00a0 M\u016f\u017eeme je v\u011bnovat, prodat, p\u0159edat n\u011bkomu, kdo z nich bude m\u00edt v\u011bt\u0161\u00ed u\u017eitek ne\u017e my sami\u2026 Faktem je, \u017ee <strong>zbavov\u00e1n\u00ed se zbyte\u010dn\u00e9ho haramp\u00e1d\u00ed m\u016f\u017ee m\u00edt i ozdravn\u00fd a osvobozuj\u00edc\u00ed \u00fa\u010dinek<\/strong>. Nejt\u011b\u017e\u0161\u00ed je na tom odhodlat se a za\u010d\u00edt. Ale <strong>pot\u00e9, co s\u00a0\u00faklidem skon\u010d\u00edte, uv\u011bdom\u00edte si, \u017ee jste doposud kolem sebe m\u011bli plno v\u011bc\u00ed, kter\u00e9 v\u00e1m vlastn\u011b nep\u0159in\u00e1\u0161ely \u017e\u00e1dnou radost ani u\u017eitek<\/strong>.<\/p>\n<p><strong>V\u0161echno hezky od za\u010d\u00e1tku<\/strong><\/p>\n<p>Na knize m\u011b hodn\u011b bavilo vypr\u00e1v\u011bn\u00ed o tom, jak to vlastn\u011b v\u0161echno za\u010dalo. U\u017e od mala m\u011bla toti\u017e r\u00e1da v\u0161echny \u010dasopisy pro hospody\u0148ky, v\u00a0nich\u017e se psalo o tom, co a jak t\u0159\u00eddit a skladovat. V\u0161echno hned taky zkou\u0161ela v\u00a0praxi. Postupn\u011b vyhazovala v\u011bci ze spole\u010dn\u00fdch prostor dom\u00e1cnosti, kterou tehdy je\u0161t\u011b sd\u00edlela se sv\u00fdmi rodi\u010di a sourozenci, a ti\u0161e pozorovala, jak dlouho bude trvat, ne\u017e si n\u011bkdo na vyhozenou v\u011bc vzpomene. N\u011bkdy se to nestalo v\u016fbec, ale n\u011bkdy se na to po \u010dase p\u0159i\u0161lo. Na\u010de\u017e Marie od rodi\u010d\u016f dostala z\u00e1kaz prov\u00e1d\u011bt \u00faklid mimo sv\u016fj pokoj. Ta se ale stejn\u011b nedala odradit.<\/p>\n<p><strong>\u00daklid KonMari<\/strong><\/p>\n<p>Ukl\u00edzen\u00ed KonMari nen\u00ed z\u00e1le\u017eitost jednoho odpoledne. Je to b\u011bh na del\u0161\u00ed tra\u0165, kter\u00fd vy\u017eaduje odhodl\u00e1n\u00ed a trp\u011blivost. Chcete-li pracovat opravdu poctiv\u011b, m\u011bli byste toti\u017e ka\u017edou v\u011bc vz\u00edt do ruky a pop\u0159em\u00fd\u0161let nad t\u00edm, pro\u010d a zda v\u016fbec ji je\u0161t\u011b chcete m\u00edt ve sv\u00e9m \u017eivot\u011b, ve sv\u00e9 dom\u00e1cnosti. Dle m\u00e9ho osobn\u00edho \u00fasudku je k\u00a0pochopen\u00ed tohoto stylu ukl\u00edzen\u00ed nutn\u00fd i ur\u010dit\u00fd stav mysli.<\/p>\n<p>Jej\u00ed metoda v\u00a0podstat\u011b spo\u010d\u00edv\u00e1 ve dvou kroc\u00edch:<\/p>\n<ol>\n<li>Vyhodit (vyt\u0159\u00eddit, darovat, prodat) v\u0161e nepot\u0159ebn\u00e9.<\/li>\n<li>Poskl\u00e1dat to, co zbylo, na m\u00edsta k tomu ur\u010den\u00e1 a nejl\u00e9pe vertik\u00e1ln\u00edm zp\u016fsobem.<\/li>\n<\/ol>\n<p>Tak t\u0159eba <strong>skl\u00e1d\u00e1n\u00ed pono\u017eek<\/strong>. Autorka <strong>z\u00e1sadn\u011b odm\u00edt\u00e1 skl\u00e1dat pono\u017eky do kuli\u010dek metodou p\u0159eta\u017een\u00edm p\u0159es sebe<\/strong>, tak, jak m\u011b to odmala u\u010dila u\u017e moje babi\u010dka. Podle n\u00ed by m\u011bly b\u00fdt pono\u017eky v\u00a0\u0161upl\u00edku naskl\u00e1d\u00e1ny vertik\u00e1ln\u011b. Mus\u00edm potvrdit, \u017ee tahle metoda je p\u0159ehledn\u011bj\u0161\u00ed a p\u016fsob\u00ed mnohem \u201e\u010dist\u0161\u00edm\u201c dojmem. Zklamala m\u011b ale v\u00a0okam\u017eiku, kdy jsem si pono\u017eky balila na cestu a ty se mi pak v\u00a0batohu rozd\u011blily.<\/p>\n<p>Vertik\u00e1ln\u011b by podle Marie Kondo m\u011bla b\u00fdt poskl\u00e1d\u00e1na tak\u00e9 nap\u0159\u00edklad tri\u010dka. Metoda m\u011b sice zaujala, ale v\u00a0m\u00e9 dom\u00e1cnosti je bohu\u017eel neaplikovateln\u00e1. V\u0161ude m\u00e1m sk\u0159\u00edn\u011b s\u00a0pevn\u00fdmi policemi a tato metoda se hod\u00ed sp\u00ed\u0161e pro \u0161upl\u00edkov\u00e9 komody.<\/p>\n<p>P\u0159esto\u017ee v\u00a0cel\u00e9 knize slovo \u201eminimalismus\u201c nezazn\u00ed snad ani jednou (pokud v\u00edm), je to podle m\u00e9ho n\u00e1zoru rozhodn\u011b kniha o minimalismu.<\/p>\n<p>I kdy\u017e pro n\u00e1s m\u016f\u017ee b\u00fdt tahle kniha v\u00a0mnoh\u00e9m inspirativn\u00ed, rozhodn\u011b <strong>nen\u00ed tak lehce aplikovateln\u00e1 v\u00a0pln\u00e9m rozsahu<\/strong>. Krom\u011b zm\u00edn\u011bn\u00e9ho ukl\u00e1d\u00e1n\u00ed oble\u010den\u00ed by pro n\u00e1s mohl nastat probl\u00e9m i v dal\u0161\u00edch v\u011bcech. Mus\u00edme si uv\u011bdomit, \u017ee autorka na problematiku \u00faklidu naz\u00edr\u00e1 optikou \u017eeny z velkom\u011bsta, Tokia. Zaob\u00edr\u00e1 se tedy ot\u00e1zkami bydlen\u00ed v mal\u00fdch bytech a domech, ale opom\u00edj\u00ed zahrady, kde u n\u00e1s lid\u00e9 b\u011b\u017en\u011b maj\u00ed seka\u010dky, stavebn\u00ed materi\u00e1l, d\u0159evo, sklen\u00edky, komposty\u2026<\/p>\n<p><strong>V\u00a0ka\u017ed\u00e9m p\u0159\u00edpad\u011b nemus\u00edte nutn\u011b bydlet v\u00a0Japonsku a sd\u00edlet teorii minimalismu, aby pro v\u00e1s tahle kniha byla inspirativn\u00ed. Rozhodn\u011b v\u00e1s m\u016f\u017ee inspirovat k\u00a0tomu, jak organizovat v\u00e1\u0161 prostor, jak na sv\u00e9 v\u011bci nahl\u00ed\u017eet jinak, ne\u017e jste doposud byli zvykl\u00ed.<\/strong><\/p>\n<p>\u00a0<\/p>\n<p>Autor: Andrea Simoglu<\/p>\n<p>\u00a0<\/p>\n<p>\u00a0<\/p>\n<p>\u00a0<\/p>\n<p>\u00a0<\/p>\n<p>Autor:\u00a0Kni\u017en\u00ed klub<\/p>\n","protected":false},"excerpt":{"rendered":"<p>Tahle kniha je zvl\u00e1\u0161tn\u00ed. U\u017e jen uv\u011bdom\u011bn\u00ed si faktu, \u017ee je to kniha o ukl\u00edzen\u00ed, by mohlo vyvolat nez\u00e1jem. Nicm\u00e9n\u011b kniha se t\u011b\u0161\u00ed velk\u00e9 oblib\u011b, \u010d\u00edm\u017e naopak mnoh\u00e9 p\u0159ekvapuje, ale ka\u017edop\u00e1dn\u011b utvrzuje v tom, \u017ee spousta z n\u00e1s chce n\u011bco zm\u011bnit nebo zlep\u0161it.<\/p>\n","protected":false},"author":2,"featured_media":325841,"comment_status":"open","ping_status":"open","sticky":false,"template":"","format":"standard","meta":{"_acf_changed":false,"_monsterinsights_skip_tracking":false,"_monsterinsights_sitenote_active":false,"_monsterinsights_sitenote_note":"","_monsterinsights_sitenote_category":0,"_EventAllDay":false,"_EventTimezone":"","_EventStartDate":"","_EventEndDate":"","_EventStartDateUTC":"","_EventEndDateUTC":"","_EventShowMap":false,"_EventShowMapLink":false,"_EventURL":"","_EventCost":"","_EventCostDescription":"","_EventCurrencySymbol":"","_EventCurrencyCode":"","_EventCurrencyPosition":"","_EventDateTimeSeparator":"","_EventTimeRangeSeparator":"","_EventOrganizerID":[],"_EventVenueID":[],"_OrganizerEmail":"","_OrganizerPhone":"","_OrganizerWebsite":"","_VenueAddress":"","_VenueCity":"","_VenueCountry":"","_VenueProvince":"","_VenueState":"","_VenueZip":"","_VenuePhone":"","_VenueURL":"","_VenueStateProvince":"","_VenueLat":"","_VenueLng":"","_VenueShowMap":false,"_VenueShowMapLink":false,"twitterCardType":"","cardImageID":0,"cardImage":"","cardTitle":"","cardDesc":"","cardImageAlt":"","cardPlayer":"","cardPlayerWidth":0,"cardPlayerHeight":0,"cardPlayerStream":"","cardPlayerCodec":"","footnotes":""},"categories":[7],"tags":[21832],"class_list":["post-325840","post","type-post","status-publish","format-standard","has-post-thumbnail","hentry","category-recenze","tag-literarni-kavarna"],"acf":{"related_products":null},"_links":{"self":[{"href":"https:\/\/www.luxor.cz\/blog\/wp-json\/wp\/v2\/posts\/325840","targetHints":{"allow":["GET"]}}],"collection":[{"href":"https:\/\/www.luxor.cz\/blog\/wp-json\/wp\/v2\/posts"}],"about":[{"href":"https:\/\/www.luxor.cz\/blog\/wp-json\/wp\/v2\/types\/post"}],"author":[{"embeddable":true,"href":"https:\/\/www.luxor.cz\/blog\/wp-json\/wp\/v2\/users\/2"}],"replies":[{"embeddable":true,"href":"https:\/\/www.luxor.cz\/blog\/wp-json\/wp\/v2\/comments?post=325840"}],"version-history":[{"count":0,"href":"https:\/\/www.luxor.cz\/blog\/wp-json\/wp\/v2\/posts\/325840\/revisions"}],"wp:featuredmedia":[{"embeddable":true,"href":"https:\/\/www.luxor.cz\/blog\/wp-json\/wp\/v2\/media\/325841"}],"wp:attachment":[{"href":"https:\/\/www.luxor.cz\/blog\/wp-json\/wp\/v2\/media?parent=325840"}],"wp:term":[{"taxonomy":"category","embeddable":true,"href":"https:\/\/www.luxor.cz\/blog\/wp-json\/wp\/v2\/categories?post=325840"},{"taxonomy":"post_tag","embeddable":true,"href":"https:\/\/www.luxor.cz\/blog\/wp-json\/wp\/v2\/tags?post=325840"}],"curies":[{"name":"wp","href":"https:\/\/api.w.org\/{rel}","templated":true}]}}