{"id":325838,"date":"2020-08-01T14:28:48","date_gmt":"2020-08-01T12:28:48","guid":{"rendered":"https:\/\/www.luxor.cz\/blog\/nezarazene\/63078-ctenarska-recenze-jojo-moyesova-schovej-me-v-desti\/"},"modified":"2020-08-01T14:28:48","modified_gmt":"2020-08-01T12:28:48","slug":"63078-ctenarska-recenze-jojo-moyesova-schovej-me-v-desti","status":"publish","type":"post","link":"https:\/\/www.luxor.cz\/blog\/recenze\/63078-ctenarska-recenze-jojo-moyesova-schovej-me-v-desti\/","title":{"rendered":"\u010cten\u00e1\u0159sk\u00e1 recenze: Jojo Moyesov\u00e1 \u2013 Schovej m\u011b v de\u0161ti"},"content":{"rendered":"<p>Nov\u00fd rom\u00e1n Jojo Moyesov\u00e9 vypr\u00e1v\u00ed o tom, jak komplikovan\u00e9 vztahy mohou v rodin\u011b b\u00fdt, jak rozd\u00edln\u00e9 jsou jednotliv\u00e9 generace a jak obvykle v\u017edy existuje touha se k tomu druh\u00e9mu p\u0159ibl\u00ed\u017eit a komunikovat s n\u00edm. Je to kniha o odpu\u0161t\u011bn\u00ed a vz\u00e1jemn\u00fdch slo\u017eit\u00fdch rodinn\u00fdch vazb\u00e1ch.<\/p>\n<p>Stejn\u011b jako v\u00a0jin\u00fdch knih\u00e1ch Jojo Moyesov\u00e9, i zde se vyd\u00e1v\u00e1me na cestu nap\u0159\u00ed\u010d kontinenty i generacemi\u2026<\/p>\n<p><strong>Joy, Kate a Sabine \u2013 babi\u010dka, matka a dcera, t\u0159i hlavn\u00ed postavy<\/strong><\/p>\n<p><strong>Joy<\/strong> vyr\u016fstala v\u00a0Hongkongu, kter\u00fd byl a\u017e do roku 1997 britskou koloni\u00ed. P\u0159esn\u011b v\u00a0den korunovace Al\u017eb\u011bty II. pr\u00e1v\u011b tady potk\u00e1v\u00e1 sv\u00e9ho budouc\u00edho man\u017eela, kter\u00fd je d\u016fstojn\u00edkem britsk\u00e9ho n\u00e1mo\u0159nictva. Pot\u00e9, co se za n\u011bj provd\u00e1, cestuje spolu s\u00a0n\u00edm po cel\u00e9m sv\u011bt\u011b v\u00a0z\u00e1vislosti na tom, do jak\u00e9ho m\u00edsta ho zrovna p\u0159evel\u00ed. Nakonec se spolu usad\u00ed v\u00a0Irsku, odkud man\u017eel Joy poch\u00e1z\u00ed.<\/p>\n<p>Dal\u0161\u00ed d\u011bjov\u00e1 linie sleduje <strong>Kate<\/strong>, Joyinu dceru. Kate bydl\u00ed spole\u010dn\u011b se svou dcerou v\u00a0Lond\u00fdn\u011b, a proto\u017ee si moment\u00e1ln\u011b pot\u0159ebuje n\u011bjak uspo\u0159\u00e1dat sv\u016fj soukrom\u00fd \u017eivot a vztahy s\u00a0mu\u017ei, odsouv\u00e1 svou dceru <strong>Sabine<\/strong> na druhou kolej a pos\u00edl\u00e1 ji do Irska k\u00a0babi\u010dce a d\u011bde\u010dkovi, s\u00a0nimi\u017e se u\u017e n\u011bkolik let nevid\u011bla. Sabine se u babi\u010dky Joy a d\u011bdy Edwarda nel\u00edb\u00ed ani trochu. Nejenom, \u017ee se najednou ocit\u00e1 v\u00a0\u00fapln\u011b jin\u00e9m prost\u0159ed\u00ed, ale nav\u00edc se k\u00a0n\u00ed prarodi\u010de chovaj\u00ed dost odta\u017eit\u011b.<\/p>\n<p>Jojo Moyesov\u00e1 nezap\u0159ela svou l\u00e1sku ke kon\u00edm ani v\u00a0t\u00e9hle knize. Joy a Edward jsou toti\u017e v\u00e1\u0161niv\u00ed ko\u0148a\u0159i a tuto v\u00e1\u0161e\u0148 se sna\u017e\u00ed p\u0159en\u00e9st tak\u00e9 na svou dceru i vnu\u010dku. P\u0159\u00edjemn\u011b m\u011b pot\u011b\u0161ilo <strong>zasazen\u00ed \u010d\u00e1sti p\u0159\u00edb\u011bhu na irsk\u00fd venkov<\/strong>, proto\u017ee m\u011b tento kout zem\u011b v\u017edycky p\u0159itahoval. Z\u00e1rove\u0148 pro m\u011b bylo <strong>atraktivn\u00ed vypr\u00e1v\u011bn\u00ed o cest\u00e1ch nap\u0159\u00ed\u010d cel\u00fdm sv\u011btem man\u017eel\u016f Joy a Edwarda<\/strong>.<\/p>\n<p>Prost\u0159ed\u00ed Irska bylo vykresleno p\u0159\u00edjemn\u011b, p\u0159esto\u017ee Sabine se tady zrovna moc nel\u00edbilo. C\u00edtila se zde ciz\u00ed, ne\u017e\u00e1douc\u00ed. Sabine chyb\u00ed kamar\u00e1di, internet i televize, u kter\u00e9 neust\u00e1le sed\u00ed nesly\u0161\u00edc\u00ed d\u011bda Edward. Babi\u010dka m\u00e1 sv\u00e9 zvyky, kter\u00e9 Sabine mus\u00ed dodr\u017eovat. Zat\u00edmco doma byla zvykl\u00e1 na svobodnou a demokratickou v\u00fdchovu, tady mus\u00ed poslouchat a dodr\u017eovat v\u0161echna pravidla.<\/p>\n<p>Trochu jsem \u010dekala, \u017ee si Sabine \u010dasem na irsk\u00fd venkov zvykne, a tak m\u011b tahle skute\u010dnost nakonec a\u017e tak nep\u0159ekvapila, stejn\u011b jako to, \u017ee se nakonec sbl\u00ed\u017e\u00ed i s\u00a0babi\u010dkou. D\u011bj se op\u011bt z\u00e1sadn\u011b obr\u00e1til v\u00a0moment\u011b, kdy se zhor\u0161il zdravotn\u00ed stav Sabinina d\u011bde\u010dka, a kdy do Irska p\u0159ij\u00ed\u017ed\u00ed Kate. Sabine se na ni toti\u017e st\u00e1le zlob\u00ed a Kate zase nem\u00e1 dobr\u00e9 vztahy se svou matkou. Je to takov\u00fd troj\u00faheln\u00edk generac\u00ed, nepochopen\u00ed a napjat\u00fdch vztah\u016f.<\/p>\n<p><strong>M\u00edt tak de\u0161tn\u00edk na starosti!<\/strong><\/p>\n<p>Kniha <a href=\"https:\/\/www.knizniklub.cz\/knihy\/442237-schovej-me-v-desti.html\" target=\"_blank\" rel=\"noopener\">Schovej m\u011b v\u00a0de\u0161ti<\/a> je pom\u011brn\u011b mil\u00fd p\u0159\u00edb\u011bh, pro m\u011b byl nen\u00e1ro\u010dn\u00fd, mil\u00fd, lehk\u00fd. N\u00e1m\u011bt se mi l\u00edbil, stejn\u011b jako prost\u0159ed\u00ed, v\u00a0n\u011bm\u017e se p\u0159\u00edb\u011bhy odehr\u00e1vaj\u00ed. L\u00edbila se mi atmosf\u00e9ra Hongkongu 50. let, p\u0159i\u010dem\u017e m\u011b hodn\u011b udivilo, kolik zde tehdy \u017eilo Brit\u016f (mus\u00edm p\u0159iznat, \u017ee n\u011bkter\u00e1 historick\u00e1 a zem\u011bpisn\u00e1 fakta mi ve \u0161kole dost unikla\u2026). A l\u00edbila se mi i atmosf\u00e9ra sou\u010dasn\u00e9ho Irska, prost\u0159ed\u00ed venkova.<\/p>\n<p><a href=\"https:\/\/www.knizniklub.cz\/autori\/34773-jojo-moyesova.html\" target=\"_blank\" rel=\"noopener\">Jojo Moyesov\u00e1<\/a> dob\u0159e popisuje \u017eivoty i my\u0161lenkov\u00e9 pochody \u017een v\u0161ech t\u0159\u00ed generac\u00ed. Mus\u00edm \u0159\u00edct, \u017ee v\u00a0ka\u017ed\u00e9m z\u00a0nich jsem si n\u011bco na\u0161la, ka\u017ed\u00fd mi byl n\u011b\u010d\u00edm bl\u00edzk\u00fd. A \u010dasto m\u011b bavila nejmlad\u0161\u00ed, trochu pubert\u00e1ln\u011b trefen\u00e1 Sabine. Celkov\u011b byl st\u0159et generac\u00ed hodn\u011b dob\u0159e vyj\u00e1d\u0159en\u00fd. Asi ne\u0161lo \u00fapln\u011b nerozum\u011bt ani jedn\u00e9 z\u00a0\u017een. P\u0159edev\u0161\u00edm kontrast mezi mladi\u010dkou Sabine a babi\u010dkou Joy byl obrovsk\u00fd! <strong>Zat\u00edmco babi\u010dce vl\u00e1dnou star\u00e9 dobr\u00e9 z\u00e1sady a zvyklosti, pravidla a slu\u0161nost, jej\u00ed vnu\u010dka jej\u00ed hodnoty nech\u00e1pe.<\/strong> K\u00a0tradic\u00edm m\u00e1 Sabine stejn\u011b tak daleko jako Joy k\u00a0volnomy\u0161lenk\u00e1\u0159stv\u00ed. Ale jak u\u017e bylo \u0159e\u010deno, ka\u017edou z\u00a0nich jsem jist\u00fdm zp\u016fsobem ch\u00e1pala, ka\u017ed\u00e1 m\u011bla v\u00a0n\u011b\u010dem pravdu a v\u016fbec nejlep\u0161\u00ed na tom v\u0161em bylo, \u017ee <strong>ka\u017ed\u00e1 cht\u011bla tot\u00e9\u017e, ale neum\u011bla to \u0159\u00edct<\/strong>.<\/p>\n<p>Od Jojo Moyesov\u00e9 jsem u\u017e n\u011bkolik knih p\u0159e\u010detla, a tak jsem samoz\u0159ejm\u011b srovn\u00e1vala s\u00a0t\u011bmi, co zn\u00e1m. P\u0159izn\u00e1v\u00e1m, \u017ee od t\u00e9hle autorky jsem \u010detla i lep\u0161\u00ed knihy, ale tahle rozhodn\u011b nepat\u0159\u00ed mezi \u0161patn\u00e9 nebo dokonce nejhor\u0161\u00ed. Pro m\u011b to byl (v r\u00e1mci knih Jojo Moyesov\u00e9) takov\u00fd lep\u0161\u00ed pr\u016fm\u011br. Ka\u017edop\u00e1dn\u011b jsem b\u011bhem \u010dten\u00ed nenarazila na \u017e\u00e1dn\u00e9 m\u00edsto, kter\u00e9 by m\u011b nudilo.<\/p>\n<p>Na druhou stranu bych ocenila v\u00edc emoc\u00ed. Kdy\u017e jsem si \u010detla anotaci ke knize, \u010dekala jsem mnohem v\u00edc dojm\u016f a pro\u017eitk\u016f, zkr\u00e1tka mnohem siln\u011bj\u0161\u00ed emoce. Co mi v\u00a0knize tak\u00e9 chyb\u011blo, byla romantika. Samotn\u00fd n\u00e1zev toti\u017e p\u016fsob\u00ed vylo\u017een\u011b romanticky, stejn\u011b tak jako ob\u00e1lka knihy a jej\u00ed n\u00e1m\u011bt. Ve skute\u010dnosti ale romantika v\u00a0knize nen\u00ed v\u00a0takov\u00e9 m\u00ed\u0159e, v\u00a0jak\u00e9 jsem j\u00ed \u010dekala.<\/p>\n<p>P\u0159esto\u017ee jsem jednotliv\u00fdm postav\u00e1m dob\u0159e rozum\u011bla, vylo\u017een\u011b sympatick\u00fd mi z\u00a0nich nebyl v\u00edcem\u00e9n\u011b nikdo. Jejich osudy byly zaj\u00edmav\u00e9, samotn\u00e9 mi ale k\u00a0srdci nep\u0159irostly.<\/p>\n<p>Trochu mi vadilo \u010dlen\u011bn\u00ed d\u011bje do p\u0159\u00edli\u0161 dlouh\u00fdch kapitol. Kniha m\u00e1 obecn\u011b sp\u00ed\u0161e pozvoln\u00e9 tempo, a asi pr\u00e1v\u011b proto bych uv\u00edtala v\u011bt\u0161\u00ed dynamiku v\u00a0rozd\u011blen\u00ed textu. Kdy\u017e jsem se do ur\u010dit\u00e9ho d\u011bje kone\u010dn\u011b za\u010detla, tak po t\u0159iceti stran\u00e1ch skon\u010dil a dal\u0161\u00ed kapitola nav\u00e1zala zase n\u011bkde jinde. Mysl\u00edm, \u017ee krat\u0161\u00ed kapitolky by p\u0159\u00edb\u011bhu dodaly na hybnosti.<\/p>\n<p><strong>V\u00a0ka\u017ed\u00e9m p\u0159\u00edpad\u011b kniha Schovej m\u011b v\u00a0de\u0161ti pro m\u011b nebyla zklam\u00e1n\u00edm. Naopak. P\u0159\u00edjemn\u011b mi zpest\u0159ila za\u010d\u00e1tek l\u00e9ta a p\u0159enesla m\u011b do jin\u00e9ho prost\u0159ed\u00ed i doby. Pokud se v\u00e1m l\u00edb\u00ed autor\u010din styl a jej\u00ed p\u0159edchoz\u00ed knihy, tuhle rozhodn\u011b nesm\u00edte vynechat.<\/strong><\/p>\n<p>Autor:\u00a0Kni\u017en\u00ed klub<\/p>\n","protected":false},"excerpt":{"rendered":"<p>Babi\u010dka, matka a dcera. T\u0159i generace, t\u0159i \u017eeny. V\u0161echny t\u0159i tak moc rozd\u00edln\u00e9 a p\u0159itom tou\u017e\u00edc\u00ed po tomt\u00e9\u017e: po porozum\u011bn\u00ed, l\u00e1sce a pochopen\u00ed&#8230;<\/p>\n","protected":false},"author":2,"featured_media":325839,"comment_status":"open","ping_status":"open","sticky":false,"template":"","format":"standard","meta":{"_acf_changed":false,"_monsterinsights_skip_tracking":false,"_monsterinsights_sitenote_active":false,"_monsterinsights_sitenote_note":"","_monsterinsights_sitenote_category":0,"_EventAllDay":false,"_EventTimezone":"","_EventStartDate":"","_EventEndDate":"","_EventStartDateUTC":"","_EventEndDateUTC":"","_EventShowMap":false,"_EventShowMapLink":false,"_EventURL":"","_EventCost":"","_EventCostDescription":"","_EventCurrencySymbol":"","_EventCurrencyCode":"","_EventCurrencyPosition":"","_EventDateTimeSeparator":"","_EventTimeRangeSeparator":"","_EventOrganizerID":[],"_EventVenueID":[],"_OrganizerEmail":"","_OrganizerPhone":"","_OrganizerWebsite":"","_VenueAddress":"","_VenueCity":"","_VenueCountry":"","_VenueProvince":"","_VenueState":"","_VenueZip":"","_VenuePhone":"","_VenueURL":"","_VenueStateProvince":"","_VenueLat":"","_VenueLng":"","_VenueShowMap":false,"_VenueShowMapLink":false,"twitterCardType":"","cardImageID":0,"cardImage":"","cardTitle":"","cardDesc":"","cardImageAlt":"","cardPlayer":"","cardPlayerWidth":0,"cardPlayerHeight":0,"cardPlayerStream":"","cardPlayerCodec":"","footnotes":""},"categories":[7],"tags":[21832],"class_list":["post-325838","post","type-post","status-publish","format-standard","has-post-thumbnail","hentry","category-recenze","tag-literarni-kavarna"],"acf":{"related_products":null},"_links":{"self":[{"href":"https:\/\/www.luxor.cz\/blog\/wp-json\/wp\/v2\/posts\/325838","targetHints":{"allow":["GET"]}}],"collection":[{"href":"https:\/\/www.luxor.cz\/blog\/wp-json\/wp\/v2\/posts"}],"about":[{"href":"https:\/\/www.luxor.cz\/blog\/wp-json\/wp\/v2\/types\/post"}],"author":[{"embeddable":true,"href":"https:\/\/www.luxor.cz\/blog\/wp-json\/wp\/v2\/users\/2"}],"replies":[{"embeddable":true,"href":"https:\/\/www.luxor.cz\/blog\/wp-json\/wp\/v2\/comments?post=325838"}],"version-history":[{"count":0,"href":"https:\/\/www.luxor.cz\/blog\/wp-json\/wp\/v2\/posts\/325838\/revisions"}],"wp:featuredmedia":[{"embeddable":true,"href":"https:\/\/www.luxor.cz\/blog\/wp-json\/wp\/v2\/media\/325839"}],"wp:attachment":[{"href":"https:\/\/www.luxor.cz\/blog\/wp-json\/wp\/v2\/media?parent=325838"}],"wp:term":[{"taxonomy":"category","embeddable":true,"href":"https:\/\/www.luxor.cz\/blog\/wp-json\/wp\/v2\/categories?post=325838"},{"taxonomy":"post_tag","embeddable":true,"href":"https:\/\/www.luxor.cz\/blog\/wp-json\/wp\/v2\/tags?post=325838"}],"curies":[{"name":"wp","href":"https:\/\/api.w.org\/{rel}","templated":true}]}}