{"id":325827,"date":"2020-09-30T11:05:03","date_gmt":"2020-09-30T09:05:03","guid":{"rendered":"https:\/\/www.luxor.cz\/blog\/nezarazene\/63101-neni-rodina-jako-rodina\/"},"modified":"2020-09-30T11:05:03","modified_gmt":"2020-09-30T09:05:03","slug":"63101-neni-rodina-jako-rodina","status":"publish","type":"post","link":"https:\/\/www.luxor.cz\/blog\/recenze\/63101-neni-rodina-jako-rodina\/","title":{"rendered":"Nen\u00ed rodina jako rodina"},"content":{"rendered":"<p>Ur\u010dit\u011b jste u\u017e n\u011bkdy sly\u0161eli, jak lid\u00e9 pron\u00e1\u0161\u00ed nad d\u011btmi soudy typu: \u201eNo jasn\u011b. Co od n\u011bj \u010dekat jin\u00e9ho? To jsou geny.\u201c Opravdu na nich ale tolik z\u00e1le\u017e\u00ed?<\/p>\n<p>Amy Winterov\u00e1 je hlavn\u00ed hrdinkou nov\u00e9 knihy Caroline Mitchellov\u00e9, Pravda a l\u017ei. Pracuje jako detektiv a zd\u00e1 se, \u017ee jinou kari\u00e9ru si pro sebe ani nemohla zvolit. Jej\u00ed otec byl toti\u017e velmi v\u00e1\u017een\u00fdm a \u00fasp\u011b\u0161n\u00fdm \u010dlenem policejn\u00edho sboru a stejn\u011b tak i jej\u00ed bratr. Jej\u00ed rozhodnut\u00ed bylo jasn\u00e9 &#8211; pokra\u010dovat v\u00a0otcov\u00fdch \u0161l\u00e9p\u011bj\u00edch.<\/p>\n<p>Amy je velmi organizovan\u00e1, disciplinovan\u00e1 a m\u00e1 skute\u010dn\u00fd smysl pro spravedlnost &#8211; dokonal\u00e1 policistka. D\u00edky tomu se vypracuje na velmi dobrou pozici a stane se vedouc\u00ed t\u00fdmu, kter\u00fd se zab\u00fdv\u00e1 medi\u00e1ln\u011b zn\u00e1m\u00fdmi p\u0159\u00edpady, co\u017e ur\u010dit\u011b nen\u00ed nic jednoduch\u00e9ho v\u00a0dne\u0161n\u00ed dob\u011b internetu a soci\u00e1ln\u00edch m\u00e9di\u00ed, z\u00a0nich\u017e na n\u00e1s proud\u00ed miliony informac\u00ed ka\u017ed\u00fd den. Amy by ani nenapadlo, \u017ee by nev\u011bd\u011bla, k\u00fdm je. Ona je jej\u00ed pr\u00e1ce a odkaz jej\u00edho otce. Ov\u0161em a\u017e do doby, ne\u017e j\u00ed p\u0159ijde dopis od nechvaln\u011b zn\u00e1m\u00e9 s\u00e9riov\u00e9 vra\u017eedkyn\u011b Lillian Grimesov\u00e9, kter\u00e1 spole\u010dn\u011b se sv\u00fdm man\u017eelem vra\u017edila a zn\u00e1sil\u0148ovala mlad\u00e9 \u017eeny a d\u00edvky.<\/p>\n<p><strong><em>Mil\u00e1 Amy!<\/em><\/strong><\/p>\n<p><strong><em>V\u00edm, \u017ee to pro Tebe bude \u0161ok. Pochybuji, \u017ee Ti Tvoje rodina pov\u011bd\u011bla pravdu o Tv\u00e9m p\u016fvodu nebo ti aspo\u0148 prozradila, \u017ee jsi adoptovan\u00e1. Nechci se do\u017e\u00edt konce sv\u00fdch dn\u016f ve v\u011bzen\u00ed bez toho, abych T\u011b je\u0161t\u011b jednou spat\u0159ila. Jsem tvoje prav\u00e1 matka. \u017dena, kter\u00e1 Ti dala \u017eivot.<\/em><\/strong><\/p>\n<p>\u00a0\u00a0\u00a0\u00a0\u00a0\u00a0\u00a0\u00a0\u00a0\u00a0\u00a0 Lillian si s\u00a0Amy chce hr\u00e1t, ale hned v\u00a0\u00favodu j\u00ed ozn\u00e1m\u00ed, \u017ee jej\u00ed \u017eivot je le\u017e, \u017ee to ona je jej\u00ed skute\u010dnou matkou a vra\u017ed\u00edc\u00ed dvojice je jej\u00ed prav\u00e1 rodina. Spole\u010dn\u011b s\u00a0t\u00edm po\u017e\u00e1d\u00e1, aby ji Amy nav\u0161t\u00edvila ve v\u011bzen\u00ed, a nab\u00eddne j\u00ed, \u017ee j\u00ed sd\u011bl\u00ed, kde le\u017e\u00ed jejich posledn\u00ed t\u0159i ob\u011bti, kter\u00e9 doposud nebyly nalezeny.<\/p>\n<p>\u00a0\u00a0\u00a0\u00a0\u00a0\u00a0\u00a0\u00a0\u00a0\u00a0\u00a0 Sta\u010d\u00ed jeden dopis k\u00a0tomu, aby \u010dlov\u011bku zm\u011bnil cel\u00fd \u017eivot a jeho osobnost? Pravd\u011bpodobn\u011b ne, ale pro Amy je to nejen za\u010d\u00e1tek p\u00e1tr\u00e1n\u00ed po t\u011blech ob\u011bt\u00ed, ale i za\u010d\u00e1tek p\u00e1tr\u00e1n\u00ed po jej\u00ed minulosti, p\u0159\u00edtomnosti a budoucnosti.<\/p>\n<p>\u00a0\u00a0\u00a0\u00a0\u00a0\u00a0\u00a0\u00a0\u00a0\u00a0\u00a0 Autorka si se \u010dten\u00e1\u0159em hraje stejn\u011b jako ko\u010dka s\u00a0my\u0161\u00ed, a i kdy\u017e si mysl\u00edte, \u017ee u\u017e vlastn\u011b v\u00edte v\u0161e a pravda nem\u016f\u017ee b\u00fdt jasn\u011bj\u0161\u00ed, uk\u00e1\u017ee se, \u017ee nic nen\u00ed, jak se zd\u00e1, a Amyina minulost ukr\u00fdv\u00e1 dal\u0161\u00ed a dal\u0161\u00ed potla\u010den\u00e9 vzpom\u00ednky. \u010cten\u00e1\u0159 je tak sv\u011bdkem toho, jak se jej\u00ed postava v\u00a0pr\u016fb\u011bhu cel\u00e9 knihy prom\u011b\u0148uje a vyv\u00edj\u00ed v\u00a0n\u00e1vaznosti na jej\u00ed vztahy s\u00a0okol\u00edm, znovu objevenou pravdou a dilematem, zda mohou b\u00fdt geny opravdu siln\u011bj\u0161\u00ed ne\u017e v\u00fdchova a l\u00e1ska adoptivn\u00edch rodi\u010d\u016f.<\/p>\n<p>\u00a0\u00a0\u00a0\u00a0\u00a0\u00a0\u00a0\u00a0\u00a0\u00a0\u00a0 Kniha Pravda a l\u017ei n\u00e1m poskytuje nejen nap\u011bt\u00ed, kter\u00e9 se d\u00e1 od thrilleru o\u010dek\u00e1vat, ale i zaj\u00edmav\u00fd psychologick\u00fd posun hlavn\u00ed postavy a n\u011bkolik vedlej\u0161\u00edch nem\u00e9n\u011b zaj\u00edmav\u00fdch linek, kter\u00e9 se na sam\u00e9m konci propoj\u00ed a dotvo\u0159\u00ed tak celkov\u00fd d\u011bj knihy.<\/p>\n<p>Pokud tedy m\u00e1te r\u00e1di thrillery, nem\u011bla by v\u00e1m Pravda a l\u017ei uniknout, proto\u017ee m\u00e1 v\u00a0sob\u011b v\u0161e, co by dobr\u00fd thriller m\u011bl m\u00edt, a jako bonus m\u00e1 i velmi silnou \u017eenskou hlavn\u00ed hrdinku, jakou Amy Winterov\u00e1 bez pochyby je.<\/p>\n<p>\u00a0<\/p>\n<p>\u00a0<\/p>\n<p>Autor:\u00a0Kristina Heklov\u00e1<\/p>\n","protected":false},"excerpt":{"rendered":"<p>Kdy\u017e se narod\u00edme, rod\u00ed se z\u00e1rove\u0148 s\u00a0n\u00e1mi i n\u00e1\u0161 osud? Kdo v\u0161echno vlastn\u011b ovliv\u0148uje to, k\u00fdm jsme? Jsou to rodi\u010de, jejich v\u00fdchova, p\u0159\u00e1tel\u00e9, \u0161kola? Nebo jsou nejd\u016fle\u017eit\u011bj\u0161\u00ed geny, kter\u00e9 n\u00e1m p\u0159edali rodi\u010de?<\/p>\n","protected":false},"author":2,"featured_media":325828,"comment_status":"open","ping_status":"open","sticky":false,"template":"","format":"standard","meta":{"_acf_changed":false,"_monsterinsights_skip_tracking":false,"_monsterinsights_sitenote_active":false,"_monsterinsights_sitenote_note":"","_monsterinsights_sitenote_category":0,"_EventAllDay":false,"_EventTimezone":"","_EventStartDate":"","_EventEndDate":"","_EventStartDateUTC":"","_EventEndDateUTC":"","_EventShowMap":false,"_EventShowMapLink":false,"_EventURL":"","_EventCost":"","_EventCostDescription":"","_EventCurrencySymbol":"","_EventCurrencyCode":"","_EventCurrencyPosition":"","_EventDateTimeSeparator":"","_EventTimeRangeSeparator":"","_EventOrganizerID":[],"_EventVenueID":[],"_OrganizerEmail":"","_OrganizerPhone":"","_OrganizerWebsite":"","_VenueAddress":"","_VenueCity":"","_VenueCountry":"","_VenueProvince":"","_VenueState":"","_VenueZip":"","_VenuePhone":"","_VenueURL":"","_VenueStateProvince":"","_VenueLat":"","_VenueLng":"","_VenueShowMap":false,"_VenueShowMapLink":false,"twitterCardType":"","cardImageID":0,"cardImage":"","cardTitle":"","cardDesc":"","cardImageAlt":"","cardPlayer":"","cardPlayerWidth":0,"cardPlayerHeight":0,"cardPlayerStream":"","cardPlayerCodec":"","footnotes":""},"categories":[7],"tags":[21832],"class_list":["post-325827","post","type-post","status-publish","format-standard","has-post-thumbnail","hentry","category-recenze","tag-literarni-kavarna"],"acf":{"related_products":null},"_links":{"self":[{"href":"https:\/\/www.luxor.cz\/blog\/wp-json\/wp\/v2\/posts\/325827","targetHints":{"allow":["GET"]}}],"collection":[{"href":"https:\/\/www.luxor.cz\/blog\/wp-json\/wp\/v2\/posts"}],"about":[{"href":"https:\/\/www.luxor.cz\/blog\/wp-json\/wp\/v2\/types\/post"}],"author":[{"embeddable":true,"href":"https:\/\/www.luxor.cz\/blog\/wp-json\/wp\/v2\/users\/2"}],"replies":[{"embeddable":true,"href":"https:\/\/www.luxor.cz\/blog\/wp-json\/wp\/v2\/comments?post=325827"}],"version-history":[{"count":0,"href":"https:\/\/www.luxor.cz\/blog\/wp-json\/wp\/v2\/posts\/325827\/revisions"}],"wp:featuredmedia":[{"embeddable":true,"href":"https:\/\/www.luxor.cz\/blog\/wp-json\/wp\/v2\/media\/325828"}],"wp:attachment":[{"href":"https:\/\/www.luxor.cz\/blog\/wp-json\/wp\/v2\/media?parent=325827"}],"wp:term":[{"taxonomy":"category","embeddable":true,"href":"https:\/\/www.luxor.cz\/blog\/wp-json\/wp\/v2\/categories?post=325827"},{"taxonomy":"post_tag","embeddable":true,"href":"https:\/\/www.luxor.cz\/blog\/wp-json\/wp\/v2\/tags?post=325827"}],"curies":[{"name":"wp","href":"https:\/\/api.w.org\/{rel}","templated":true}]}}