{"id":325825,"date":"2020-10-03T09:43:57","date_gmt":"2020-10-03T07:43:57","guid":{"rendered":"https:\/\/www.luxor.cz\/blog\/nezarazene\/63102-jedine-dospely-maugli-dokaze-zjistit-kam-zmizela-dospivajici-divka\/"},"modified":"2020-10-03T09:43:57","modified_gmt":"2020-10-03T07:43:57","slug":"63102-jedine-dospely-maugli-dokaze-zjistit-kam-zmizela-dospivajici-divka","status":"publish","type":"post","link":"https:\/\/www.luxor.cz\/blog\/recenze\/63102-jedine-dospely-maugli-dokaze-zjistit-kam-zmizela-dospivajici-divka\/","title":{"rendered":"Jedin\u011b dosp\u011bl\u00fd Maugl\u00ed dok\u00e1\u017ee zjistit, kam zmizela dosp\u00edvaj\u00edc\u00ed d\u00edvka"},"content":{"rendered":"<p>Harlan pat\u0159\u00ed k\u00a0obl\u00edben\u00fdm americk\u00fdm autor\u016fm thriller\u016f, kter\u00e9mu u n\u00e1s vy\u0161lo pom\u011brn\u011b hodn\u011b knih. Jeho nejnov\u011bj\u0161\u00ed rom\u00e1n na n\u00e1s svou anotac\u00ed p\u0159\u00edmo k\u0159i\u010d\u00ed, \u017ee se op\u011bt bude jednat o <strong>nap\u00ednav\u00fd p\u0159\u00edb\u011bh prov\u00e1zan\u00fd\u00a0tajemstv\u00edm z minulosti<\/strong>. Tentokr\u00e1t je tu ale v\u00edce akt\u00e9r\u016f, ne\u017e u autora b\u00fdv\u00e1 zvykem. Ve v\u00fdsledku se to uk\u00e1zalo jako spr\u00e1vn\u00e1 volba. Harlan toti\u017e postavy um\u00ed ps\u00e1t, s\u00a0ka\u017edou si pohraje a rozhodn\u011b z\u00a0nich \u017e\u00e1dn\u00e1 nen\u00ed dokonal\u00e1, ka\u017ed\u00e1 m\u00e1 sv\u00e9 kladn\u00e9 i z\u00e1porn\u00e9 str\u00e1nky.<\/p>\n<p>Wilde je mlad\u00fd mu\u017e, kter\u00fd si \u017eije po sv\u00e9m. A\u010dkoliv se zapojuje do sou\u010dasn\u00e9ho d\u011bn\u00ed, pro ostatn\u00ed z men\u0161\u00edho m\u011bsta Westville<strong> st\u00e1le z\u016fst\u00e1v\u00e1 on\u00edm z\u00e1hadn\u00fdm chlapcem, <\/strong>kter\u00fd se p\u0159ed lety na\u0161el v lese a o jeho\u017e identit\u011b se nena\u0161la jedin\u00e1 stopa. <strong>Wilde si nepamatuje odkud je, kdo byli jeho rodi\u010de a ani nezn\u00e1 sv\u00e9 prav\u00e9 jm\u00e9no. <\/strong>P\u0159esto z\u00edskal vzd\u011bl\u00e1n\u00ed, byl n\u011bkolik let v\u00a0arm\u00e1d\u011b a nyn\u00ed pracuje jako soukrom\u00e9 o\u010dko.<\/p>\n<p><strong>Hester je d\u00e1ma, kter\u00e1 sv\u016fj v\u011bk p\u0159estala po\u010d\u00edtat v \u0161edes\u00e1ti dev\u00edti letech.<\/strong> Na sv\u016fj v\u011bk je velmi vit\u00e1ln\u00ed a st\u00e1le pracuje jako pr\u00e1vni\u010dka. Je pom\u011brn\u011b kr\u00e1tce vdovou, ale v\u00edce ji tr\u00e1p\u00ed p\u0159ed\u010dasn\u00e1 a tragick\u00e1 smrt jej\u00edho syna Davida. Jednoho dne Hester po\u017e\u00e1d\u00e1 jej\u00ed vnuk Matthew o pomoc, proto\u017ee se boj\u00ed o svou spolu\u017ea\u010dku Naomi. Hester se rozhodne po\u017e\u00e1dat o pomoc pr\u00e1v\u011b Wilda.<\/p>\n<p>Chlapec z les\u016f <strong>je mimo\u0159\u00e1dn\u011b zapeklit\u00fd p\u0159\u00edb\u011bh, kde se lid\u00e9 ztr\u00e1cej\u00ed za podivn\u00fdch okolnost\u00ed<\/strong>. Ale mimo to rozv\u00e1d\u00ed i velmi <strong>d\u016fle\u017eit\u00e9 t\u00e9ma \u0161ikany.<\/strong> Naomi je prost\u0161\u00ed d\u00edvka, kter\u00e1 \u017eije u adoptivn\u00edho otce, nezn\u00e1 sv\u00e9 rodi\u010de a je ter\u010dem sv\u00fdch spolu\u017e\u00e1k\u016f. <strong>Bohu\u017eel s t\u00edm nikdo nic ned\u011bl\u00e1<\/strong>, ani u\u010ditel\u00e9, kte\u0159\u00ed si toho jsou v\u011bdomi. Krom\u011b \u0161ikany tu hraje d\u016fle\u017eitou roli i s\u00edla slova a skute\u010dnost, \u017ee ne v\u0161echno mus\u00ed b\u00fdt v\u017edy takov\u00e9, jak d\u016fkazy ukazuj\u00ed.<\/p>\n<p>Kniha je rozd\u011blena na t\u0159i \u010d\u00e1sti, p\u0159esto\u017ee hlavn\u00ed a nejrozs\u00e1hlej\u0161\u00ed jsou pr\u00e1v\u011b prvn\u00ed dv\u011b. <strong>V\u00a0prvn\u00ed \u010d\u00e1sti se rozehr\u00e1v\u00e1 p\u0159\u00edb\u011bh z\u00a0anotace a \u010dten\u00e1\u0159 tak rozhodn\u011b z\u00edsk\u00e1 jistou p\u0159edstavu o tom, co se asi bude d\u00edt<\/strong>. Ov\u0161em nemyslete si, \u017ee budete hned v\u011bd\u011bt, kam Naomi zmizela, nebo zn\u00e1t odpov\u011bdi na dal\u0161\u00ed ot\u00e1zky<strong>. Druh\u00e1 \u010d\u00e1st rozv\u00edj\u00ed d\u011bj v\u00edce do hloubky, ale tak\u00e9 se zam\u011b\u0159uje na dal\u0161\u00ed postavy, kter\u00e9 dost\u00e1vaj\u00ed velk\u00fd prostor<\/strong>. Do pop\u0159ed\u00ed se tak dost\u00e1v\u00e1 zkorumpovan\u00fd politik, co\u017e p\u0159in\u00e1\u0161\u00ed prost\u0159ed\u00ed a t\u00e9ma, kter\u00e9 ne ka\u017ed\u00e9mu mus\u00ed sednout. <strong>Po objasn\u011bn\u00ed t\u011bchto epizod v\u0161e kr\u00e1sn\u011b splyne v\u00a0celistv\u00fd p\u0159\u00edb\u011bh a vy pochop\u00edte, pro\u010d autor lehce uhnul z\u00a0po\u010d\u00e1te\u010dn\u00ed z\u00e1pletky.<\/strong><\/p>\n<p><strong>T\u0159et\u00ed \u010d\u00e1st je velmi kr\u00e1tk\u00e1 a p\u0159in\u00e1\u0161\u00ed z\u00e1v\u011br p\u0159\u00edb\u011bhu<\/strong>, kter\u00fd ale rozhodn\u011b nezodpov\u00ed v\u0161echny ot\u00e1zky. Naopak otev\u00edr\u00e1 spoustu dal\u0161\u00edch mo\u017enost\u00ed a j\u00e1 opravdu nutn\u011b pot\u0159ebuji v\u011bd\u011bt, co se d\u011blo d\u00e1l. Doposud jsem od autora \u010detla t\u0159i knihy. Prvn\u00ed nese n\u00e1zev <strong><em>\u0160est let <\/em><\/strong>a st\u00e1le ji hodnot\u00edm jako jeho nejlep\u0161\u00ed knihu. Ov\u0161em v\u00a0t\u011bsn\u00e9m z\u00e1v\u011bru mu nyn\u00ed stoj\u00ed <strong><em>Chlapec z\u00a0les\u016f. Nenech to b\u00fdt<\/em><\/strong> jsem od Harlana tak\u00e9 \u010detla, ale nezas\u00e1hla m\u011b natolik, jako dv\u011b v\u00fd\u0161e zmi\u0148ovan\u00e9.<\/p>\n<p><strong>Autor\u016fv typick\u00fd americk\u00fd styl psan\u00ed \u017eene \u010dten\u00e1\u0159e k\u00a0rozlousknut\u00ed z\u00e1hady a nut\u00ed ho \u010d\u00edst st\u00e1le dal\u0161\u00ed kapitoly.<\/strong> Harlan sv\u00e9 hlavn\u00ed hrdiny opravdu um\u00ed napsat. Jsou <strong>to odv\u00e1\u017en\u00ed hrdinov\u00e9, kte\u0159\u00ed se n\u011bjak\u00fdm zp\u016fsobem p\u0159ipletou k\u00a0on\u00e9 z\u00e1had\u011b<\/strong>. Jedn\u00e1 se o opravdu skv\u011ble napsan\u00fd thriller, p\u0159esto \u017ee na v\u00e1s na ka\u017ed\u00e9 stran\u011b nec\u00e1k\u00e1 k\u00fdbl krve ani nen\u00ed hlavn\u00edm hrdinou policista \u010di detektiv<strong>. Zkr\u00e1tka thriller jak m\u00e1 b\u00fdt.<\/strong>\u00a0 Rozhodn\u011b <strong>velk\u00e9 doporu\u010den\u00ed \u017eensk\u00e9mu publiku<\/strong>, proto\u017ee se sice jedn\u00e1 o nap\u00ednav\u00fd p\u0159\u00edb\u011bh, ale nese v sob\u011b zaj\u00edmav\u00e9 hrdiny, vztahy a je\u0161t\u011b zaj\u00edmav\u011bj\u0161\u00ed tajemstv\u00ed.<\/p>\n<p>Kniha m\u00e1 pom\u011brn\u011b kr\u00e1tk\u00e9 kapitoly, co\u017e \u010din\u00ed knihu \u010dtiv\u011bj\u0161\u00ed. Harlan nikde <strong>d\u011bj p\u0159\u00edli\u0161 neprotahuje a v\u0161e n\u011bkam sm\u011b\u0159uje.<\/strong> Chv\u00edli se zd\u00e1, \u017ee mixov\u00e1n\u00ed r\u016fzn\u00fdch t\u00e9mat k\u00a0sob\u011b p\u0159\u00edli\u0161 nepasuje, ale opak je pravdou. Coben si v\u0161echno kr\u00e1sn\u011b promyslel a \u010dten\u00e1\u0159i naserv\u00edroval na st\u0159\u00edbrn\u00e9m podnose skv\u011bl\u00fd thriller.<\/p>\n<p>Douf\u00e1m, \u017ee se do\u010dk\u00e1me dal\u0161\u00edch Wildov\u00fdch osud\u016f, proto\u017ee nemohu tento p\u0159\u00edb\u011bh dostat z hlavy. Na <strong><em>Chlapce z\u00a0les\u016f<\/em><\/strong> m\u00e1m spoustu nezodpov\u011bzen\u00fdch ot\u00e1zek.<\/p>\n<p>Sabina Novotn\u00e1<\/p>\n<p>Autor:\u00a0Sabina Novotn\u00e1<\/p>\n","protected":false},"excerpt":{"rendered":"<p>Obl\u00edben\u00fd americk\u00fd spisovatel Harlan Coben p\u0159ich\u00e1z\u00ed s\u00a0novou knihou, jeho\u017e \u00fast\u0159edn\u00edm hrdinou je mu\u017e, kter\u00fd jako d\u00edt\u011b \u017eil v\u00a0les\u00edch.<\/p>\n","protected":false},"author":2,"featured_media":325826,"comment_status":"open","ping_status":"open","sticky":false,"template":"","format":"standard","meta":{"_acf_changed":false,"_monsterinsights_skip_tracking":false,"_monsterinsights_sitenote_active":false,"_monsterinsights_sitenote_note":"","_monsterinsights_sitenote_category":0,"_EventAllDay":false,"_EventTimezone":"","_EventStartDate":"","_EventEndDate":"","_EventStartDateUTC":"","_EventEndDateUTC":"","_EventShowMap":false,"_EventShowMapLink":false,"_EventURL":"","_EventCost":"","_EventCostDescription":"","_EventCurrencySymbol":"","_EventCurrencyCode":"","_EventCurrencyPosition":"","_EventDateTimeSeparator":"","_EventTimeRangeSeparator":"","_EventOrganizerID":[],"_EventVenueID":[],"_OrganizerEmail":"","_OrganizerPhone":"","_OrganizerWebsite":"","_VenueAddress":"","_VenueCity":"","_VenueCountry":"","_VenueProvince":"","_VenueState":"","_VenueZip":"","_VenuePhone":"","_VenueURL":"","_VenueStateProvince":"","_VenueLat":"","_VenueLng":"","_VenueShowMap":false,"_VenueShowMapLink":false,"twitterCardType":"","cardImageID":0,"cardImage":"","cardTitle":"","cardDesc":"","cardImageAlt":"","cardPlayer":"","cardPlayerWidth":0,"cardPlayerHeight":0,"cardPlayerStream":"","cardPlayerCodec":"","footnotes":""},"categories":[7],"tags":[21832],"class_list":["post-325825","post","type-post","status-publish","format-standard","has-post-thumbnail","hentry","category-recenze","tag-literarni-kavarna"],"acf":{"related_products":null},"_links":{"self":[{"href":"https:\/\/www.luxor.cz\/blog\/wp-json\/wp\/v2\/posts\/325825","targetHints":{"allow":["GET"]}}],"collection":[{"href":"https:\/\/www.luxor.cz\/blog\/wp-json\/wp\/v2\/posts"}],"about":[{"href":"https:\/\/www.luxor.cz\/blog\/wp-json\/wp\/v2\/types\/post"}],"author":[{"embeddable":true,"href":"https:\/\/www.luxor.cz\/blog\/wp-json\/wp\/v2\/users\/2"}],"replies":[{"embeddable":true,"href":"https:\/\/www.luxor.cz\/blog\/wp-json\/wp\/v2\/comments?post=325825"}],"version-history":[{"count":0,"href":"https:\/\/www.luxor.cz\/blog\/wp-json\/wp\/v2\/posts\/325825\/revisions"}],"wp:featuredmedia":[{"embeddable":true,"href":"https:\/\/www.luxor.cz\/blog\/wp-json\/wp\/v2\/media\/325826"}],"wp:attachment":[{"href":"https:\/\/www.luxor.cz\/blog\/wp-json\/wp\/v2\/media?parent=325825"}],"wp:term":[{"taxonomy":"category","embeddable":true,"href":"https:\/\/www.luxor.cz\/blog\/wp-json\/wp\/v2\/categories?post=325825"},{"taxonomy":"post_tag","embeddable":true,"href":"https:\/\/www.luxor.cz\/blog\/wp-json\/wp\/v2\/tags?post=325825"}],"curies":[{"name":"wp","href":"https:\/\/api.w.org\/{rel}","templated":true}]}}