{"id":325815,"date":"2020-10-29T18:57:54","date_gmt":"2020-10-29T17:57:54","guid":{"rendered":"https:\/\/www.luxor.cz\/blog\/nezarazene\/63111-verit-znamena-zit\/"},"modified":"2020-10-29T18:57:54","modified_gmt":"2020-10-29T17:57:54","slug":"63111-verit-znamena-zit","status":"publish","type":"post","link":"https:\/\/www.luxor.cz\/blog\/recenze\/63111-verit-znamena-zit\/","title":{"rendered":"V\u011b\u0159it znamen\u00e1 \u017e\u00edt"},"content":{"rendered":"<p><strong>Na sv\u011bt\u011b \u017eijeme ka\u017ed\u00fd jinak<\/strong> je d\u00edlem z\u00a0pera francouzsk\u00e9ho autora Jeana-Paula Duboise, kter\u00e9ho \u010de\u0161t\u00ed \u010dten\u00e1\u0159i mohou zn\u00e1t nap\u0159\u00edklad u\u017e d\u00edky knize <strong>\u017divot po francouzsku<\/strong> (2006). Jeho nov\u00e1 kniha, <strong>Na sv\u011bt\u011b \u017eijeme ka\u017ed\u00fd jinak<\/strong>, z\u00edskala v\u00a0roce 2019 presti\u017en\u00ed ocen\u011bn\u00ed <strong>Goncourtova cena<\/strong>, a proto m\u016f\u017ee v\u00a0nejednom \u010dten\u00e1\u0159i opr\u00e1vn\u011bn\u011b vyvolat vysok\u00e1 o\u010dek\u00e1v\u00e1n\u00ed.<\/p>\n<p><strong>Paul<\/strong>, jen\u017e je v\u00a0knize nejen hlavn\u00edm hrdinou, ale i vyprav\u011b\u010dem, je na prvn\u00ed pohled \u00fapln\u011b oby\u010dejn\u00fd mu\u017e. Je ale t\u0159eba \u0159\u00edci, \u017ee jeho \u017eivot byl vlastn\u011b v\u00edce ne\u017e neoby\u010dejn\u00fd. Paul\u016fv otec byl d\u00e1nsk\u00fd pastor a jeho maminka zase provozovala um\u011bleck\u00e9 kino ve Francii. U\u017e dle toho je ur\u010dit\u011b patrn\u00e9, jak moc odli\u0161n\u00ed od sebe jeho rodi\u010de byli. I p\u0159es to v\u00a0sob\u011b ale na\u0161li zal\u00edben\u00ed a z\u00a0jejich l\u00e1sky vznikl mal\u00fd Paul Christian Frederic Hansen.<\/p>\n<p><em>Narodil jsem se v\u00a0Toulouse 20. \u00danora 1955, kolem des\u00e1t\u00e9 ve\u010der na klinice Teinturies. V\u00a0pokoji, kter\u00fd mi p\u0159id\u011blili, se dva lid\u00e9, kter\u00e9 jsem nikdy p\u0159ed t\u00edm nevid\u011bl, d\u00edvaj\u00ed, jak sp\u00edm. Mlad\u00e1 \u017eena, kter\u00e1 le\u017e\u00ed vedle m\u011b a vypad\u00e1, jako by se vr\u00e1tila z\u00a0n\u011bjak\u00e9ho ve\u010d\u00edrku, neoby\u010dejn\u011b kr\u00e1sn\u00e1, usm\u011bvav\u00e1, vzdor porodn\u00edm bolestem uvoln\u011bn\u00e1, je Anna Margeritov\u00e1, moje matka. Je j\u00ed dvacet p\u011bt let. Mu\u017e, kter\u00fd sed\u00ed vedle n\u00ed a sna\u017e\u00ed se p\u0159\u00edli\u0161 nezat\u00ed\u017eit kraj postele, a o n\u011bm\u017e lze tu\u0161it, \u017ee je vysok\u00e9ho vzr\u016fstu, se sv\u011btl\u00fdmi vlasy a pr\u016fzra\u010dn\u011b modr\u00fdma o\u010dima vyza\u0159uj\u00edc\u00edma laskavost a n\u011bhu, je Johanes Hansen, m\u016fj otec.<\/em><\/p>\n<p>Bylo to ale pr\u00e1v\u011b toto prost\u0159ed\u00ed, kter\u00e9 mu pozd\u011bji pomohlo nahl\u00ed\u017eet na v\u011bci z\u00a0r\u016fzn\u00fdch \u00fahl\u016f a udr\u017eet si nad\u011bji a v\u00edru i v\u00a0nelehk\u00fdch \u017eivotn\u00edch okam\u017eic\u00edch.<\/p>\n<p>Tento rom\u00e1n n\u00e1m zprost\u0159edkov\u00e1v\u00e1 otev\u0159en\u00fd a optimistick\u00fd vhled do \u017eivota rodiny hlavn\u00edho hrdiny a tak\u00e9 do nitra hrdiny samotn\u00e9ho. Prost\u0159ednictv\u00edm jeho vypr\u00e1v\u011bn\u00ed se setk\u00e1v\u00e1me s\u00a0nejr\u016fzn\u011bj\u0161\u00edmi lidmi a prost\u0159ed\u00edmi, kter\u00e9 ovlivnili jeho \u017eivot. Pro\u017e\u00edv\u00e1me s\u00a0n\u00edm jeho d\u011btstv\u00ed ve Francii, n\u00e1vrat ke ko\u0159en\u016fm v D\u00e1nsku, ale i novou \u017eivotn\u00ed etapu v\u00a0Kanad\u011b, kter\u00e1 byla pro m\u011b jako pro \u010dten\u00e1\u0159e p\u0159elomem, kdy se z\u00a0chlapce stal mu\u017e.<\/p>\n<p>Po celou dobu vypr\u00e1v\u011bn\u00ed o Paulov\u011b \u017eivot\u011b n\u00e1m do d\u011bje vstupuj\u00ed obr\u00e1zky ze sou\u010dasnosti, kter\u00e9 mus\u00ed nadchnout ka\u017ed\u00e9ho se smyslem pro humor. V\u00a0t\u011bchto okam\u017eic\u00edch se toti\u017e dozv\u00edd\u00e1me, \u017ee Paul se ocitl ve v\u011bzen\u00ed, kde je ve velmi zaj\u00edmav\u00e9 spole\u010dnosti. Partnera pro pobyt tam mu d\u011bl\u00e1 spoluv\u011bze\u0148 <strong>Patrik<\/strong>, kter\u00fd je na rozd\u00edl od Paula zt\u011blesn\u011bn\u00edm p\u0159\u00edmo\u010darosti, a to ne v\u017edy v\u00a0tom nejlep\u0161\u00edm slova smyslu.<\/p>\n<p>Jak u\u017e to tak b\u00fdv\u00e1, ve v\u011bzen\u00ed \u010dlov\u011bk prost\u011b nem\u00e1 soukrom\u00ed, a tud\u00ed\u017e jsme sv\u011bdky v\u0161ech Patrikov\u00fdch my\u0161lenkov\u00fdch pochod\u016f, ale i t\u011blesn\u00fdch projev\u016f, na kter\u00e9 si Paul cel\u00fd sv\u016fj pobyt ve v\u011bzen\u00ed sna\u017e\u00ed zvyknout, ale asi nikdy nezvykne. Naopak Patrikovi nic z\u00a0toho ned\u011bl\u00e1 probl\u00e9m a se sv\u00fdm spoluv\u011bzn\u011bm se bez ostychu d\u011bl\u00ed opravdu o v\u0161e.<\/p>\n<p>Jean-Paul Dubois n\u00e1m v\u00a0knize <strong>Na sv\u011bt\u011b \u017eijeme ka\u017ed\u00fd jinak<\/strong> p\u0159edstavil hrdinu, kter\u00fd by si r\u00e1d \u017eil poklidn\u00fdm \u017eivotem, ale v\u017edy se najde n\u011bco, co mus\u00ed p\u0159ekonat. Bylo \u00fa\u017easn\u00e9 sledovat, jak je schopen po ka\u017ed\u00e9m p\u00e1du znovu vst\u00e1t, vzty\u010dit hlavu a s\u00a0humorem p\u0159ekro\u010dit v\u00fdmol, o kter\u00fd zakopnul. Jeho touha \u017e\u00edt a v\u011b\u0159it v\u00a0lep\u0161\u00ed z\u00edt\u0159ky, neztr\u00e1cet humor a prost\u011b j\u00edt d\u00e1l s\u00a0lehkost\u00ed jemu vlastn\u00ed byla velmi povzbudiv\u00fdm a p\u0159\u00edjemn\u00fdm \u010dten\u00edm, kter\u00e9 se o to v\u00edc hod\u00ed do dne\u0161n\u00ed bl\u00e1zniv\u00e9 doby. Jean-Paul Dubois v\u00e1s dok\u00e1\u017ee dojmout i pobavit s\u00a0t\u00e9m\u011b\u0159 nepost\u0159ehnutelnou d\u00e1vkou ironie a p\u0159\u00edjemnou vyprav\u011b\u010dskou lehkost\u00ed, kter\u00e1 v\u00e1s a\u017e donut\u00ed nechat v\u011bci prost\u011b plynout.<\/p>\n<p>Kristina Heklov\u00e1<\/p>\n<p>\u00a0<\/p>\n<p>Autor:\u00a0Kristina Heklov\u00e1<\/p>\n","protected":false},"excerpt":{"rendered":"<p>\u017divot m\u00e1me jen jeden, a proto bychom si ho m\u011bli u\u017e\u00edvat, co nejv\u00edce to jde. Ov\u0161em \u017e\u00e1dn\u00e1 cesta se neobejde bez v\u00fdmol\u016f. Pak u\u017e je jen na n\u00e1s, zda po p\u00e1du z\u016fstaneme le\u017eet, nebo se zvedneme a p\u016fjdeme d\u00e1l.<\/p>\n","protected":false},"author":2,"featured_media":325816,"comment_status":"open","ping_status":"open","sticky":false,"template":"","format":"standard","meta":{"_acf_changed":false,"_monsterinsights_skip_tracking":false,"_monsterinsights_sitenote_active":false,"_monsterinsights_sitenote_note":"","_monsterinsights_sitenote_category":0,"_EventAllDay":false,"_EventTimezone":"","_EventStartDate":"","_EventEndDate":"","_EventStartDateUTC":"","_EventEndDateUTC":"","_EventShowMap":false,"_EventShowMapLink":false,"_EventURL":"","_EventCost":"","_EventCostDescription":"","_EventCurrencySymbol":"","_EventCurrencyCode":"","_EventCurrencyPosition":"","_EventDateTimeSeparator":"","_EventTimeRangeSeparator":"","_EventOrganizerID":[],"_EventVenueID":[],"_OrganizerEmail":"","_OrganizerPhone":"","_OrganizerWebsite":"","_VenueAddress":"","_VenueCity":"","_VenueCountry":"","_VenueProvince":"","_VenueState":"","_VenueZip":"","_VenuePhone":"","_VenueURL":"","_VenueStateProvince":"","_VenueLat":"","_VenueLng":"","_VenueShowMap":false,"_VenueShowMapLink":false,"twitterCardType":"","cardImageID":0,"cardImage":"","cardTitle":"","cardDesc":"","cardImageAlt":"","cardPlayer":"","cardPlayerWidth":0,"cardPlayerHeight":0,"cardPlayerStream":"","cardPlayerCodec":"","footnotes":""},"categories":[7],"tags":[21832],"class_list":["post-325815","post","type-post","status-publish","format-standard","has-post-thumbnail","hentry","category-recenze","tag-literarni-kavarna"],"acf":{"related_products":null},"_links":{"self":[{"href":"https:\/\/www.luxor.cz\/blog\/wp-json\/wp\/v2\/posts\/325815","targetHints":{"allow":["GET"]}}],"collection":[{"href":"https:\/\/www.luxor.cz\/blog\/wp-json\/wp\/v2\/posts"}],"about":[{"href":"https:\/\/www.luxor.cz\/blog\/wp-json\/wp\/v2\/types\/post"}],"author":[{"embeddable":true,"href":"https:\/\/www.luxor.cz\/blog\/wp-json\/wp\/v2\/users\/2"}],"replies":[{"embeddable":true,"href":"https:\/\/www.luxor.cz\/blog\/wp-json\/wp\/v2\/comments?post=325815"}],"version-history":[{"count":0,"href":"https:\/\/www.luxor.cz\/blog\/wp-json\/wp\/v2\/posts\/325815\/revisions"}],"wp:featuredmedia":[{"embeddable":true,"href":"https:\/\/www.luxor.cz\/blog\/wp-json\/wp\/v2\/media\/325816"}],"wp:attachment":[{"href":"https:\/\/www.luxor.cz\/blog\/wp-json\/wp\/v2\/media?parent=325815"}],"wp:term":[{"taxonomy":"category","embeddable":true,"href":"https:\/\/www.luxor.cz\/blog\/wp-json\/wp\/v2\/categories?post=325815"},{"taxonomy":"post_tag","embeddable":true,"href":"https:\/\/www.luxor.cz\/blog\/wp-json\/wp\/v2\/tags?post=325815"}],"curies":[{"name":"wp","href":"https:\/\/api.w.org\/{rel}","templated":true}]}}