{"id":325813,"date":"2020-11-01T11:08:05","date_gmt":"2020-11-01T10:08:05","guid":{"rendered":"https:\/\/www.luxor.cz\/blog\/nezarazene\/63112-pracovni-sesit-matematika-hrou-v-lesni-zemi\/"},"modified":"2020-11-01T11:08:05","modified_gmt":"2020-11-01T10:08:05","slug":"63112-pracovni-sesit-matematika-hrou-v-lesni-zemi","status":"publish","type":"post","link":"https:\/\/www.luxor.cz\/blog\/recenze\/63112-pracovni-sesit-matematika-hrou-v-lesni-zemi\/","title":{"rendered":"Pracovn\u00ed se\u0161it Matematika hrou \u2013 v lesn\u00ed zemi"},"content":{"rendered":"<p>Tento cvi\u010dn\u00fd se\u0161it jsem si vybrala proto, \u017ee m\u00e1m podobn\u00e9 tiskoviny r\u00e1da a p\u0159ijdou mi velmi praktick\u00e9. S d\u011btmi se r\u00e1da u\u010d\u00edm, p\u00ed\u0161i, kresl\u00edm a tvo\u0159\u00edm. D\u011blala jsem to p\u0159ed karant\u00e9nou, p\u0159i n\u00ed i po n\u00ed. Na tom se nic nezm\u011bnilo a nezm\u011bn\u00ed, ale pro lidi, kte\u0159\u00ed to tak ned\u011blali je tahle doba vhodn\u00e1 k tomu s t\u00edm za\u010d\u00edt.<\/p>\n<p>Te\u010f m\u00e1m dceru v prvn\u00ed t\u0159\u00edd\u011b, tak\u017ee tohle je se\u0161it p\u0159\u00edmo pro ni. Moc se mi l\u00edb\u00ed jeho vzhled, zvolen\u00e1 paleta barev, mil\u00e9 ilustrace a snaha o z\u00e1bavn\u00e9 \u00falohy. Mimo \u00falohy samotn\u00e9 obsahuje se\u0161it na konci \u0159adu samolepek, kter\u00e9 b\u011bhem \u0159e\u0161en\u00ed \u00faloh m\u016f\u017eete vyu\u017e\u00edt. Velmi m\u011b pot\u011b\u0161ilo, \u017ee u\u017e na dotek \u0161lo o kvalitn\u00ed zpracov\u00e1n\u00ed a se\u0161it tvo\u0159\u00ed kvalitn\u00ed pap\u00edr.<\/p>\n<p>Barevnost je, jak u\u017e n\u00e1zev uv\u00e1d\u00ed, takov\u00e1 lesn\u00ed, p\u0159\u00edrodn\u00ed, zemit\u00e1. Najdete tu kombinace hn\u011bd\u00fdch a\u017e b\u00e9\u017eov\u00fdch t\u00f3n\u016f, r\u016fzn\u00e9 zelen\u00e9 a oran\u017eov\u00e9. P\u016fsob\u00ed to p\u0159\u00edjemn\u011b.<\/p>\n<p>Na za\u010d\u00e1tku se sezn\u00e1m\u00edme s lesn\u00ed vesnic\u00ed, kterou n\u00e1s bude prov\u00e1zet sova, je\u017e si hned zkraje se\u0161itu m\u016f\u017ee d\u00edt\u011b obkreslit a vybarvit. Pak d\u00edt\u011b (a rodi\u010de) \u010dek\u00e1 cel\u00e1 \u0159ada rozmanit\u00fdch \u00faloh, nap\u0159\u00edklad hled\u00e1n\u00ed \u010d\u00edslic ve vesnici, po\u010d\u00edt\u00e1n\u00ed kv\u011btin, strom\u016f, hub a dal\u0161\u00edho, spojov\u00e1n\u00ed, vybarvov\u00e1n\u00ed a dokonce vyr\u00e1b\u011bn\u00ed (nap\u0159\u00edklad kuli\u010dkov\u00e9ho po\u010d\u00edtadla). M\u00edsty je se\u0161it dopln\u011bn\u00fd textem, kter\u00fd pov\u00edd\u00e1 o lesn\u00ed vesnici, \u017eivot\u011b v n\u00ed a uvede do dal\u0161\u00ed \u010d\u00e1sti s \u00falohami.<\/p>\n<p>D\u00edt\u011b si procvi\u010d\u00ed nejen po\u010d\u00edt\u00e1n\u00ed jako takov\u00e9, ale tak\u00e9 logick\u00e9 my\u0161len\u00ed (nap\u0159\u00edklad Moje \u010depice m\u00e1 bambuli a nem\u00e1 nejv\u011bt\u0161\u00ed \u010d\u00edslo, \u010d\u00edslo na m\u00e9 \u010depici je men\u0161\u00ed ne\u017e 20, a tak podobn\u011b) a ruku (dopi\u0161, vybarvi, dolep\u2026). Doporu\u010duji proch\u00e1zet se\u0161it pomalu a postupn\u011b, v\u017edy vyu\u017e\u00edt n\u011bjak\u00fd krat\u0161\u00ed \u010das, kdy se d\u00edt\u011b dob\u0159e soust\u0159ed\u00ed a proch\u00e1zet s n\u00edm se\u0161it kousek po kousku.<\/p>\n<p>Barbora Cirklov\u00e1<\/p>\n<p>Autor:\u00a0Barbora Cirklov\u00e1<\/p>\n","protected":false},"excerpt":{"rendered":"<p>Tak a jsme zase se \u0161kol\u00e1ky doma. Ale to je vlastn\u011b v\u00fdborn\u00e1 p\u0159\u00edle\u017eitost k tomu v\u00e1m p\u0159edstavit pracovn\u00ed se\u0161it s n\u00e1zvem Matematika hrou &#8211; v lesn\u00ed zemi. Je ur\u010den\u00fd pro 1. \u2013 2. t\u0159\u00eddu a pom\u00e1h\u00e1 d\u011btem s r\u016fzn\u00fdmi matematick\u00fdmi \u00falohami.<\/p>\n","protected":false},"author":2,"featured_media":325814,"comment_status":"open","ping_status":"open","sticky":false,"template":"","format":"standard","meta":{"_acf_changed":false,"_monsterinsights_skip_tracking":false,"_monsterinsights_sitenote_active":false,"_monsterinsights_sitenote_note":"","_monsterinsights_sitenote_category":0,"_EventAllDay":false,"_EventTimezone":"","_EventStartDate":"","_EventEndDate":"","_EventStartDateUTC":"","_EventEndDateUTC":"","_EventShowMap":false,"_EventShowMapLink":false,"_EventURL":"","_EventCost":"","_EventCostDescription":"","_EventCurrencySymbol":"","_EventCurrencyCode":"","_EventCurrencyPosition":"","_EventDateTimeSeparator":"","_EventTimeRangeSeparator":"","_EventOrganizerID":[],"_EventVenueID":[],"_OrganizerEmail":"","_OrganizerPhone":"","_OrganizerWebsite":"","_VenueAddress":"","_VenueCity":"","_VenueCountry":"","_VenueProvince":"","_VenueState":"","_VenueZip":"","_VenuePhone":"","_VenueURL":"","_VenueStateProvince":"","_VenueLat":"","_VenueLng":"","_VenueShowMap":false,"_VenueShowMapLink":false,"twitterCardType":"","cardImageID":0,"cardImage":"","cardTitle":"","cardDesc":"","cardImageAlt":"","cardPlayer":"","cardPlayerWidth":0,"cardPlayerHeight":0,"cardPlayerStream":"","cardPlayerCodec":"","footnotes":""},"categories":[7],"tags":[21832],"class_list":["post-325813","post","type-post","status-publish","format-standard","has-post-thumbnail","hentry","category-recenze","tag-literarni-kavarna"],"acf":{"related_products":null},"_links":{"self":[{"href":"https:\/\/www.luxor.cz\/blog\/wp-json\/wp\/v2\/posts\/325813","targetHints":{"allow":["GET"]}}],"collection":[{"href":"https:\/\/www.luxor.cz\/blog\/wp-json\/wp\/v2\/posts"}],"about":[{"href":"https:\/\/www.luxor.cz\/blog\/wp-json\/wp\/v2\/types\/post"}],"author":[{"embeddable":true,"href":"https:\/\/www.luxor.cz\/blog\/wp-json\/wp\/v2\/users\/2"}],"replies":[{"embeddable":true,"href":"https:\/\/www.luxor.cz\/blog\/wp-json\/wp\/v2\/comments?post=325813"}],"version-history":[{"count":0,"href":"https:\/\/www.luxor.cz\/blog\/wp-json\/wp\/v2\/posts\/325813\/revisions"}],"wp:featuredmedia":[{"embeddable":true,"href":"https:\/\/www.luxor.cz\/blog\/wp-json\/wp\/v2\/media\/325814"}],"wp:attachment":[{"href":"https:\/\/www.luxor.cz\/blog\/wp-json\/wp\/v2\/media?parent=325813"}],"wp:term":[{"taxonomy":"category","embeddable":true,"href":"https:\/\/www.luxor.cz\/blog\/wp-json\/wp\/v2\/categories?post=325813"},{"taxonomy":"post_tag","embeddable":true,"href":"https:\/\/www.luxor.cz\/blog\/wp-json\/wp\/v2\/tags?post=325813"}],"curies":[{"name":"wp","href":"https:\/\/api.w.org\/{rel}","templated":true}]}}