{"id":325799,"date":"2020-11-28T16:15:27","date_gmt":"2020-11-28T15:15:27","guid":{"rendered":"https:\/\/www.luxor.cz\/blog\/nezarazene\/63124-oddechova-young-adult-pro-chvile-pohody\/"},"modified":"2020-11-28T16:15:27","modified_gmt":"2020-11-28T15:15:27","slug":"63124-oddechova-young-adult-pro-chvile-pohody","status":"publish","type":"post","link":"https:\/\/www.luxor.cz\/blog\/recenze\/63124-oddechova-young-adult-pro-chvile-pohody\/","title":{"rendered":"Oddechov\u00e1 young adult pro chv\u00edle pohody!"},"content":{"rendered":"<p>Chyb\u00ed v\u00e1m p\u0159\u00e1tel\u00e9, proto\u017ee \u0161koly a v\u0161echno, co v\u00e1s t\u011b\u0161ilo i tak trochu \u0161tvalo, je uzav\u0159en\u00e9 a nezb\u00fdv\u00e1, ne\u017e tvrdnout doma? Tak pr\u00e1v\u011b pro v\u00e1s je kni\u017en\u00ed novinka, kter\u00e1 se t\u00fdk\u00e1 zm\u011bn v\u00a0\u017eivot\u011b, v p\u0159\u00e1telstv\u00ed a v l\u00e1sce.<\/p>\n<p>Amber je osmn\u00e1ctilet\u00e1 d\u00edvka, kter\u00e1 je v\u00a0posledn\u00edm ro\u010dn\u00edku st\u0159edn\u00ed \u0161koly a moc se t\u011b\u0161\u00ed na vysokou, kterou j\u00ed v\u0161ak matka pln\u011b neschvaluje. Se svou matkou toti\u017e Amber zrovna nevych\u00e1z\u00ed, proto\u017ee od t\u00e9 doby, co od nich v\u00a0p\u011bti letech ode\u0161el otec, se u nich st\u0159\u00eddaj\u00ed mu\u017ei. V\u00a0prologu zjist\u00edte, \u017ee po odchodu str\u00fd\u010dka si Amber sep\u00ed\u0161e seznam pravidel, podle kter\u00fdch se rozhodn\u011b hodl\u00e1 \u0159\u00eddit a tak\u00e9 se jimi o dva roky pozd\u011bji \u0159\u00edd\u00ed. To u\u017e m\u00e1 Ambe\u0159ina maminka nov\u00e9ho partnera a tentokr\u00e1t se st\u011bhuj\u00ed k\u00a0n\u011bmu. Amber se do vybalov\u00e1n\u00ed v\u016fbec ne\u017eene. Kdov\u00ed, jak dlouho tenhle nov\u00fd vztah vydr\u017e\u00ed, \u017ee ano. Nav\u00edc se nechce up\u00ednat na n\u011bco, co je vlastn\u011b kr\u00e1tkodob\u00e9 a jen by j\u00ed to mohlo zlomit srdce. Bezpe\u010dn\u00fdm bodem jej\u00edho \u017eivota se tak st\u00e1v\u00e1 Buffy, fenka vl\u010d\u00e1ka, kterou na\u0161la p\u0159iv\u00e1zanou p\u0159ed zverimexem a od t\u00e9 chv\u00edle vlastn\u00ed nejen \u00fa\u017easn\u00e9ho psa, ale tak\u00e9 v\u00a0dan\u00e9m kr\u00e1mku pracuje a vede v\u00fdcvik ps\u016f. Jste-li pejskomilov\u00e9, pak v\u00e1s Ambe\u0159in vztah ke zv\u00ed\u0159at\u016fm rozhodn\u011b pot\u011b\u0161\u00ed.<\/p>\n<p>Dal\u0161\u00edm t\u00e9matem, o kter\u00e9 se autorka op\u00edr\u00e1, je pr\u00e1v\u011b zm\u011bna partner\u016f ze strany matky a zvyk\u00e1n\u00ed na nov\u00fd domov. P\u0159ijet\u00ed skute\u010dnosti, \u017ee se mus\u00ed sm\u00ed\u0159it s\u00a0nov\u00fdm bydli\u0161t\u011bm i str\u00fdcem Kevinem, kter\u00fd m\u00e1 o rok mlad\u0161\u00ed dceru ne\u017e je Amber. Najdou si k\u00a0sob\u011b ty dv\u011b cestu? Nav\u00edc Camille m\u00e1 jako nejlep\u0161\u00edho kamar\u00e1da kluka, kter\u00fd je v\u00e1\u017en\u011b \u00fa\u017easn\u00fd.<\/p>\n<p>Shodou okolnost\u00ed se Jordan a Amber sezn\u00e1m\u00ed a nastupuje mil\u00e9, k\u00fd\u017een\u00e9 p\u0159\u00e1telstv\u00ed, kter\u00e9 je velmi hezky rozepsan\u00e9 a p\u0159edstaven\u00e9. Nav\u00edc nebude v\u00a0tom p\u0159\u00e1telstv\u00ed p\u0159ece jen trochu v\u00edc? Pokud ano, tak o\u010dek\u00e1vejte h\u0159ejivost ve stylu young adult a tud\u00ed\u017e nic nevhodn\u00e9ho, co by zkazilo p\u0159\u00edjemnou atmosf\u00e9ru.<\/p>\n<p>Pravidla se maj\u00ed poru\u0161ovat je kniha vhodn\u00e1 k\u00a0relaxaci. T\u00e9maty v\u00e1s p\u0159\u00edli\u0161 nezat\u011b\u017euje, a p\u0159esto v\u00e1m zobrazuje, jak se v\u0161e re\u00e1ln\u011b m\u016f\u017ee odehr\u00e1t a \u017ee nen\u00ed jednoduch\u00e9 neust\u00e1le si zvykat na nov\u00e9 \u010dleny dom\u00e1cnosti, kdy\u017e se v\u00e1\u0161 rodi\u010d nem\u016f\u017ee nebo nechce \u0159\u00e1dn\u011b usadit. Knihou v\u00e1s prov\u00e1z\u00ed sympatick\u00e1 hrdinka Amber, kter\u00e1 p\u016fsob\u00ed dosp\u011bl\u00fdm dojmem a tak v\u00e1s ne\u010dekaj\u00ed \u017e\u00e1dn\u00e9 hysterick\u00e9 v\u00fdst\u0159elky. Ba naopak, Amber se v\u017edy sna\u017e\u00ed probl\u00e9m\u016fm vyvarovat, je to pohod\u00e1\u0159ka, kter\u00e1 dok\u00e1\u017ee b\u00fdt z\u00e1bavn\u00e1 a mil\u00e1.<\/p>\n<p>Tou\u017e\u00edte-li po n\u011b\u010dem hlub\u0161\u00edm, tohle ur\u010dit\u011b nen\u00ed titul pro v\u00e1s. V\u00a0tomto p\u0159\u00edpad\u011b je pot\u0159eba se uvolnit a u\u017e\u00edt si dynamick\u00e9 \u010dten\u00ed a odpo\u010dinek, kter\u00fd nab\u00edz\u00ed. J\u00e1 jsem tuhle jednohubku p\u0159e\u010detla za p\u00e1r hodin. Bavila m\u011b, byla svi\u017en\u00e1 a z\u00e1bavn\u00e1. Dok\u00e1zala v\u00a0pochmurn\u00fdch \u010dasech zah\u0159\u00e1t i pobavit a v\u011b\u0159\u00edm, \u017ee v\u00e1m poskytne to sam\u00e9. U\u017eijte si \u010dten\u00ed!<\/p>\n<p>Ivona \u0160ab\u00edkov\u00e1<\/p>\n<p>Autor:\u00a0Ivona \u0160ab\u00edkov\u00e1<\/p>\n","protected":false},"excerpt":{"rendered":"<p>Pravidla se maj\u00ed poru\u0161ovat jsou nov\u00fdm po\u010dinem nakladatelstv\u00ed Yoli, kter\u00e9 pro n\u00e1s v\u017edy chyst\u00e1 tvorbu v \u017e\u00e1nru young adult. Tentokr\u00e1t d\u00edlo nadchne p\u0159edev\u0161\u00edm c\u00edlov\u00e9 \u010dten\u00e1\u0159ky.<\/p>\n","protected":false},"author":2,"featured_media":325800,"comment_status":"open","ping_status":"open","sticky":false,"template":"","format":"standard","meta":{"_acf_changed":false,"_monsterinsights_skip_tracking":false,"_monsterinsights_sitenote_active":false,"_monsterinsights_sitenote_note":"","_monsterinsights_sitenote_category":0,"_EventAllDay":false,"_EventTimezone":"","_EventStartDate":"","_EventEndDate":"","_EventStartDateUTC":"","_EventEndDateUTC":"","_EventShowMap":false,"_EventShowMapLink":false,"_EventURL":"","_EventCost":"","_EventCostDescription":"","_EventCurrencySymbol":"","_EventCurrencyCode":"","_EventCurrencyPosition":"","_EventDateTimeSeparator":"","_EventTimeRangeSeparator":"","_EventOrganizerID":[],"_EventVenueID":[],"_OrganizerEmail":"","_OrganizerPhone":"","_OrganizerWebsite":"","_VenueAddress":"","_VenueCity":"","_VenueCountry":"","_VenueProvince":"","_VenueState":"","_VenueZip":"","_VenuePhone":"","_VenueURL":"","_VenueStateProvince":"","_VenueLat":"","_VenueLng":"","_VenueShowMap":false,"_VenueShowMapLink":false,"twitterCardType":"","cardImageID":0,"cardImage":"","cardTitle":"","cardDesc":"","cardImageAlt":"","cardPlayer":"","cardPlayerWidth":0,"cardPlayerHeight":0,"cardPlayerStream":"","cardPlayerCodec":"","footnotes":""},"categories":[7],"tags":[21832],"class_list":["post-325799","post","type-post","status-publish","format-standard","has-post-thumbnail","hentry","category-recenze","tag-literarni-kavarna"],"acf":{"related_products":null},"_links":{"self":[{"href":"https:\/\/www.luxor.cz\/blog\/wp-json\/wp\/v2\/posts\/325799","targetHints":{"allow":["GET"]}}],"collection":[{"href":"https:\/\/www.luxor.cz\/blog\/wp-json\/wp\/v2\/posts"}],"about":[{"href":"https:\/\/www.luxor.cz\/blog\/wp-json\/wp\/v2\/types\/post"}],"author":[{"embeddable":true,"href":"https:\/\/www.luxor.cz\/blog\/wp-json\/wp\/v2\/users\/2"}],"replies":[{"embeddable":true,"href":"https:\/\/www.luxor.cz\/blog\/wp-json\/wp\/v2\/comments?post=325799"}],"version-history":[{"count":0,"href":"https:\/\/www.luxor.cz\/blog\/wp-json\/wp\/v2\/posts\/325799\/revisions"}],"wp:featuredmedia":[{"embeddable":true,"href":"https:\/\/www.luxor.cz\/blog\/wp-json\/wp\/v2\/media\/325800"}],"wp:attachment":[{"href":"https:\/\/www.luxor.cz\/blog\/wp-json\/wp\/v2\/media?parent=325799"}],"wp:term":[{"taxonomy":"category","embeddable":true,"href":"https:\/\/www.luxor.cz\/blog\/wp-json\/wp\/v2\/categories?post=325799"},{"taxonomy":"post_tag","embeddable":true,"href":"https:\/\/www.luxor.cz\/blog\/wp-json\/wp\/v2\/tags?post=325799"}],"curies":[{"name":"wp","href":"https:\/\/api.w.org\/{rel}","templated":true}]}}