{"id":325791,"date":"2020-12-11T18:44:24","date_gmt":"2020-12-11T17:44:24","guid":{"rendered":"https:\/\/www.luxor.cz\/blog\/nezarazene\/63131-novinka-od-c-j-tudor-aneb-do-tretice-vseho-dobreho\/"},"modified":"2020-12-11T18:44:24","modified_gmt":"2020-12-11T17:44:24","slug":"63131-novinka-od-c-j-tudor-aneb-do-tretice-vseho-dobreho","status":"publish","type":"post","link":"https:\/\/www.luxor.cz\/blog\/recenze\/63131-novinka-od-c-j-tudor-aneb-do-tretice-vseho-dobreho\/","title":{"rendered":"Novinka od C. J. Tudor aneb do t\u0159etice v\u0161eho dobr\u00e9ho!"},"content":{"rendered":"<p>J. Tudor je u n\u00e1s velmi obl\u00edben\u00e1 a nen\u00ed se \u010demu divit. Jej\u00ed prvn\u00ed rom\u00e1n <strong>K\u0159\u00ed\u010f\u00e1k<\/strong>, kter\u00fd u n\u00e1s vy\u0161el v roce 2018 sklidil neskute\u010dn\u00fd \u00fasp\u011bch, stal se nej\u00fasp\u011b\u0161n\u011bj\u0161\u00edm debutem roku a byl vyd\u00e1n ve v\u00edce ne\u017e 40 zem\u00edch. O rok pozd\u011bji jsme se pono\u0159ili do mraziv\u00e9ho p\u0159\u00edb\u011bhu kn\u00ed\u017eky <strong>J\u00e1ma<\/strong> a letos m\u00e1me tu \u010dest se s autorkou setkat znovu!<\/p>\n<p>Autora m\u00e1 u\u017e od d\u011btstv\u00ed velkou v\u00e1\u0161e\u0148 &#8211; hr\u016fzostra\u0161n\u00e9 a temn\u00e9 p\u0159\u00edb\u011bhy. Pokud jste od n\u00ed n\u011bco \u010detli, jist\u011b mi d\u00e1te za pravdu, \u017ee to um\u00ed skv\u011ble p\u0159en\u00e9st i do sv\u00fdch vlastn\u00edch p\u0159\u00edb\u011bh\u016f. <strong>Ti druz<\/strong>\u00ed je kn\u00ed\u017eka, o kter\u00e9 spoustu nad\u0161en\u00fdch \u010dten\u00e1\u0159\u016f tvrd\u00ed, \u017ee je zat\u00edm ta nejlep\u0161\u00ed. Pr\u00fd je to skv\u011bl\u00e1 kombinace typick\u00fdch autor\u010din\u00fdch znak\u016f ale protentokr\u00e1t k tomu\u00a0 p\u0159idala i n\u011bco nov\u00e9ho. A j\u00e1 s nimi naprosto souhlas\u00edm.<\/p>\n<p>Jednoho dne, kdy\u017e se Gabe vracel dom\u016f z pr\u00e1ce uv\u00edzl v dopravn\u00ed z\u00e1cp\u011b, kde st\u00e1l p\u0159ed star\u00fdm autem. Ze zadn\u00edho okna na n\u011bj vykoukla tv\u00e1\u0159 mal\u00e9 hol\u010di\u010dky, kter\u00e1 mu byla a\u017e moc pov\u011bdom\u00e1. V moment\u011b, kdy ji uvid\u011bl \u0159\u00edkat ,,Tati\u00b4\u00b4 mu do\u0161lo, \u017ee je to opravdu ona &#8211; jeho p\u011btilet\u00e1 dcera Izzy. I kdy\u017e se sna\u017eil auto p\u0159ed n\u00edm dohonit, nepovedlo se a od toho okam\u017eiku Izzy u\u017e nikdy nevid\u011bl. Dal\u0161\u00edch n\u011bkolik let str\u00e1vil t\u00edm, \u017ee cestoval po d\u00e1lnici, kde Izzy vid\u011bl naposled a sna\u017eil se j\u00ed naj\u00edt. St\u00e1le v\u011b\u0159il v to, \u017ee jeho dcera \u017eije.<\/p>\n<p>\u0158\u00edk\u00e1te si, \u017ee u\u017e je toho v\u0161eho dost? Ne, nen\u00ed. Kn\u00ed\u017eka je vypr\u00e1v\u011bna ze dvou pohled\u016f. Fran a Alice tak\u00e9 hodn\u011b cestuj\u00ed, jen z jin\u00e9ho d\u016fvodu ne\u017e Gabe. Oni nikoho nehledaj\u00ed\u2026 oni ut\u00edkaj\u00ed. Fran toti\u017e v\u00ed, co se Izzy stalo a kdo j\u00ed to ud\u011blal. Mus\u00ed ut\u00edkat, proto\u017ee se boj\u00ed, co by ji a Alici <strong>Ti druz\u00ed<\/strong> mohli ud\u011blat.<\/p>\n<p>Pokud pat\u0159\u00edte mezi fanou\u0161ky nap\u00ednav\u00fdch p\u0159\u00edb\u011bh\u016f pln\u00fdch nejistot a nap\u011bt\u00ed, tohle je ide\u00e1ln\u00ed kn\u00ed\u017eka pro v\u00e1s! Ze za\u010d\u00e1tku mo\u017en\u00e1 budete m\u00edt trochu zmatek v postav\u00e1ch ale v\u011b\u0159te mi, \u017ee na konci zjist\u00edte, \u017ee jsou mezi sebou prov\u00e1z\u00e1ny mnohem v\u00edce, ne\u017e se mohlo zd\u00e1t. D\u00edky kr\u00e1tk\u00fdm kapitol\u00e1m nebudete moci p\u0159estat \u010d\u00edst, tak\u017ee pokud bych v\u00e1m mohla d\u00e1t radu, nic si na zbytek dne nepl\u00e1nujte, proto\u017ee tohle prost\u011b budete muset do\u010d\u00edst st\u016fj co st\u016fj, hlava nehlava.<\/p>\n<p>Kn\u00ed\u017eky od C. J. Tudor nepat\u0159\u00ed do s\u00e9rie, tak\u017ee pokud jste od n\u00ed zat\u00edm nic ne\u010detli, v\u016fbec to nevad\u00ed a zvesela se m\u016f\u017eete pustit do t\u00e9to hork\u00e9 novinky od nakladatelstv\u00ed <strong>Kalibr. <\/strong>Jsem si jist\u00e1, \u017ee po do\u010dten\u00ed dostanete chu\u0165 si p\u0159e\u010d\u00edst i ty p\u0159ede\u0161l\u00e9, stejn\u011b jako j\u00e1! A pokud m\u00e1te C. J. Tudor na\u010dtenou, tak novinku Ti druz\u00ed jist\u011b u\u017e m\u00e1te doma.<\/p>\n<p>A to nejlep\u0161\u00ed na konec\u2026 u\u017e se chyst\u00e1 novinka i na dal\u0161\u00ed rok! M\u00e1me se na co t\u011b\u0161it!<\/p>\n<p>\u00a0<\/p>\n<p>Linda Pet\u0159\u00edkov\u00e1<\/p>\n<p>Autor:\u00a0Linda Pet\u0159\u00edkov\u00e1<\/p>\n","protected":false},"excerpt":{"rendered":"<p><strong>P\u0159edstavte si, \u017ee jedete autem dom\u016f, kdy\u017e v tom okam\u017eiku za sklem kufru auta p\u0159ed v\u00e1mi uvid\u00edte svoj\u00ed dceru, kter\u00e1 vol\u00e1 o pomoc. Je to v\u016fbec mo\u017en\u00e9, kdy\u017e je s matkou doma? <\/strong><\/p>\n","protected":false},"author":2,"featured_media":325792,"comment_status":"open","ping_status":"open","sticky":false,"template":"","format":"standard","meta":{"_acf_changed":false,"_monsterinsights_skip_tracking":false,"_monsterinsights_sitenote_active":false,"_monsterinsights_sitenote_note":"","_monsterinsights_sitenote_category":0,"_EventAllDay":false,"_EventTimezone":"","_EventStartDate":"","_EventEndDate":"","_EventStartDateUTC":"","_EventEndDateUTC":"","_EventShowMap":false,"_EventShowMapLink":false,"_EventURL":"","_EventCost":"","_EventCostDescription":"","_EventCurrencySymbol":"","_EventCurrencyCode":"","_EventCurrencyPosition":"","_EventDateTimeSeparator":"","_EventTimeRangeSeparator":"","_EventOrganizerID":[],"_EventVenueID":[],"_OrganizerEmail":"","_OrganizerPhone":"","_OrganizerWebsite":"","_VenueAddress":"","_VenueCity":"","_VenueCountry":"","_VenueProvince":"","_VenueState":"","_VenueZip":"","_VenuePhone":"","_VenueURL":"","_VenueStateProvince":"","_VenueLat":"","_VenueLng":"","_VenueShowMap":false,"_VenueShowMapLink":false,"twitterCardType":"","cardImageID":0,"cardImage":"","cardTitle":"","cardDesc":"","cardImageAlt":"","cardPlayer":"","cardPlayerWidth":0,"cardPlayerHeight":0,"cardPlayerStream":"","cardPlayerCodec":"","footnotes":""},"categories":[7],"tags":[21832],"class_list":["post-325791","post","type-post","status-publish","format-standard","has-post-thumbnail","hentry","category-recenze","tag-literarni-kavarna"],"acf":{"related_products":null},"_links":{"self":[{"href":"https:\/\/www.luxor.cz\/blog\/wp-json\/wp\/v2\/posts\/325791","targetHints":{"allow":["GET"]}}],"collection":[{"href":"https:\/\/www.luxor.cz\/blog\/wp-json\/wp\/v2\/posts"}],"about":[{"href":"https:\/\/www.luxor.cz\/blog\/wp-json\/wp\/v2\/types\/post"}],"author":[{"embeddable":true,"href":"https:\/\/www.luxor.cz\/blog\/wp-json\/wp\/v2\/users\/2"}],"replies":[{"embeddable":true,"href":"https:\/\/www.luxor.cz\/blog\/wp-json\/wp\/v2\/comments?post=325791"}],"version-history":[{"count":0,"href":"https:\/\/www.luxor.cz\/blog\/wp-json\/wp\/v2\/posts\/325791\/revisions"}],"wp:featuredmedia":[{"embeddable":true,"href":"https:\/\/www.luxor.cz\/blog\/wp-json\/wp\/v2\/media\/325792"}],"wp:attachment":[{"href":"https:\/\/www.luxor.cz\/blog\/wp-json\/wp\/v2\/media?parent=325791"}],"wp:term":[{"taxonomy":"category","embeddable":true,"href":"https:\/\/www.luxor.cz\/blog\/wp-json\/wp\/v2\/categories?post=325791"},{"taxonomy":"post_tag","embeddable":true,"href":"https:\/\/www.luxor.cz\/blog\/wp-json\/wp\/v2\/tags?post=325791"}],"curies":[{"name":"wp","href":"https:\/\/api.w.org\/{rel}","templated":true}]}}