{"id":325785,"date":"2020-12-23T13:02:40","date_gmt":"2020-12-23T12:02:40","guid":{"rendered":"https:\/\/www.luxor.cz\/blog\/nezarazene\/63135-kdo-je-bez-viny-at-hodi-kamenem\/"},"modified":"2020-12-23T13:02:40","modified_gmt":"2020-12-23T12:02:40","slug":"63135-kdo-je-bez-viny-at-hodi-kamenem","status":"publish","type":"post","link":"https:\/\/www.luxor.cz\/blog\/recenze\/63135-kdo-je-bez-viny-at-hodi-kamenem\/","title":{"rendered":"Kdo je bez viny, a\u0165 hod\u00ed kamenem"},"content":{"rendered":"<p>Tento podzim u n\u00e1s vy\u0161la ji\u017e druh\u00e1 kniha \u0161v\u00e9dsk\u00e9 autorky <strong>Stiny Jackson<\/strong>, kter\u00e1 velmi \u00fasp\u011b\u0161n\u011b debutovala s\u00a0mraziv\u00fdm thrillerem <strong>St\u0159\u00edbrn\u00e1 cesta<\/strong>, jen\u017e z\u00edskal n\u011bkolik v\u00fdznamn\u00fdch ocen\u011bn\u00ed, jako je nap\u0159\u00edklad <strong>The book of the Year <\/strong>\u010di <strong>The Best Swedish Crime Novel<\/strong>. A pr\u00e1v\u011b proto byla <strong>Pustina<\/strong> jedn\u00edm z\u00a0nejo\u010dek\u00e1van\u011bj\u0161\u00edch thriller\u016f tohoto podzimu.<\/p>\n<p>U Stiny Jackson jsme si velmi rychle mohli zvyknout na skv\u011bl\u00e9 vykreslen\u00ed atmosf\u00e9ry a ani v\u00a0Pustin\u011b tomu nen\u00ed jinak.<\/p>\n<p>Ocit\u00e1me se na chladn\u00e9m severu \u0160v\u00e9dska v\u00a0mal\u00e9 osad\u011b Pustina, kde li\u0161ky d\u00e1vaj\u00ed dobrou noc, v\u0161ichni obyvatel\u00e9 se znaj\u00ed, proto\u017ee jich je jen p\u00e1r a cizinec se tam objev\u00ed jen velmi z\u0159\u00eddka. Mezi obyvatele tohoto odlehl\u00e9ho m\u00edsta pat\u0159\u00ed i sta\u0159ec <strong>Vidar<\/strong> se svou dcerou <strong>Liv<\/strong> a jej\u00edm synem <strong>Simonem<\/strong>.<\/p>\n<p>Vidar je velmi osobit\u00fd mu\u017e, kter\u00fd je zvykl\u00fd m\u00edt o v\u0161em naprost\u00fd p\u0159ehled a sv\u00e9 dom\u00e1cnosti vl\u00e1dne \u017eeleznou rukou, fyzick\u00fdch sil mu u\u017e sice ub\u00fdv\u00e1, ale st\u00e1le vzbuzuje velk\u00fd respekt, p\u0159edev\u0161\u00edm u sv\u00e9 dcery Liv. Ta byla jako mlad\u00e1 d\u00edvka velmi vzdorovit\u00e1, ale pot\u00e9, co se j\u00ed narodil neman\u017eelsk\u00fd syn, stala se zcela z\u00e1vislou na otci a b\u011bhem let si na to \u010d\u00edm d\u00e1l v\u00edce zvykala, a\u017e u\u017e Vidarovu tyranii a v\u011b\u010dn\u00fd dohled brala jako n\u011bco zcela b\u011b\u017en\u00e9ho.<\/p>\n<p><em>Liv se na n\u011bj kradmo pod\u00edvala a v\u00a0duchu si pomyslela, \u017ee i na n\u011bm u\u017e se \u010das podepsal. Vidar s\u00a0v\u011bkem cel\u00fd seschl, vr\u00e1s\u010dit\u00e1 k\u016f\u017ee mu visela na kloubech a p\u016fsobila dojmem, \u017ee otec pomalu odum\u00edr\u00e1 zevnit\u0159. Ale o\u010di mu je\u0161t\u011b planuly \u017eivotn\u00ed s\u00edlou, kdykoli se na dceru zahled\u011bl, byly v\u00a0nich dva nezdoln\u00e9 plameny. Liv se odvr\u00e1tila a v\u00a0ok\u00fdnku auta spat\u0159ila vlastn\u00ed pr\u00e1zdn\u00fd pohled. Soumrak byl d\u00e1vno pry\u010d a kolem se \u010dernala naprost\u00e1 tma<\/em>.<\/p>\n<p>Jednoho dne je v\u0161ak Vidarovo t\u011blo nalezeno v\u00a0les\u00edch na dn\u011b studny a za\u010d\u00edn\u00e1 vy\u0161et\u0159ov\u00e1n\u00ed, kter\u00e9 zas\u00e1hne celou Pustinu a otev\u0159e star\u00e9 r\u00e1ny a k\u0159ivdy.<\/p>\n<p>Pustina pat\u0159\u00ed mezi ty seversk\u00e9 thrillery, kter\u00e9 v\u00e1s dr\u017e\u00ed v\u00a0nap\u011bt\u00ed a zcela v\u00e1s dostanou svou atmosf\u00e9rou. Ano, atmosf\u00e9ra je jeden z\u00a0nejsiln\u011bj\u0161\u00edch znak\u016f t\u00e9to knihy a d\u00edky autor\u010dinu vykreslen\u00ed ponur\u00e9, vlhk\u00e9, studen\u00e9 a nehostinn\u00e9 krajiny m\u00e1te pocit, jako byste se sami ocitli p\u0159ed domem Vidara a jeho rodiny. P\u0159i \u010detb\u011b v\u00e1s mraz\u00ed a c\u00edt\u00edte ka\u017ed\u00fd z\u00e1van v\u011btru na zr\u00e1dn\u00fdch blatech.<\/p>\n<p>Krom\u011b atmosf\u00e9ry je nepochybn\u011b zaj\u00edmav\u00e9 i vykreslen\u00ed jednotliv\u00fdch postav, a i kdy\u017e se na prvn\u00ed pohled zd\u00e1, \u017ee je zcela jasn\u00e9, kdo je tady zl\u00fd a kdo hodn\u00fd, tak v\u00e1s upozor\u0148uji, abyste se nenechali nachytat a ned\u011blali ukvapen\u00e9 z\u00e1v\u011bry. N\u011bkter\u00e9 z\u00a0postav, je\u017e n\u00e1m Stina Jackson p\u0159edstavila, proch\u00e1zej\u00ed zaj\u00edmav\u00fdm v\u00fdvojem, a p\u0159esto\u017ee je cel\u00e1 Pustina velmi ponur\u00e1 a chladn\u00e1, \u010dten\u00e1\u0159 nakonec m\u016f\u017ee odej\u00edt s\u00a0pocitem, \u017ee lep\u0161\u00ed z\u00edt\u0159ky p\u0159eci jen p\u0159ich\u00e1zej\u00ed a v\u017edy m\u00e1 cenu bojovat.<\/p>\n<p>Tato kniha je ur\u010dit\u011b skv\u011blou volbou pro zimn\u00ed ve\u010dery, proto\u017ee Pustina si o to p\u0159\u00edmo \u0159\u00edk\u00e1 a \u010dten\u00e1\u0159i poskytne velmi unik\u00e1tn\u00ed pro\u017eitek z\u00a0\u010detby, nebo\u0165 atmosf\u00e9ra v\u00e1s v\u00a0tomto p\u0159\u00edb\u011bhu zcela pohlt\u00ed. Pokud jste tedy fanou\u0161ky seversk\u00e9ho thrilleru, pak nesm\u00edte Pustinu vynechat, poskytne v\u00e1m velmi intenzivn\u00ed pro\u017eitek s\u00a0pomalej\u0161\u00edm d\u011bjem, ale zato siln\u00fdm dozvukem.<\/p>\n<p>Kristina Heklov\u00e1<\/p>\n<p>Autor:\u00a0Kristina Heklov\u00e1<\/p>\n","protected":false},"excerpt":{"rendered":"<p>N\u011bkdy si mysl\u00edme, \u017ee d\u011bl\u00e1me pro sebe i sv\u00e9 bl\u00edzk\u00e9 to nejlep\u0161\u00ed, av\u0161ak nemus\u00ed tomu tak b\u00fdt. Co je dobr\u00e9 pro n\u00e1s, nemus\u00ed b\u00fdt nutn\u011b dobr\u00e9 i pro ostatn\u00ed. Jak n\u011bco takov\u00e9ho ale odhalit?<\/p>\n","protected":false},"author":2,"featured_media":325786,"comment_status":"open","ping_status":"open","sticky":false,"template":"","format":"standard","meta":{"_acf_changed":false,"_monsterinsights_skip_tracking":false,"_monsterinsights_sitenote_active":false,"_monsterinsights_sitenote_note":"","_monsterinsights_sitenote_category":0,"_EventAllDay":false,"_EventTimezone":"","_EventStartDate":"","_EventEndDate":"","_EventStartDateUTC":"","_EventEndDateUTC":"","_EventShowMap":false,"_EventShowMapLink":false,"_EventURL":"","_EventCost":"","_EventCostDescription":"","_EventCurrencySymbol":"","_EventCurrencyCode":"","_EventCurrencyPosition":"","_EventDateTimeSeparator":"","_EventTimeRangeSeparator":"","_EventOrganizerID":[],"_EventVenueID":[],"_OrganizerEmail":"","_OrganizerPhone":"","_OrganizerWebsite":"","_VenueAddress":"","_VenueCity":"","_VenueCountry":"","_VenueProvince":"","_VenueState":"","_VenueZip":"","_VenuePhone":"","_VenueURL":"","_VenueStateProvince":"","_VenueLat":"","_VenueLng":"","_VenueShowMap":false,"_VenueShowMapLink":false,"twitterCardType":"","cardImageID":0,"cardImage":"","cardTitle":"","cardDesc":"","cardImageAlt":"","cardPlayer":"","cardPlayerWidth":0,"cardPlayerHeight":0,"cardPlayerStream":"","cardPlayerCodec":"","footnotes":""},"categories":[7],"tags":[21832],"class_list":["post-325785","post","type-post","status-publish","format-standard","has-post-thumbnail","hentry","category-recenze","tag-literarni-kavarna"],"acf":{"related_products":null},"_links":{"self":[{"href":"https:\/\/www.luxor.cz\/blog\/wp-json\/wp\/v2\/posts\/325785","targetHints":{"allow":["GET"]}}],"collection":[{"href":"https:\/\/www.luxor.cz\/blog\/wp-json\/wp\/v2\/posts"}],"about":[{"href":"https:\/\/www.luxor.cz\/blog\/wp-json\/wp\/v2\/types\/post"}],"author":[{"embeddable":true,"href":"https:\/\/www.luxor.cz\/blog\/wp-json\/wp\/v2\/users\/2"}],"replies":[{"embeddable":true,"href":"https:\/\/www.luxor.cz\/blog\/wp-json\/wp\/v2\/comments?post=325785"}],"version-history":[{"count":0,"href":"https:\/\/www.luxor.cz\/blog\/wp-json\/wp\/v2\/posts\/325785\/revisions"}],"wp:featuredmedia":[{"embeddable":true,"href":"https:\/\/www.luxor.cz\/blog\/wp-json\/wp\/v2\/media\/325786"}],"wp:attachment":[{"href":"https:\/\/www.luxor.cz\/blog\/wp-json\/wp\/v2\/media?parent=325785"}],"wp:term":[{"taxonomy":"category","embeddable":true,"href":"https:\/\/www.luxor.cz\/blog\/wp-json\/wp\/v2\/categories?post=325785"},{"taxonomy":"post_tag","embeddable":true,"href":"https:\/\/www.luxor.cz\/blog\/wp-json\/wp\/v2\/tags?post=325785"}],"curies":[{"name":"wp","href":"https:\/\/api.w.org\/{rel}","templated":true}]}}