{"id":325783,"date":"2020-12-29T10:41:56","date_gmt":"2020-12-29T09:41:56","guid":{"rendered":"https:\/\/www.luxor.cz\/blog\/nezarazene\/63136-12-vanocnich-pribehu-v-jedne-knize-ano\/"},"modified":"2020-12-29T10:41:56","modified_gmt":"2020-12-29T09:41:56","slug":"63136-12-vanocnich-pribehu-v-jedne-knize-ano","status":"publish","type":"post","link":"https:\/\/www.luxor.cz\/blog\/recenze\/63136-12-vanocnich-pribehu-v-jedne-knize-ano\/","title":{"rendered":"12 v\u00e1no\u010dn\u00edch p\u0159\u00edb\u011bh\u016f v jedn\u00e9 knize? Ano!"},"content":{"rendered":"<p>Nejkr\u00e1sn\u011bj\u0161\u00ed d\u00e1rek je sb\u00edrka pov\u00eddek, kterou vydalo nakladatelstv\u00ed Yoli. Najdeme v n\u00ed celkem 12 v\u00e1no\u010dn\u00edch p\u0159\u00edb\u011bh\u016f od 12 r\u016fzn\u00fdch autor\u016f, kte\u0159\u00ed jsou n\u00e1m bu\u010f ji\u017e velice dob\u0159e zn\u00e1m\u00ed, nebo se o nich teprve dozv\u00edme.<\/p>\n<p>Ani\u010dka Musilov\u00e1 je v Yoli nakladatelstv\u00ed u\u017e zajetou autorkou, proto v t\u00e9to sb\u00edrce rozhodn\u011b nesm\u011bla chyb\u011bt. Jej\u00ed pov\u00eddka <strong>North Finchley<\/strong> skv\u011ble odstartuje tuto v\u00e1no\u010dn\u00ed j\u00edzdu. Dal\u0161\u00ed Yoli st\u00e1lic\u00ed je Theo Addair, kter\u00fd m\u00e1 na kont\u011b spoustu \u00fasp\u011b\u0161n\u00fdch knih. Jeho LGBT YA rom\u00e1n Muffin a \u010daj si z\u00edskal mnoho fanou\u0161k\u016f a velmi dobrou zpr\u00e1vou je, \u017ee s hlavn\u00edmi hrdiny se op\u011bt setk\u00e1me v p\u0159\u00edb\u011bhu <strong>V\u00e1no\u010dn\u00ed zlo\u010din.<\/strong> Ve sb\u00edrce nechyb\u00ed ani autorka trilogie Fale\u0161n\u00fd rom\u00e1n &#8211; Magdalena Mintov\u00e1. Stejn\u011b jako je v jej\u00edch kn\u00ed\u017ek\u00e1ch zvykem &#8211; <strong>Zub \u010dasu<\/strong> v\u00e1s pobav\u00ed.<\/p>\n<p>Sam Xabyssus napsala pov\u00eddku <strong>Zelen\u00e1 slunce<\/strong>, kter\u00e1 se v\u011bnuje t\u00e9matu, v literatu\u0159e dosti opom\u00edjen\u00e9m, av\u0161ak velmi d\u016fle\u017eit\u00e9m. <strong>Okam\u017eik v \u010dase<\/strong> je pov\u00eddka od Jolany Han\u00e1kov\u00e9, jej\u00ed\u017e p\u0159\u00edb\u011bh m\u00e1 po\u0159\u00e1dn\u011b mrazivou atmosf\u00e9ru, a to doslova!\u00a0 Kate\u0159ina \u0160ardick\u00e1 si pro n\u00e1s p\u0159ipravila dal\u0161\u00ed skv\u011bl\u00fd ponur\u00fd p\u0159\u00edb\u011bh s n\u00e1zvem <strong>Bezpe\u010dn\u00e9 m\u00edsto<\/strong>. Uvid\u00edte, \u017ee se v ka\u017ed\u00e9 situaci d\u00e1 naj\u00edt n\u011bco dobr\u00e9ho.<\/p>\n<p>Dal\u0161\u00edm autorem, kter\u00fd p\u0159isp\u011bl svou v\u00e1no\u010dn\u00ed pov\u00eddkou je Ale\u0161 Novotn\u00fd! Pamatuj na smrt je skv\u011bl\u00fdm YA thrillerem, kter\u00fd si obl\u00edbil nejeden \u010dten\u00e1\u0159! <strong>Od m\u00e1my z l\u00e1sky<\/strong> je dal\u0161\u00ed p\u0159\u00edb\u011bh z jeho pera, kter\u00fd si m\u016f\u017eeme p\u0159e\u010d\u00edst! Jeliko\u017e Radek Bla\u017eek poch\u00e1z\u00ed z T\u0159eb\u00ed\u010de, rozhodl se pov\u00eddku zasadit do sv\u00e9ho rodn\u00e9ho m\u011bsta. <strong>Nejdel\u0161\u00ed den v roce<\/strong> v\u00e1s zah\u0159eje u srdce, ale tak\u00e9 rozesm\u011bje. Martina M\u00e1tlov\u00e1 do sb\u00edrky p\u0159isp\u011bla velmi silnou pov\u00eddkou, kter\u00e1 chytne za srdce nejednoho \u010dten\u00e1\u0159e. <strong>Bratrsk\u00e9 pouto <\/strong>pat\u0159\u00ed k t\u011bm m\u00e9n\u011b vesel\u00fdm p\u0159\u00edb\u011bh\u016fm, o to v\u00edce v\u00e1s uchv\u00e1t\u00ed.\u00a0 Al\u017eb\u011bta B\u00edlkov\u00e1 napsala velmi re\u00e1lnou pov\u00eddku <strong>Zbab\u011blci<\/strong>, kter\u00e1 v\u00e1m uk\u00e1\u017ee i jin\u00e9 konce, ne\u017e jen ty, kter\u00e9 zn\u00e1me z film\u016f.\u00a0 <strong>Mar\u0161meloun pro R\u00e1chel<\/strong> v\u00e1s zaval\u00ed neskute\u010dnou v\u00e1no\u010dn\u00ed atmosf\u00e9rou a celou sb\u00edrku perfektn\u011b zakon\u010d\u00ed Kl\u00e1ra Nov\u00e1kov\u00e1 s jej\u00ed pov\u00eddkou<strong> Poli\u010dka vy\u0159azen\u00fdch knih! <\/strong><\/p>\n<p>P\u0159\u00edb\u011bhy jsou opravdu rozmanit\u00e9 a je zde skv\u011ble vid\u011bt, jak je ka\u017ed\u00fd autor jin\u00fd. A\u010dkoliv se jedn\u00e1 o sb\u00edrku v\u00e1no\u010dn\u00edch pov\u00eddek, obsahuje spoustu smutn\u00fdch a depresivn\u00edch p\u0159\u00edb\u011bh\u016f. Ka\u017ed\u00e9 V\u00e1noce nejsou slun\u00ed\u010dkov\u00e9 a tahle kn\u00ed\u017eka je d\u016fkazem, \u017ee se to tak ob\u010das stane. D\u00edky rozmanitosti jednotliv\u00fdch pov\u00eddek si ka\u017ed\u00fd \u010dten\u00e1\u0159 najde to sv\u00e9. N\u011bkter\u00e9 pov\u00eddky budete \u010d\u00edst n\u011bkolikr\u00e1t a st\u00e1le v\u00e1s budou bavit. Pro hodn\u011b \u010dten\u00e1\u0159\u016f se Nejkr\u00e1sn\u011bj\u0161\u00ed d\u00e1rek stane ka\u017edoro\u010dn\u00ed tradic\u00ed, kter\u00e1 v\u017edy p\u0159inese tu pravou v\u00e1no\u010dn\u00ed atmosf\u00e9ru.<\/p>\n<p>D\u00edky t\u00e9to sb\u00edrce dostalo spoustu mlad\u00fdch nad\u011bjn\u00fdch autor\u016f mo\u017enost se uk\u00e1zat a j\u00e1 mysl\u00edm, \u017ee to zvl\u00e1dli v\u00edce ne\u017e dob\u0159e. Budeme jim dr\u017eet p\u011bsti a uvid\u00edme, mo\u017en\u00e1 si do p\u0159\u00ed\u0161t\u00edch V\u00e1noc od nich budeme moci p\u0159e\u010d\u00edst celou knihu!\u00a0 T\u011b\u0161\u00edm se!<\/p>\n<p>\u00a0<\/p>\n<p>Linda Pet\u0159\u00edkov\u00e1 (_knihomolka_s_drdolem)<\/p>\n<p>Autor:\u00a0Linda Pet\u0159\u00edkov\u00e1<\/p>\n","protected":false},"excerpt":{"rendered":"<p>K V\u00e1noc\u016fm neodmysliteln\u011b pat\u0159\u00ed v\u00e1no\u010dn\u00ed p\u0159\u00edb\u011bhy. Kn\u00ed\u017eek s touto tematikou tu a\u017e tolik nen\u00ed, proto bylo pot\u0159eba to napravit! Spojilo se 12 talentovan\u00fdch autor\u016f a vznikla sb\u00edrka pov\u00eddek, kter\u00e1 pro hodn\u011b lid\u00ed m\u016f\u017ee b\u00fdt ten prav\u00fd <strong>Nejkr\u00e1sn\u011bj\u0161\u00ed d\u00e1rek<\/strong>!<\/p>\n","protected":false},"author":2,"featured_media":325784,"comment_status":"open","ping_status":"open","sticky":false,"template":"","format":"standard","meta":{"_acf_changed":false,"_monsterinsights_skip_tracking":false,"_monsterinsights_sitenote_active":false,"_monsterinsights_sitenote_note":"","_monsterinsights_sitenote_category":0,"_EventAllDay":false,"_EventTimezone":"","_EventStartDate":"","_EventEndDate":"","_EventStartDateUTC":"","_EventEndDateUTC":"","_EventShowMap":false,"_EventShowMapLink":false,"_EventURL":"","_EventCost":"","_EventCostDescription":"","_EventCurrencySymbol":"","_EventCurrencyCode":"","_EventCurrencyPosition":"","_EventDateTimeSeparator":"","_EventTimeRangeSeparator":"","_EventOrganizerID":[],"_EventVenueID":[],"_OrganizerEmail":"","_OrganizerPhone":"","_OrganizerWebsite":"","_VenueAddress":"","_VenueCity":"","_VenueCountry":"","_VenueProvince":"","_VenueState":"","_VenueZip":"","_VenuePhone":"","_VenueURL":"","_VenueStateProvince":"","_VenueLat":"","_VenueLng":"","_VenueShowMap":false,"_VenueShowMapLink":false,"twitterCardType":"","cardImageID":0,"cardImage":"","cardTitle":"","cardDesc":"","cardImageAlt":"","cardPlayer":"","cardPlayerWidth":0,"cardPlayerHeight":0,"cardPlayerStream":"","cardPlayerCodec":"","footnotes":""},"categories":[7],"tags":[21832],"class_list":["post-325783","post","type-post","status-publish","format-standard","has-post-thumbnail","hentry","category-recenze","tag-literarni-kavarna"],"acf":{"related_products":null},"_links":{"self":[{"href":"https:\/\/www.luxor.cz\/blog\/wp-json\/wp\/v2\/posts\/325783","targetHints":{"allow":["GET"]}}],"collection":[{"href":"https:\/\/www.luxor.cz\/blog\/wp-json\/wp\/v2\/posts"}],"about":[{"href":"https:\/\/www.luxor.cz\/blog\/wp-json\/wp\/v2\/types\/post"}],"author":[{"embeddable":true,"href":"https:\/\/www.luxor.cz\/blog\/wp-json\/wp\/v2\/users\/2"}],"replies":[{"embeddable":true,"href":"https:\/\/www.luxor.cz\/blog\/wp-json\/wp\/v2\/comments?post=325783"}],"version-history":[{"count":0,"href":"https:\/\/www.luxor.cz\/blog\/wp-json\/wp\/v2\/posts\/325783\/revisions"}],"wp:featuredmedia":[{"embeddable":true,"href":"https:\/\/www.luxor.cz\/blog\/wp-json\/wp\/v2\/media\/325784"}],"wp:attachment":[{"href":"https:\/\/www.luxor.cz\/blog\/wp-json\/wp\/v2\/media?parent=325783"}],"wp:term":[{"taxonomy":"category","embeddable":true,"href":"https:\/\/www.luxor.cz\/blog\/wp-json\/wp\/v2\/categories?post=325783"},{"taxonomy":"post_tag","embeddable":true,"href":"https:\/\/www.luxor.cz\/blog\/wp-json\/wp\/v2\/tags?post=325783"}],"curies":[{"name":"wp","href":"https:\/\/api.w.org\/{rel}","templated":true}]}}