{"id":325777,"date":"2021-01-13T08:43:43","date_gmt":"2021-01-13T07:43:43","guid":{"rendered":"https:\/\/www.luxor.cz\/blog\/nezarazene\/63141-dalsi-skvely-pribeh-od-jojo-moyesove\/"},"modified":"2021-01-13T08:43:43","modified_gmt":"2021-01-13T07:43:43","slug":"63141-dalsi-skvely-pribeh-od-jojo-moyesove","status":"publish","type":"post","link":"https:\/\/www.luxor.cz\/blog\/recenze\/63141-dalsi-skvely-pribeh-od-jojo-moyesove\/","title":{"rendered":"Dal\u0161\u00ed skv\u011bl\u00fd p\u0159\u00edb\u011bh od Jojo Moyesov\u00e9!"},"content":{"rendered":"<p>Jojo Moyesov\u00e1 se narodila roku 1969 a na University of London vystudovala \u017eurnalistiku, kter\u00e9 se 10 let v\u011bnovala. V roce 2002 debutovala rom\u00e1nem<em> Schovej m\u011b v de\u0161ti <\/em>a od t\u00e9 doby napsala v\u00edce ne\u017e deset rom\u00e1n\u016f. Mezi n\u011b pat\u0159\u00ed takt\u00e9\u017e <em>Ne\u017e jsem t\u011b poznala, <\/em>kter\u00fd sklidil takov\u00fd \u00fasp\u011bch, \u017ee se do\u010dkal i filmov\u00e9ho zpracov\u00e1n\u00ed.<\/p>\n<p>V prosinci u n\u00e1s vy\u0161el jej\u00ed nov\u00fd rom\u00e1n <em>Jako hv\u011bzdy v temn\u00e9 noci, <\/em>v origin\u00e1le <em>The giver of stars.\u00a0 <\/em>Autorka m\u00edrn\u011b vystoupila ze sv\u00fdch kolej\u00ed, ale p\u0159esto tato novinka sklidila spoustu \u00fasp\u011bch\u016f. Pokud jste fanou\u0161ky Jojo Moyesov\u00e9 a jej\u00edch p\u0159\u00edb\u011bh\u016f, v\u011b\u0159\u00edm, \u017ee u\u017e m\u00e1te knihu p\u0159e\u010dtenou. Pokud u t\u00e9to autorky pat\u0159\u00edte mezi nov\u00e1\u010dky, jsem si jist\u00e1, \u017ee v\u00e1s p\u0159\u00edb\u011bh a zp\u016fsob vypr\u00e1v\u011bn\u00ed autorky zaujme.<\/p>\n<p>\u0158\u00edk\u00e1 se: ,,nesu\u010f knihu podle obalu\u201d ale v tomto p\u0159\u00edpad\u011b se nen\u00ed \u010deho b\u00e1t. Pod touto n\u00e1dhernou ob\u00e1lkou se skr\u00fdv\u00e1 stejn\u011b dobr\u00fd p\u0159\u00edb\u011bh. Autorka obvykle p\u00ed\u0161e sou\u010dasnou beletrii, kde jde p\u0159edev\u0161\u00edm o romantiku, co\u017e se v tomto p\u0159\u00edb\u011bhu zm\u011bnilo. D\u011bj se odehr\u00e1v\u00e1 ve 40. letech minul\u00e9ho stolet\u00ed ve st\u00e1t\u011b Kentucky b\u011bhem americk\u00e9 hospod\u00e1\u0159sk\u00e9 krize.<\/p>\n<p>Jojo Moyesov\u00e9 se poda\u0159ilo skv\u011ble navodit atmosf\u00e9ru a popsat toto historick\u00e9 obdob\u00ed. D\u011bj je vypr\u00e1v\u011bn z pohledu dvou \u017een &#8211; Margery, kter\u00e1 tam \u017eila cel\u00fd \u017eivot a Alice, kter\u00e1 zrovna dorazila z Anglie. Jejich vypr\u00e1v\u011bn\u00ed v\u00e1s chytne a do posledn\u00ed chv\u00edle budete napnut\u00ed, jak to s nimi dopadne. Alice je zoufal\u00e1 a proto j\u00ed nab\u00eddka dobrovolnice do projektu Ko\u0148sk\u00e9 knihovny nadchne. C\u00edlem bylo \u0161\u00ed\u0159it \u010dten\u00ed a vzd\u011blanost v odlehl\u00fdch \u010d\u00e1stech Apala\u010dsk\u00fdch hor. Alici, Margery a dal\u0161\u00ed t\u0159i d\u00edvky \u010dekalo cestov\u00e1n\u00ed nebezpe\u010dnou krajinou, kde museli bojovat proti p\u0159edsudk\u016fm m\u00edstn\u00edch lid\u00ed v\u016f\u010di \u017een\u00e1m.<\/p>\n<p>Alice a Margery jsou hodn\u011b rozd\u00edln\u00e9 a ka\u017ed\u00e1 z nich si b\u011bhem cesty uv\u011bdom\u00ed a nau\u010d\u00ed hodn\u011b v\u011bc\u00ed. V p\u0159\u00edb\u011bhu nechyb\u00ed siln\u00e9 postavy, z\u00e1pletka pln\u00e1 dobrodru\u017estv\u00ed, smutn\u00e9 i radostn\u00e9 ud\u00e1losti, romantika ale tak\u00e9 nebezpe\u010d\u00ed. Kniha obsahuje n\u011bkolik d\u016fle\u017eit\u00fdch t\u00e9mat, o kter\u00fdch se a\u017e tolik nep\u00ed\u0161e.<\/p>\n<p>Kn\u00ed\u017eku doporu\u010duji v\u0161em milovn\u00edk\u016fm historick\u00fdch rom\u00e1n\u016f, \u017eensk\u00e9ho \u010dten\u00ed a samoz\u0159ejm\u011b samotn\u00e9 Jojo Moyesov\u00e9. P\u0159\u00edb\u011bh se v\u00e1m vryje do pam\u011bti tak, jak jste u t\u00e9to autorky zvykl\u00ed a v\u0161e budete pro\u017e\u00edvat s postavami, p\u0159i\u010dem\u017e konec v\u00e1s jist\u011b p\u0159ekvap\u00ed.<\/p>\n<p>P\u0159\u00edb\u011bh je napsan\u00fd podle skute\u010dn\u00fdch ud\u00e1lost\u00ed. P\u0159i \u010dten\u00ed si spousta lid\u00ed uv\u011bdom\u00ed, \u017ee bychom si m\u011bli v\u00e1\u017eit toho, kde a jak \u017eijeme. Postaven\u00ed \u017een v t\u00e9 dob\u011b nebylo v\u016fbec spravedliv\u00e9 a hlavn\u00ed hrdinky to nem\u011bli v\u016fbec snadn\u00e9. Mnoho \u010dten\u00e1\u0159\u016f se shodlo na tom, \u017ee a\u010dkoliv je <em>Jako hv\u011bzda v temn\u00e9 noci <\/em>trochu vybo\u010den\u00edm ze stylu autorky, rozhodn\u011b pat\u0159\u00ed mezi ty nejlep\u0161\u00ed.<\/p>\n<p>Velmi siln\u00fd p\u0159\u00edb\u011bh, kter\u00fd v\u00e1s chytne a jen tak nepust\u00ed.<\/p>\n<p>\u00a0<\/p>\n<p>Linda Pet\u0159\u00edkov\u00e1 (_knihomolka_s_drdolem)<\/p>\n<p>Autor:\u00a0Linda Pet\u0159\u00edkov\u00e1<\/p>\n","protected":false},"excerpt":{"rendered":"<p>Pro v\u0161echny \u010dten\u00e1\u0159e Jojo Moyesov\u00e9 m\u00e1m dobrou zpr\u00e1vu! M\u016f\u017eete si p\u0159e\u010d\u00edst dal\u0161\u00ed z jej\u00edch skv\u011bl\u00fdch p\u0159\u00edb\u011bh\u016f! Jako hv\u011bzdy v temn\u00e9 noci je nov\u00e1 pecka z autor\u010dina pera, kter\u00e1 ur\u010dit\u011b stoj\u00ed za p\u0159e\u010dten\u00ed!<\/p>\n","protected":false},"author":2,"featured_media":325778,"comment_status":"open","ping_status":"open","sticky":false,"template":"","format":"standard","meta":{"_acf_changed":false,"_monsterinsights_skip_tracking":false,"_monsterinsights_sitenote_active":false,"_monsterinsights_sitenote_note":"","_monsterinsights_sitenote_category":0,"_EventAllDay":false,"_EventTimezone":"","_EventStartDate":"","_EventEndDate":"","_EventStartDateUTC":"","_EventEndDateUTC":"","_EventShowMap":false,"_EventShowMapLink":false,"_EventURL":"","_EventCost":"","_EventCostDescription":"","_EventCurrencySymbol":"","_EventCurrencyCode":"","_EventCurrencyPosition":"","_EventDateTimeSeparator":"","_EventTimeRangeSeparator":"","_EventOrganizerID":[],"_EventVenueID":[],"_OrganizerEmail":"","_OrganizerPhone":"","_OrganizerWebsite":"","_VenueAddress":"","_VenueCity":"","_VenueCountry":"","_VenueProvince":"","_VenueState":"","_VenueZip":"","_VenuePhone":"","_VenueURL":"","_VenueStateProvince":"","_VenueLat":"","_VenueLng":"","_VenueShowMap":false,"_VenueShowMapLink":false,"twitterCardType":"","cardImageID":0,"cardImage":"","cardTitle":"","cardDesc":"","cardImageAlt":"","cardPlayer":"","cardPlayerWidth":0,"cardPlayerHeight":0,"cardPlayerStream":"","cardPlayerCodec":"","footnotes":""},"categories":[7],"tags":[21832],"class_list":["post-325777","post","type-post","status-publish","format-standard","has-post-thumbnail","hentry","category-recenze","tag-literarni-kavarna"],"acf":{"related_products":null},"_links":{"self":[{"href":"https:\/\/www.luxor.cz\/blog\/wp-json\/wp\/v2\/posts\/325777","targetHints":{"allow":["GET"]}}],"collection":[{"href":"https:\/\/www.luxor.cz\/blog\/wp-json\/wp\/v2\/posts"}],"about":[{"href":"https:\/\/www.luxor.cz\/blog\/wp-json\/wp\/v2\/types\/post"}],"author":[{"embeddable":true,"href":"https:\/\/www.luxor.cz\/blog\/wp-json\/wp\/v2\/users\/2"}],"replies":[{"embeddable":true,"href":"https:\/\/www.luxor.cz\/blog\/wp-json\/wp\/v2\/comments?post=325777"}],"version-history":[{"count":0,"href":"https:\/\/www.luxor.cz\/blog\/wp-json\/wp\/v2\/posts\/325777\/revisions"}],"wp:featuredmedia":[{"embeddable":true,"href":"https:\/\/www.luxor.cz\/blog\/wp-json\/wp\/v2\/media\/325778"}],"wp:attachment":[{"href":"https:\/\/www.luxor.cz\/blog\/wp-json\/wp\/v2\/media?parent=325777"}],"wp:term":[{"taxonomy":"category","embeddable":true,"href":"https:\/\/www.luxor.cz\/blog\/wp-json\/wp\/v2\/categories?post=325777"},{"taxonomy":"post_tag","embeddable":true,"href":"https:\/\/www.luxor.cz\/blog\/wp-json\/wp\/v2\/tags?post=325777"}],"curies":[{"name":"wp","href":"https:\/\/api.w.org\/{rel}","templated":true}]}}