{"id":325775,"date":"2021-01-15T12:30:22","date_gmt":"2021-01-15T11:30:22","guid":{"rendered":"https:\/\/www.luxor.cz\/blog\/nezarazene\/63143-bratrske-pouto-pretrha-nekolik-osudu-v-nove-knize-joa-nesboho\/"},"modified":"2021-01-15T12:30:22","modified_gmt":"2021-01-15T11:30:22","slug":"63143-bratrske-pouto-pretrha-nekolik-osudu-v-nove-knize-joa-nesboho","status":"publish","type":"post","link":"https:\/\/www.luxor.cz\/blog\/recenze\/63143-bratrske-pouto-pretrha-nekolik-osudu-v-nove-knize-joa-nesboho\/","title":{"rendered":"Bratrsk\u00e9 pouto p\u0159etrh\u00e1 n\u011bkolik osud\u016f v nov\u00e9 knize Joa Nesb\u00f8ho"},"content":{"rendered":"<p>\u00dapln\u011b ka\u017ed\u00fd u\u017e pravd\u011bpodobn\u011b sly\u0161el o popul\u00e1rn\u00edm norsk\u00e9m autorovi Joovi Nesb\u00f8m, jeho\u017e knihy jsou celosv\u011btov\u00fdmi bestsellery. Nyn\u00ed op\u011bt p\u0159ich\u00e1z\u00ed s\u00a0nov\u00fdm titulem, kter\u00fd nese n\u00e1zev Kr\u00e1lovstv\u00ed. Jestli se v\u00e1m ihned vybavili kr\u00e1lovsk\u00e9 l\u00f3\u017ee, pal\u00e1c a koruna, tak jste na omylu. Pro t\u00e1tu Roye a Carla to je jejich osamocen\u00e9 s\u00eddlo v\u00a0kopc\u00edch s velk\u00fdmi pozemky, n\u00e1dhernou p\u0159\u00edrodou a v\u00a0zim\u011b se sn\u011bhem, kter\u00fd se ob\u010das zbarv\u00ed do\u010dervena&#8230;<\/p>\n<p>Co autor rozhodn\u011b um\u00ed, to je psan\u00ed popis\u016f. Sice se m\u016f\u017ee zd\u00e1t, \u017ee pr\u00e1v\u011b kv\u016fli nim nebude p\u0159\u00edb\u011bh ods\u00fdpat, ba pr\u00e1v\u011b naopak. Jo Nesb\u00f8 um\u00ed skv\u011ble ps\u00e1t a p\u0159edat to, co zrovna pot\u0159ebuje, jako smutek, pocit viny, zrady, ale t\u0159eba i zaj\u00edmav\u00e9 my\u0161lenky, kter\u00fdmi byla kniha obohacena. Skv\u011ble vykreslil lidsk\u00e9 charaktery a netypick\u00e9 postavy. Bylo zaj\u00edmav\u00e9 sledovat, co se jim zrovna hon\u00ed hlavou. Dle m\u00e9ho m\u011bl d\u011bj sp\u00e1d a i takovou \u201ecihli\u010dku\u201c jsem dok\u00e1zal p\u0159e\u010d\u00edst za p\u00e1r dn\u00ed. N\u011bkde v\u00a0jedn\u00e9 recenzi jsem \u010detl, \u017ee n\u011bkomu vadily pr\u00e1v\u011b zbyte\u010dn\u011b dlouh\u00e9 popisy, ale m\u011b zrovna u Kr\u00e1lovstv\u00ed bavily, dod\u00e1valy velk\u00fd p\u0159\u00edsun ponur\u00e9 atmosf\u00e9ry a byly naps\u00e1ny v\u00fdborn\u011b. Za to pat\u0159\u00ed velk\u00fd d\u00edk i p\u0159ekladatelce knihy.<\/p>\n<p>Kr\u00e1lovstv\u00ed bylo m\u00fdm prvn\u00edm setk\u00e1n\u00edm s\u00a0autorem, ale jsem r\u00e1d, \u017ee nezklamal v boji s\u00a0m\u00fdmi vysok\u00fdmi o\u010dek\u00e1v\u00e1n\u00edmi, kter\u00e1 jsem p\u0159irozen\u011b m\u011bl, kdy\u017e jsem na jeho thrillery a detektivky sly\u0161el spoustu chv\u00e1ly. Te\u010f u\u017e se k\u00a0nad\u0161en\u00ed m\u016f\u017eu p\u0159idat tak\u00e9.<\/p>\n<p>Knihu jsem tematicky za\u010dal \u010d\u00edst, kdy\u017e napadl prvn\u00ed sn\u00edh. Chlad, kter\u00fd byl venku za okny, na m\u011b \u0161el i p\u0159i \u010dten\u00ed drsn\u00e9ho p\u0159\u00edb\u011bhu, ze kter\u00e9ho ponur\u00e1 a mraziv\u00e1 atmosf\u00e9ra \u00fapln\u011b sr\u0161ela.<\/p>\n<p>Pokud jste fanou\u0161ky, je mi jasn\u00e9, \u017ee tuto knihu nem\u016f\u017eete minout, ale pokud jste na tento \u010dl\u00e1nek narazili a cht\u011bli byste s\u00a0trochu drsn\u011bj\u0161\u00edmi seversk\u00fdmi thrillery za\u010d\u00edt, Kr\u00e1lovstv\u00ed bude do tohoto mraziv\u00e9ho po\u010das\u00ed se zasn\u011b\u017eenou krajinou ide\u00e1ln\u00ed volbou.<\/p>\n<p>\u00a0<\/p>\n<p>Patrik K\u0159\u00ed\u017e<\/p>\n<p>(@bookbypatrik)<\/p>\n<p>Autor:\u00a0Patrik K\u0159\u00ed\u017e<\/p>\n","protected":false},"excerpt":{"rendered":"<p>2 brat\u0159i, 1 vesnice v\u00a0norsk\u00fdch hor\u00e1ch, 1 hotel a n\u011bkolik osud\u016f, kter\u00e9 neskon\u010d\u00ed dob\u0159e. Kdo za v\u0161\u00edm stoj\u00ed? A vyplave v\u0161e na povrch, kdy\u017e skoro ka\u017ed\u00fd \u010dlov\u011bk ve vesnici nese na sv\u00fdch bedrech alespo\u0148 malou \u010d\u00e1st viny?<\/p>\n","protected":false},"author":2,"featured_media":325776,"comment_status":"open","ping_status":"open","sticky":false,"template":"","format":"standard","meta":{"_acf_changed":false,"_monsterinsights_skip_tracking":false,"_monsterinsights_sitenote_active":false,"_monsterinsights_sitenote_note":"","_monsterinsights_sitenote_category":0,"_EventAllDay":false,"_EventTimezone":"","_EventStartDate":"","_EventEndDate":"","_EventStartDateUTC":"","_EventEndDateUTC":"","_EventShowMap":false,"_EventShowMapLink":false,"_EventURL":"","_EventCost":"","_EventCostDescription":"","_EventCurrencySymbol":"","_EventCurrencyCode":"","_EventCurrencyPosition":"","_EventDateTimeSeparator":"","_EventTimeRangeSeparator":"","_EventOrganizerID":[],"_EventVenueID":[],"_OrganizerEmail":"","_OrganizerPhone":"","_OrganizerWebsite":"","_VenueAddress":"","_VenueCity":"","_VenueCountry":"","_VenueProvince":"","_VenueState":"","_VenueZip":"","_VenuePhone":"","_VenueURL":"","_VenueStateProvince":"","_VenueLat":"","_VenueLng":"","_VenueShowMap":false,"_VenueShowMapLink":false,"twitterCardType":"","cardImageID":0,"cardImage":"","cardTitle":"","cardDesc":"","cardImageAlt":"","cardPlayer":"","cardPlayerWidth":0,"cardPlayerHeight":0,"cardPlayerStream":"","cardPlayerCodec":"","footnotes":""},"categories":[7],"tags":[21832],"class_list":["post-325775","post","type-post","status-publish","format-standard","has-post-thumbnail","hentry","category-recenze","tag-literarni-kavarna"],"acf":{"related_products":null},"_links":{"self":[{"href":"https:\/\/www.luxor.cz\/blog\/wp-json\/wp\/v2\/posts\/325775","targetHints":{"allow":["GET"]}}],"collection":[{"href":"https:\/\/www.luxor.cz\/blog\/wp-json\/wp\/v2\/posts"}],"about":[{"href":"https:\/\/www.luxor.cz\/blog\/wp-json\/wp\/v2\/types\/post"}],"author":[{"embeddable":true,"href":"https:\/\/www.luxor.cz\/blog\/wp-json\/wp\/v2\/users\/2"}],"replies":[{"embeddable":true,"href":"https:\/\/www.luxor.cz\/blog\/wp-json\/wp\/v2\/comments?post=325775"}],"version-history":[{"count":0,"href":"https:\/\/www.luxor.cz\/blog\/wp-json\/wp\/v2\/posts\/325775\/revisions"}],"wp:featuredmedia":[{"embeddable":true,"href":"https:\/\/www.luxor.cz\/blog\/wp-json\/wp\/v2\/media\/325776"}],"wp:attachment":[{"href":"https:\/\/www.luxor.cz\/blog\/wp-json\/wp\/v2\/media?parent=325775"}],"wp:term":[{"taxonomy":"category","embeddable":true,"href":"https:\/\/www.luxor.cz\/blog\/wp-json\/wp\/v2\/categories?post=325775"},{"taxonomy":"post_tag","embeddable":true,"href":"https:\/\/www.luxor.cz\/blog\/wp-json\/wp\/v2\/tags?post=325775"}],"curies":[{"name":"wp","href":"https:\/\/api.w.org\/{rel}","templated":true}]}}