{"id":325769,"date":"2021-01-27T17:16:37","date_gmt":"2021-01-27T16:16:37","guid":{"rendered":"https:\/\/www.luxor.cz\/blog\/nezarazene\/63151-cervena-propiska-pise-o-materstine-mile-a-bez-nasili\/"},"modified":"2021-01-27T17:16:37","modified_gmt":"2021-01-27T16:16:37","slug":"63151-cervena-propiska-pise-o-materstine-mile-a-bez-nasili","status":"publish","type":"post","link":"https:\/\/www.luxor.cz\/blog\/recenze\/63151-cervena-propiska-pise-o-materstine-mile-a-bez-nasili\/","title":{"rendered":"\u010cerven\u00e1 propiska p\u00ed\u0161e o mate\u0159\u0161tin\u011b mile a bez n\u00e1sil\u00ed"},"content":{"rendered":"<p>Internet v tomto sm\u011bru mnoh\u00e9 uleh\u010dil, p\u0159esto se daj\u00ed i ty nejv\u011bt\u0161\u00ed z\u00e1ludnosti zapamatovat a procvi\u010dit celkem bezbolestn\u011b, a dokonce z\u00e1bavn\u011b.<\/p>\n<p>Dokazuje to nov\u00e1 publikace <strong>100 perli\u010dek pro (ne)milovn\u00edky \u010de\u0161tiny<\/strong> od autorsk\u00e9 dvojice zn\u00e1m\u00e9 pod pseudonymem \u010cerven\u00e1 propiska. <strong>Sabinu Strakovou<\/strong> a <strong>Karlu Tchawou Tchuisseu<\/strong> poj\u00ed profese korektorek a hlavn\u011b l\u00e1ska k rodn\u00e9mu jazyku, kter\u00e9mu se rozhodly v\u011bnovat i ve voln\u00e9m \u010dase. <strong>\u010ce\u0161tin\u011b zasv\u011btily blog, spole\u010dn\u00fd instagramov\u00fd profil i podcast \u010ce\u0161tina je l\u00e1ska.<\/strong><\/p>\n<p>\u201ePro spoustu lid\u00ed je studium \u010de\u0161tiny nutn\u00e9 zlo omezen\u00e9 pouze na \u0161koln\u00ed l\u00e9ta a m\u00e1lokoho napadne po ukon\u010den\u00e9m studiu znalosti sv\u00e9 mate\u0159\u0161tiny opra\u0161ovat,\u201c p\u00ed\u0161\u00ed v \u00favodu ke knize.\u00a0<\/p>\n<p>\u201eA proto jsme tu my, abychom nejen touto publikac\u00ed, ale i na soci\u00e1ln\u00edch s\u00edt\u00edch pouk\u00e1zaly z\u00e1bavnou formou na nej\u010dast\u011bj\u0161\u00ed perli\u010dky \u010desk\u00e9ho jazyka. Sna\u017e\u00edme se \u010deskou gramatiku, pravopis, ale i literaturu pod\u00e1vat milou a nen\u00e1silnou formou,\u201c uv\u00e1d\u00ed.<\/p>\n<p>Kniha tak funguje z\u00e1rove\u0148 jako z\u00e1bavn\u00e1 u\u010debnice a pracovn\u00ed se\u0161it s kl\u00ed\u010dem i jako p\u0159ehledn\u00fd slovn\u00edk nej\u010dast\u011bj\u0161\u00edch \u010de\u0161tin\u00e1\u0159sk\u00fdch perli\u010dek s mnoha osobn\u00edmi tipy autorek, jak si jejich spr\u00e1vnou podobu nejl\u00e9pe zapamatovat.<\/p>\n<p>Knihu vyd\u00e1v\u00e1 nakladatelstv\u00ed Universum a autorkou ilustrac\u00ed je Anna Mackov\u00e1.<\/p>\n<p>Zdroj: <a href=\"https:\/\/www.idnes.cz\/kultura\/literatura\/100-perlicek-pro-ne-milovniky-cestiny-cervena-propiska.A200922_094153_literatura_ts\" target=\"_blank\" rel=\"noopener\">https:\/\/www.idnes.cz\/kultura\/literatura\/100-perlicek-pro-ne-milovniky-cestiny-cervena-propiska.A200922_094153_literatura_ts<\/a><\/p>\n<p>Autor:\u00a0Vyb\u00edr\u00e1me z m\u00e9di\u00ed: Idnes.cz<\/p>\n","protected":false},"excerpt":{"rendered":"<p>Hranolek, nebo hranolka? Frustrovan\u00fd, \u010di flustrovan\u00fd? Dv\u011bma, dv\u011bmi, \u010di dvouma? <\/p>\n<p>\u010cesk\u00fd jazyk jsme se u\u010dili v\u0161ichni, p\u0159esto dodnes mnoh\u00fdm z\u016fst\u00e1vaj\u00ed po letech str\u00e1ven\u00fdch ve \u0161koln\u00edch lavic\u00edch sp\u00ed\u0161e ot\u00e1zky ne\u017e odpov\u011bdi.<\/p>\n","protected":false},"author":2,"featured_media":325770,"comment_status":"open","ping_status":"open","sticky":false,"template":"","format":"standard","meta":{"_acf_changed":false,"_monsterinsights_skip_tracking":false,"_monsterinsights_sitenote_active":false,"_monsterinsights_sitenote_note":"","_monsterinsights_sitenote_category":0,"_EventAllDay":false,"_EventTimezone":"","_EventStartDate":"","_EventEndDate":"","_EventStartDateUTC":"","_EventEndDateUTC":"","_EventShowMap":false,"_EventShowMapLink":false,"_EventURL":"","_EventCost":"","_EventCostDescription":"","_EventCurrencySymbol":"","_EventCurrencyCode":"","_EventCurrencyPosition":"","_EventDateTimeSeparator":"","_EventTimeRangeSeparator":"","_EventOrganizerID":[],"_EventVenueID":[],"_OrganizerEmail":"","_OrganizerPhone":"","_OrganizerWebsite":"","_VenueAddress":"","_VenueCity":"","_VenueCountry":"","_VenueProvince":"","_VenueState":"","_VenueZip":"","_VenuePhone":"","_VenueURL":"","_VenueStateProvince":"","_VenueLat":"","_VenueLng":"","_VenueShowMap":false,"_VenueShowMapLink":false,"twitterCardType":"","cardImageID":0,"cardImage":"","cardTitle":"","cardDesc":"","cardImageAlt":"","cardPlayer":"","cardPlayerWidth":0,"cardPlayerHeight":0,"cardPlayerStream":"","cardPlayerCodec":"","footnotes":""},"categories":[7],"tags":[21832],"class_list":["post-325769","post","type-post","status-publish","format-standard","has-post-thumbnail","hentry","category-recenze","tag-literarni-kavarna"],"acf":{"related_products":null},"_links":{"self":[{"href":"https:\/\/www.luxor.cz\/blog\/wp-json\/wp\/v2\/posts\/325769","targetHints":{"allow":["GET"]}}],"collection":[{"href":"https:\/\/www.luxor.cz\/blog\/wp-json\/wp\/v2\/posts"}],"about":[{"href":"https:\/\/www.luxor.cz\/blog\/wp-json\/wp\/v2\/types\/post"}],"author":[{"embeddable":true,"href":"https:\/\/www.luxor.cz\/blog\/wp-json\/wp\/v2\/users\/2"}],"replies":[{"embeddable":true,"href":"https:\/\/www.luxor.cz\/blog\/wp-json\/wp\/v2\/comments?post=325769"}],"version-history":[{"count":0,"href":"https:\/\/www.luxor.cz\/blog\/wp-json\/wp\/v2\/posts\/325769\/revisions"}],"wp:featuredmedia":[{"embeddable":true,"href":"https:\/\/www.luxor.cz\/blog\/wp-json\/wp\/v2\/media\/325770"}],"wp:attachment":[{"href":"https:\/\/www.luxor.cz\/blog\/wp-json\/wp\/v2\/media?parent=325769"}],"wp:term":[{"taxonomy":"category","embeddable":true,"href":"https:\/\/www.luxor.cz\/blog\/wp-json\/wp\/v2\/categories?post=325769"},{"taxonomy":"post_tag","embeddable":true,"href":"https:\/\/www.luxor.cz\/blog\/wp-json\/wp\/v2\/tags?post=325769"}],"curies":[{"name":"wp","href":"https:\/\/api.w.org\/{rel}","templated":true}]}}