{"id":325765,"date":"2021-01-29T14:23:43","date_gmt":"2021-01-29T13:23:43","guid":{"rendered":"https:\/\/www.luxor.cz\/blog\/nezarazene\/63153-kam-vede-slepa-vira-v-jedno-videni-sveta-odhaluje-dobyvani-nebe\/"},"modified":"2021-01-29T14:23:43","modified_gmt":"2021-01-29T13:23:43","slug":"63153-kam-vede-slepa-vira-v-jedno-videni-sveta-odhaluje-dobyvani-nebe","status":"publish","type":"post","link":"https:\/\/www.luxor.cz\/blog\/recenze\/63153-kam-vede-slepa-vira-v-jedno-videni-sveta-odhaluje-dobyvani-nebe\/","title":{"rendered":"Kam vede slep\u00e1 v\u00edra v jedno vid\u011bn\u00ed sv\u011bta, odhaluje Dob\u00fdv\u00e1n\u00ed nebe"},"content":{"rendered":"<p>Dob\u00fdv\u00e1n\u00ed nebe je znamenitou genera\u010dn\u00ed v\u00fdpov\u011bd\u00ed, nepodb\u00edzivou a sv\u00e9hlavou, kter\u00e1 se navzdory sv\u00e9 komplexit\u011b nakonec hrd\u011b vrac\u00ed k z\u00e1kladn\u00edm lidsk\u00fdm hodnot\u00e1m.<\/p>\n<p>Jsou letn\u00ed l\u00e1sky a p\u0159\u00e1telstv\u00ed, kter\u00e1 spole\u010dn\u011b s prvn\u00edmi zlatav\u00fdmi listy odvane v\u00edtr. Pak jsou takov\u00e1, je\u017e p\u0159ekonaj\u00ed n\u00e1stup podzimu i chvilkov\u00e1 odcizen\u00ed a \u010dlov\u011bku nav\u017edy zm\u011bn\u00ed \u017eivot.\u00a0<\/p>\n<p>T\u0159eba jako Terese, vyprav\u011b\u010dce rom\u00e1nu Dob\u00fdv\u00e1n\u00ed nebe. V jihoitalsk\u00e9 Apulii se jako n\u00e1ctilet\u00e1 seznamuje s Bernem, Tommasem a Nicolou. Chlapci z nedalek\u00e9ho statku, kter\u00e9 v dosti nezvykl\u00e9m a v\u00edrou veden\u00e9m uspo\u0159\u00e1d\u00e1n\u00ed vychov\u00e1v\u00e1 Cesare, otec posledn\u00edho ze jmenovan\u00fdch.<\/p>\n<p>\u00dast\u0159edn\u00ed \u010dtve\u0159ici hrdin\u016f Giordano zachycuje od brzk\u00fdch -n\u00e1cti a\u017e za hranici t\u0159ic\u00edtky a zat\u00edmco na ka\u017edodenn\u00ed \u00farovni je konfrontuje s b\u011b\u017en\u00fdmi mal\u00e9ry, zamilov\u00e1n\u00edmi a revoltami, v glob\u00e1lu je zasazuje do prost\u0159ed\u00ed mnohdy extr\u00e9mn\u00edho, veden\u00e9ho slepou v\u00edrou v jedno vid\u011bn\u00ed sv\u011bta.<\/p>\n<p>Jak jednotliv\u00ed hrdinov\u00e9 dosp\u00edvaj\u00ed, zrcadl\u00ed v nich Giordano slabiny konzumn\u00ed spole\u010dnosti i opozitn\u00edho alternativn\u00edho \u017eit\u00ed. Sympaticky neukazuje prstem na spr\u00e1vn\u00e9 a \u0161patn\u00e9, nestav\u00ed zdi ani propasti, s\u00e1m nazna\u010duje, \u017ee pravda bude jako ji\u017e mnohokr\u00e1t le\u017eet n\u011bkde mezi.<\/p>\n<p>Vztah \u010dlov\u011bka k p\u0159\u00edrod\u011b (a p\u016fd\u011b) je alfou a omegou \u017eivot\u016f t\u00e9m\u011b\u0159 v\u0161ech z\u00fa\u010dastn\u011bn\u00fdch, le\u010d pro jedny je neposkvrnitelnou svatyn\u00ed a pro druh\u00e9 jen prost\u0159edkem k maximalizaci zisku.<\/p>\n<p>P\u0159esto Dob\u00fdv\u00e1n\u00ed nebe navzdory v\u0161em trefn\u00fdm post\u0159eh\u016fm a sv\u011bdectv\u00edm o povaze jedn\u00e9, zna\u010dn\u011b rozpolcen\u00e9 generace v\u00e9vod\u00ed milostn\u00fd p\u0159\u00edb\u011bh Berna a Teresy. Bolestiv\u00fd, nad\u010dasov\u00fd, jen\u017e d\u00e1v\u00e1 slovn\u00edmu spojen\u00ed \u201el\u00e1ska a\u017e za hrob\u201c mraziv\u00fd rozm\u011br. Jsou to toti\u017e krajnosti, mezn\u00ed situace, o kter\u00e9 Giordano p\u0159\u00edb\u011bh op\u00edr\u00e1.<\/p>\n<p>Chronologicky neuspo\u0159\u00e1dan\u00e9 vypr\u00e1v\u011bn\u00ed zaru\u010duje \u010dten\u00e1\u0159i nezvyklou perspektivu. Motivace a \u010diny protagonist\u016f m\u016f\u017ee sledovat tu s v\u011bdom\u00edm budouc\u00edho, tu minul\u00e9ho, zcela v duchu my\u0161lenky \u201ev\u0161echno souvis\u00ed se v\u0161\u00edm\u201c.\u00a0<\/p>\n<p>Vyzdvihnout je t\u0159eba tak\u00e9 p\u0159eklad Alice Flemrov\u00e9, kter\u00e1 sama v z\u00e1v\u011bru knihy nab\u00edz\u00ed cenn\u00fd pohled na genezi Paola Giordana jako spisovatele i uzn\u00e1van\u00e9ho intelektu\u00e1la. Sledovat jeho dal\u0161\u00ed cestu bude velmi zaj\u00edmav\u00e9, obzvl\u00e1\u0161\u0165 pokud nad\u00e1le dovede tak neot\u0159ele vn\u00edmat a zaznamen\u00e1vat sv\u011bt okolo sebe.\u00a0<\/p>\n<p>Hodnocen\u00ed\u00ad: 90 %<\/p>\n<p>Autor: Monika Zav\u0159elov\u00e1<\/p>\n<p>Zdroj: <br \/>https:\/\/www.idnes.cz\/kultura\/literatura\/paolo-giordano-dobyvani-nebe-recenze-odeon-kniha-literatura.A200729_085938_literatura_kiz<\/p>\n<p>Autor:\u00a0Vyb\u00edr\u00e1me z m\u00e9di\u00ed: Idnes.cz<\/p>\n","protected":false},"excerpt":{"rendered":"<p>P\u0159ekon\u00e1vat, dob\u00fdvat, m\u011bnit. Italsk\u00fd spisovatel a teoretick\u00fd fyzik Paolo Giordano zasv\u011btil sv\u016fj \u010dtvrt\u00fd rom\u00e1n t\u011bm, kter\u00e9 neklid du\u0161e dovede a\u017e na samotn\u00fd okraj existence.<\/p>\n","protected":false},"author":2,"featured_media":325766,"comment_status":"open","ping_status":"open","sticky":false,"template":"","format":"standard","meta":{"_acf_changed":false,"_monsterinsights_skip_tracking":false,"_monsterinsights_sitenote_active":false,"_monsterinsights_sitenote_note":"","_monsterinsights_sitenote_category":0,"_EventAllDay":false,"_EventTimezone":"","_EventStartDate":"","_EventEndDate":"","_EventStartDateUTC":"","_EventEndDateUTC":"","_EventShowMap":false,"_EventShowMapLink":false,"_EventURL":"","_EventCost":"","_EventCostDescription":"","_EventCurrencySymbol":"","_EventCurrencyCode":"","_EventCurrencyPosition":"","_EventDateTimeSeparator":"","_EventTimeRangeSeparator":"","_EventOrganizerID":[],"_EventVenueID":[],"_OrganizerEmail":"","_OrganizerPhone":"","_OrganizerWebsite":"","_VenueAddress":"","_VenueCity":"","_VenueCountry":"","_VenueProvince":"","_VenueState":"","_VenueZip":"","_VenuePhone":"","_VenueURL":"","_VenueStateProvince":"","_VenueLat":"","_VenueLng":"","_VenueShowMap":false,"_VenueShowMapLink":false,"twitterCardType":"","cardImageID":0,"cardImage":"","cardTitle":"","cardDesc":"","cardImageAlt":"","cardPlayer":"","cardPlayerWidth":0,"cardPlayerHeight":0,"cardPlayerStream":"","cardPlayerCodec":"","footnotes":""},"categories":[7],"tags":[21832],"class_list":["post-325765","post","type-post","status-publish","format-standard","has-post-thumbnail","hentry","category-recenze","tag-literarni-kavarna"],"acf":{"related_products":null},"_links":{"self":[{"href":"https:\/\/www.luxor.cz\/blog\/wp-json\/wp\/v2\/posts\/325765","targetHints":{"allow":["GET"]}}],"collection":[{"href":"https:\/\/www.luxor.cz\/blog\/wp-json\/wp\/v2\/posts"}],"about":[{"href":"https:\/\/www.luxor.cz\/blog\/wp-json\/wp\/v2\/types\/post"}],"author":[{"embeddable":true,"href":"https:\/\/www.luxor.cz\/blog\/wp-json\/wp\/v2\/users\/2"}],"replies":[{"embeddable":true,"href":"https:\/\/www.luxor.cz\/blog\/wp-json\/wp\/v2\/comments?post=325765"}],"version-history":[{"count":0,"href":"https:\/\/www.luxor.cz\/blog\/wp-json\/wp\/v2\/posts\/325765\/revisions"}],"wp:featuredmedia":[{"embeddable":true,"href":"https:\/\/www.luxor.cz\/blog\/wp-json\/wp\/v2\/media\/325766"}],"wp:attachment":[{"href":"https:\/\/www.luxor.cz\/blog\/wp-json\/wp\/v2\/media?parent=325765"}],"wp:term":[{"taxonomy":"category","embeddable":true,"href":"https:\/\/www.luxor.cz\/blog\/wp-json\/wp\/v2\/categories?post=325765"},{"taxonomy":"post_tag","embeddable":true,"href":"https:\/\/www.luxor.cz\/blog\/wp-json\/wp\/v2\/tags?post=325765"}],"curies":[{"name":"wp","href":"https:\/\/api.w.org\/{rel}","templated":true}]}}