{"id":325761,"date":"2021-02-02T16:13:46","date_gmt":"2021-02-02T15:13:46","guid":{"rendered":"https:\/\/www.luxor.cz\/blog\/nezarazene\/63155-s-dablem-v-patach\/"},"modified":"2021-02-02T16:13:46","modified_gmt":"2021-02-02T15:13:46","slug":"63155-s-dablem-v-patach","status":"publish","type":"post","link":"https:\/\/www.luxor.cz\/blog\/recenze\/63155-s-dablem-v-patach\/","title":{"rendered":"S \u010f\u00e1blem v pat\u00e1ch"},"content":{"rendered":"<p>Oliver P\u00f6tzsch je n\u011bmeck\u00fd spisovatel, kter\u00e9ho ji\u017e v\u00a0ran\u00e9m v\u011bku zaujal p\u0159\u00edb\u011bh doktora Fausta. Jeho z\u00e1jem se \u010dasem prohluboval, a\u017e se rozhodl, \u017ee tento kanonick\u00fd p\u0159\u00edb\u011bh sep\u00ed\u0161e dle sv\u00e9ho. A tak vznikl Kejkl\u00ed\u0159.<\/p>\n<p>Historick\u00fd rom\u00e1n s\u00a0n\u00e1zvem Kejkl\u00ed\u0159 n\u00e1s p\u0159iv\u00e1d\u00ed na p\u0159elom 15. a 16. stolet\u00ed do n\u011bmeck\u00e9ho m\u011bsta Knittlingen, kde potk\u00e1v\u00e1me mlad\u00e9ho \u0161estn\u00e1ctilet\u00e9ho Johanna Georga Fausta. Tento mlad\u00edk v\u017edy vy\u010duhoval mezi ostatn\u00edmi obyvateli m\u011bste\u010dka p\u0159edev\u0161\u00edm svou bystrost\u00ed, inteligenc\u00ed, ale i kur\u00e1\u017e\u00ed, kter\u00e1 se m\u00edsty m\u011bnila a\u017e v\u00a0aroganci. Faust m\u011bl zkr\u00e1tka v\u017edy pocit, \u017ee je n\u011bco v\u00edc a mohl by v\u00a0\u017eivot\u011b dok\u00e1zat velk\u00e9 v\u011bci. V\u00a0t\u011bchto my\u0161lenk\u00e1ch ho podporovala i jeho miluj\u00edc\u00ed matka.<\/p>\n<p>Johann m\u011bl velmi r\u00e1d zdol\u00e1v\u00e1n\u00ed nov\u00fdch v\u00fdzev, a p\u0159edev\u0161\u00edm z\u00edsk\u00e1v\u00e1n\u00ed znalost\u00ed. Fascinovalo ho tajemno a vlastn\u011b v\u0161e, nad \u010d\u00edm si musel l\u00e1mat hlavu. Kdy\u017e jednoho dne do m\u011bsta p\u0159ijeli kejkl\u00ed\u0159i, Johann se setkal s\u00a0kouzeln\u00edkem Toniem del Moravia. Tonio byl velmi v\u00e1\u017een\u00fd astrolog, chiromant a tak\u00e9 u\u010denec, kter\u00fd mlad\u00e9mu Johannovi nab\u00eddl sv\u00e9 znalosti a cel\u00fd sv\u011bt jako na dlani. To bylo p\u0159esn\u011b to, po \u010dem chud\u00fd mlad\u00edk v\u017edy tou\u017eil, a tak se ke kouzeln\u00edkovi p\u0159ipojil. Cestovali spolu celou N\u011bmeckou \u0159\u00ed\u0161\u00ed, a i kdy\u017e byl Tonio tvrd\u00fdm a nesmlouvav\u00fdm u\u010ditelem, dovolil Johannovi r\u016fst a objevovat v\u0161e, po \u010dem jeho srdce tou\u017eilo.<\/p>\n<p>\u010c\u00edm del\u0161\u00ed \u010das ov\u0161em Johann s\u00a0Toniem pob\u00fdval, t\u00edm siln\u011bj\u0161\u00ed byl jeho pocit, \u017ee se kolem n\u011bj stahuj\u00ed n\u011bjak\u00e9 velmi temn\u00e9 s\u00edly. Jeho obavy byly den ode dne siln\u011bj\u0161\u00ed, a tak se Johann rozhodl, \u017ee mu bude l\u00e9pe bez jeho u\u010ditelem, a rozhodl se uprchnout. Ov\u0161em Tonio nen\u00ed jen tak oby\u010dejn\u00fd \u0161arlat\u00e1n, a proto v\u00a0Johannovi z\u016fst\u00e1val dojem, \u017ee z\u00a0kouzeln\u00edkov\u00fdch sp\u00e1r\u016f nedok\u00e1\u017ee nikdy \u00fapln\u011b uniknout.<\/p>\n<p>Jak u\u017e jsem podot\u00fdkala, Oliver P\u00f6tzsch je velk\u00fdm milovn\u00edkem Fausta. Jeho prvn\u00ed setk\u00e1n\u00ed s\u00a0t\u00edmto p\u0159\u00edb\u011bhem prob\u011bhlo, kdy\u017e mu bylo \u0161est let a v\u00a0televizi zahl\u00e9dl expresionistick\u00fd film Faust &#8211; n\u011bmeck\u00e1 lidov\u00e1 pov\u011bst. Tento sn\u00edmek se mu tak vryl pod k\u016f\u017ei, \u017ee na gymn\u00e1ziu chyb\u011bl u\u017e jen kr\u016f\u010dek, aby se zamiloval do Goethova Fausta, kter\u00e9ho mu p\u0159edstavil jeho tehdej\u0161\u00ed u\u010ditel.<\/p>\n<p>P\u0159\u00edb\u011bh, kter\u00fd n\u00e1m autor p\u0159in\u00e1\u0161\u00ed, je jist\u011b inspirov\u00e1n i Goethem, v\u017edy\u0165 v\u00a0n\u011bm najdeme i jeho citace, ale z\u00e1rove\u0148 je i zcela jin\u00fd a origin\u00e1ln\u00ed. V\u00a0knize Kejkl\u00ed\u0159 je n\u00e1m Johann Georg Faust p\u0159edstavov\u00e1n jako re\u00e1ln\u00e1 historick\u00e1 postava, kterou dle v\u0161eho tak\u00e9 byl. Nicm\u00e9n\u011b \u010dten\u00e1\u0159 ani v\u00a0tomto p\u0159\u00edb\u011bhu nen\u00ed ochuzen o notnou d\u00e1vku nadp\u0159irozena, tajemna a dobrodru\u017estv\u00ed, kter\u00e9 \u0161lo s\u00a0p\u0159\u00edb\u011bhem Fausta ruku v\u00a0ruce.<\/p>\n<p>Tento historick\u00fd rom\u00e1n \u010dten\u00e1\u0159e pohlt\u00ed od prvn\u00ed str\u00e1nky, d\u00edky p\u0159ita\u017elivosti Faustovy postavy, kter\u00e1 se v\u00a0cel\u00e9m d\u00edle zaj\u00edmav\u011b vyv\u00edj\u00ed a posouv\u00e1. Pozorujeme, jak se z\u00a0mlad\u00e9ho chud\u00e9ho hocha st\u00e1v\u00e1 v\u00e1\u017een\u00fd dosp\u011bl\u00fd mu\u017e, kter\u00fd prahne p\u0159edev\u0161\u00edm po v\u011bd\u011bn\u00ed, ale tak\u00e9 po uzn\u00e1n\u00ed a v\u00a0neposledn\u00ed \u0159ad\u011b po l\u00e1sce. V\u00a0Kejkl\u00ed\u0159i je pro ka\u017ed\u00e9ho n\u011bco, a\u0165 u\u017e m\u00e1te r\u00e1di historii, dobrodru\u017estv\u00ed, tajemno, romantiku \u010di cestov\u00e1n\u00ed. Tato kniha je velmi zaj\u00edmav\u00fdm a poutav\u00fdm p\u0159evypr\u00e1v\u011bn\u00edm neoby\u010dejn\u00e9ho \u017eivotn\u00edho p\u0159\u00edb\u011bhu, kter\u00fd si m\u011b osobn\u011b velmi z\u00edskal.<\/p>\n<p>\u00a0<\/p>\n<p>Kristina Heklov\u00e1<\/p>\n<p>Autor:\u00a0Kristina Heklov\u00e1<\/p>\n","protected":false},"excerpt":{"rendered":"<p>Mysl\u00edm, \u017ee ka\u017ed\u00fd z\u00a0n\u00e1s si n\u011bkdy n\u011bco vroucn\u011b p\u0159\u00e1l. Mo\u017en\u00e1 to byla jen n\u011bjak\u00e1 drobnost, ale mo\u017en\u00e1 to bylo n\u011bco opravdu velk\u00e9ho, nebo dokonce zl\u00e9ho. \u0158\u00edk\u00e1 se ale, \u017ee nic nen\u00ed zadarmo. Co byste byli ochotni zaplatit za spln\u011bn\u00ed sv\u00e9ho nejtajn\u011bj\u0161\u00edho p\u0159\u00e1n\u00ed?<\/p>\n","protected":false},"author":2,"featured_media":325762,"comment_status":"open","ping_status":"open","sticky":false,"template":"","format":"standard","meta":{"_acf_changed":false,"_monsterinsights_skip_tracking":false,"_monsterinsights_sitenote_active":false,"_monsterinsights_sitenote_note":"","_monsterinsights_sitenote_category":0,"_EventAllDay":false,"_EventTimezone":"","_EventStartDate":"","_EventEndDate":"","_EventStartDateUTC":"","_EventEndDateUTC":"","_EventShowMap":false,"_EventShowMapLink":false,"_EventURL":"","_EventCost":"","_EventCostDescription":"","_EventCurrencySymbol":"","_EventCurrencyCode":"","_EventCurrencyPosition":"","_EventDateTimeSeparator":"","_EventTimeRangeSeparator":"","_EventOrganizerID":[],"_EventVenueID":[],"_OrganizerEmail":"","_OrganizerPhone":"","_OrganizerWebsite":"","_VenueAddress":"","_VenueCity":"","_VenueCountry":"","_VenueProvince":"","_VenueState":"","_VenueZip":"","_VenuePhone":"","_VenueURL":"","_VenueStateProvince":"","_VenueLat":"","_VenueLng":"","_VenueShowMap":false,"_VenueShowMapLink":false,"twitterCardType":"","cardImageID":0,"cardImage":"","cardTitle":"","cardDesc":"","cardImageAlt":"","cardPlayer":"","cardPlayerWidth":0,"cardPlayerHeight":0,"cardPlayerStream":"","cardPlayerCodec":"","footnotes":""},"categories":[7],"tags":[21832],"class_list":["post-325761","post","type-post","status-publish","format-standard","has-post-thumbnail","hentry","category-recenze","tag-literarni-kavarna"],"acf":{"related_products":null},"_links":{"self":[{"href":"https:\/\/www.luxor.cz\/blog\/wp-json\/wp\/v2\/posts\/325761","targetHints":{"allow":["GET"]}}],"collection":[{"href":"https:\/\/www.luxor.cz\/blog\/wp-json\/wp\/v2\/posts"}],"about":[{"href":"https:\/\/www.luxor.cz\/blog\/wp-json\/wp\/v2\/types\/post"}],"author":[{"embeddable":true,"href":"https:\/\/www.luxor.cz\/blog\/wp-json\/wp\/v2\/users\/2"}],"replies":[{"embeddable":true,"href":"https:\/\/www.luxor.cz\/blog\/wp-json\/wp\/v2\/comments?post=325761"}],"version-history":[{"count":0,"href":"https:\/\/www.luxor.cz\/blog\/wp-json\/wp\/v2\/posts\/325761\/revisions"}],"wp:featuredmedia":[{"embeddable":true,"href":"https:\/\/www.luxor.cz\/blog\/wp-json\/wp\/v2\/media\/325762"}],"wp:attachment":[{"href":"https:\/\/www.luxor.cz\/blog\/wp-json\/wp\/v2\/media?parent=325761"}],"wp:term":[{"taxonomy":"category","embeddable":true,"href":"https:\/\/www.luxor.cz\/blog\/wp-json\/wp\/v2\/categories?post=325761"},{"taxonomy":"post_tag","embeddable":true,"href":"https:\/\/www.luxor.cz\/blog\/wp-json\/wp\/v2\/tags?post=325761"}],"curies":[{"name":"wp","href":"https:\/\/api.w.org\/{rel}","templated":true}]}}