{"id":325757,"date":"2021-02-03T13:32:03","date_gmt":"2021-02-03T12:32:03","guid":{"rendered":"https:\/\/www.luxor.cz\/blog\/nezarazene\/63158-svet-pokriveny-valkou\/"},"modified":"2021-02-03T13:32:03","modified_gmt":"2021-02-03T12:32:03","slug":"63158-svet-pokriveny-valkou","status":"publish","type":"post","link":"https:\/\/www.luxor.cz\/blog\/recenze\/63158-svet-pokriveny-valkou\/","title":{"rendered":"Sv\u011bt pok\u0159iven\u00fd v\u00e1lkou"},"content":{"rendered":"<p>Kniha\u00a0<strong>Na hran\u011b noci<\/strong>\u00a0m\u011b zaujala svoj\u00ed ob\u00e1lkou a po p\u0159e\u010dten\u00ed anotace bylo rozhodnuto, tuto knihu si nutn\u011b pot\u0159ebuji p\u0159e\u010d\u00edst. Nyn\u00ed ji\u017e v\u00edm, \u017ee m\u011b m\u016fj \u201e\u010dich\u201c na dobrou knihu nezradil. Jedn\u00e1 se o\u00a0<strong>neoby\u010dejn\u00fd p\u0159\u00edb\u011bh z\u00a0obdob\u00ed druh\u00e9 sv\u011btov\u00e9 v\u00e1lky<\/strong>, kter\u00fd n\u00e1m tuto dobu p\u0159ibli\u017euje z\u00a0jin\u00e9ho \u00fahlu pohledu.<\/p>\n<p><strong>Anton<\/strong>, b\u00fdval\u00fd mnich, se po rozpu\u0161t\u011bn\u00ed \u0159\u00e1du rozhodne od\u010dinit svoje \u201eh\u0159\u00edchy\u201c t\u00edm, \u017ee pom\u016f\u017ee v\u00a0nelehk\u00e9 dob\u011b jedn\u00e9 vdov\u011b se t\u0159emi d\u011btmi. Sedne na vlak a vyd\u00e1 se ze Stuttgartu do Unterboihingenu vst\u0159\u00edc nov\u00e9mu \u017eivotu. Anton m\u00e1 srdce na spr\u00e1vn\u00e9m m\u00edst\u011b, tak\u017ee si ho\u00a0<strong>Elisabethiny<\/strong>\u00a0d\u011bti obl\u00edb\u00ed a d\u016fv\u011bru vzbud\u00ed i v\u00a0n\u00ed samotn\u00e9. Vezme na sebe nelehk\u00fd \u00fakol, postarat se o po\u010detnou rodinu, kterou s\u0148atkem p\u0159ijme za svou. Jen\u017ee, jak vyd\u011blat pen\u00edze, kdy\u017e pr\u00e1ce nen\u00ed, a jedin\u00e9, co Anton um\u00ed dob\u0159e, je hr\u00e1t na hudebn\u00ed n\u00e1stroje? Ale pot\u0159ebuje n\u011bkdo v\u00a0obdob\u00ed v\u00e1lky hudbu? Nakonec se Antonovi d\u00edky kn\u011bzi Emilovi naskytne p\u0159\u00edle\u017eitost, jak vy\u0159e\u0161it probl\u00e9m nedostatku pen\u011bz, a je\u0161t\u011b se postavit na stranu proti Hitlerovi. Jen\u017ee, co kdy\u017e t\u00edm ohroz\u00ed sv\u00e9 bl\u00edzk\u00e9? A co se za\u010dne d\u00edt, kdy\u017e se smy\u010dka za\u010dne stahovat, proto\u017ee i mal\u00e9 m\u011bste\u010dko m\u00e1 sv\u00e9ho dona\u0161e\u010de. Nezb\u00fdv\u00e1 ne\u017e si\u00a0<strong>vychutnat ka\u017edou str\u00e1nku tohoto pomalu plynouc\u00edho p\u0159\u00edb\u011bhu<\/strong>\u00a0pln\u00e9ho citu,\u00a0<strong>kter\u00fd v\u00e1s<\/strong>\u00a0zkr\u00e1tka\u00a0<strong>chytne za srdce<\/strong>.<\/p>\n<p><em>\u201eV jin\u00e9 dob\u011b a na jin\u00e9m m\u00edst\u011b \u2013 v\u00a0laskav\u011bj\u0161\u00edm a p\u0159\u00ed\u010detn\u011bj\u0161\u00edm sv\u011bt\u011b \u2013 by snad bylo snadn\u00e9 \u017e\u00edt jako vdova. V\u00a0jin\u00e9 dob\u011b a na jin\u00e9m m\u00edst\u011b by j\u00ed B\u016fh mo\u017en\u00e1 nevzal man\u017eela.\u201c<\/em><\/p>\n<p>Je\u0161t\u011b nikdy jsem ne\u010detla podobnou knihu,\u00a0<strong>Antona i Elisabeth jsem si zamilovala<\/strong>\u00a0a ve skrytu du\u0161e jsem doufala, \u017ee si k\u00a0sob\u011b najdou cestu i jejich srdce, a\u010dkoliv ob\u011b utrp\u011bla velkou ztr\u00e1tu. I kdy\u017e se p\u0159\u00edb\u011bh odehr\u00e1v\u00e1 za druh\u00e9 sv\u011btov\u00e9 v\u00e1lky, \u00fast\u0159edn\u00edm motivem je ka\u017edodenn\u00ed \u017eivot jedn\u00e9 rodiny na mal\u00e9m m\u011bste\u010dku, kter\u00e9mu se prozat\u00edm v\u00e1lka vyh\u00fdb\u00e1, ale\u00a0<strong>nic netrv\u00e1 v\u011b\u010dn\u011b<\/strong>.<\/p>\n<p>\u010cten\u00e1\u0159 sleduje, jak si cestu k\u00a0Antonovu srdci najdou v\u0161echny t\u0159i d\u011bti a on je zcela p\u0159ijme za sv\u00e9. Anton s\u00a0re\u017eimem bojuje po sv\u00e9m, ale mus\u00ed b\u00fdt velmi opatrn\u00fd, p\u0159edev\u0161\u00edm, kdy\u017e se jeho rodina dostane do hled\u00e1\u010dku gauleitera, dona\u0161e\u010de.\u00a0<strong>Anton \u0159e\u0161\u00ed vnit\u0159n\u00ed boj, chce ochr\u00e1nit rodinu, ale tak\u00e9 nechce vzd\u00e1t sv\u016fj boj s\u00a0re\u017eimem.<\/strong>\u00a0Byl to velmi siln\u00fd, odv\u00e1\u017en\u00fd \u010dlov\u011bk, kter\u00fd si dok\u00e1zal poradit za ka\u017ed\u00e9 situace.<\/p>\n<p><em>\u201eZvl\u00e1\u0161tn\u00ed, jak rychle se ze sv\u011bta vytrat\u00ed teplo, jak rychle se ro\u010dn\u00ed obdob\u00ed dok\u00e1\u017ee pono\u0159it do tmy. Ka\u017ed\u00fd rok ho to p\u0159ekvap\u00ed. Dny se zkracuj\u00ed, a\u017e se nakonec zd\u00e1, \u017ee noc je p\u0159irozen\u00fdm stavem sv\u011bta. Jako by u\u017e od prvn\u00edho dne stvo\u0159en\u00ed v\u0161ude vl\u00e1dl soumrak, nebo ten kr\u00e1tk\u00fd \u010das t\u011bsn\u011b p\u0159ed n\u00edm; tlumen\u00e1 otup\u011blost \u0161edi, za n\u00ed\u017e se ztratilo slune\u010dn\u00ed sv\u011btlo, st\u011bna mrak\u016f a pach bl\u00ed\u017e\u00edc\u00edho se de\u0161t\u011b.\u201c<\/em><\/p>\n<p>A\u010dkoliv kniha p\u016fsob\u00ed zd\u00e1nliv\u011b klidn\u011b,\u00a0<strong>nechyb\u00ed<\/strong>\u00a0v\u00a0n\u00ed\u00a0<strong>nap\u011bt\u00ed<\/strong>\u00a0a\u00a0<strong>o hlavn\u00ed hrdiny se budete nejednou b\u00e1t<\/strong>. Moc m\u011b zaj\u00edmalo, jak cel\u00fd p\u0159\u00edb\u011bh skon\u010d\u00ed.\u00a0<strong>Z\u00e1v\u011br byl<\/strong>\u00a0opravdu\u00a0<strong>dojemn\u00fd<\/strong>\u00a0a \u010dlov\u011bk si \u0159\u00edk\u00e1, \u017ee tak to m\u011blo dopadnout.<\/p>\n<p><strong>Autor\u010din styl je chv\u00edlemi a\u017e poetick\u00fd a pln\u00fd metafor<\/strong>. Kniha se \u010detla sama a p\u0159\u00edb\u011bh mi p\u0159irostl k\u00a0srdci. Kdy\u017e jsem si p\u0159e\u010detla\u00a0<strong>doslov<\/strong>, je\u0161t\u011b to\u00a0<strong>zn\u00e1sobilo cel\u00fd m\u016fj dojem z\u00a0knihy<\/strong>.<\/p>\n<p><em>\u201ePodzim je jako Elisabeth \u2013 v\u00e1\u017en\u00fd, stroh\u00fd a na dotek studen\u00fd, ale nepostr\u00e1d\u00e1 z\u00e1blesky z\u00e1\u0159iv\u00fdch barev.\u201c<\/em><\/p>\n<p>Jedin\u00e9, co bych autorce vytkla, \u017ee a\u010dkoliv p\u00ed\u0161e, \u017ee poctiv\u011b studovala historick\u00e9 prameny,\u00a0<strong>dopustila se historick\u00e9ho omylu<\/strong>, kdy\u017e v\u00a0knize p\u00ed\u0161e, \u017ee za v\u00e1lky bylo z\u00a0Chebska vyhn\u00e1no n\u011bmeck\u00e9 obyvatelstvo.<\/p>\n<p><strong>Knihu bych doporu\u010dila v\u0161em, kte\u0159\u00ed maj\u00ed r\u00e1di trochu jin\u00e9 p\u0159\u00edb\u011bhy z\u00a0v\u00e1le\u010dn\u00e9ho obdob\u00ed<\/strong>. Takov\u00e9 p\u0159\u00edb\u011bhy, kde\u00a0<strong>hraje hlavn\u00ed roli odvaha, l\u00e1ska, pomoc bli\u017en\u00edm<\/strong>, p\u0159\u00edb\u011bhy, kde zr\u016fdnosti v\u00e1lky jsou zachyceny sp\u00ed\u0161e jen okrajov\u011b. Jedn\u00e1 se o citliv\u011b zpracovanou \u010d\u00e1st \u017eivota \u010dlov\u011bka, kter\u00fd opravdu \u017eil, a pr\u00e1v\u011b\u00a0<strong>takov\u00e9 p\u0159\u00edb\u011bhy se \u010dten\u00e1\u0159i vryj\u00ed do pam\u011bti nejv\u00edce<\/strong>.<\/p>\n<p><em>\u201eMal\u00fd ostr\u016fvek \u0161t\u011bst\u00ed uprost\u0159ed \u0161\u00edlen\u00e9ho a nebezpe\u010dn\u00e9ho sv\u011bta. Ale kdy\u017e je d\u00edky v\u00e1m n\u011bkdo \u0161\u0165astn\u00fd, znamen\u00e1 to v\u00edc ne\u017e zlato, v\u00edc ne\u017e hudba. V\u011bdom\u00ed, \u017ee jsou s\u00a0v\u00e1mi v\u00a0bezpe\u010d\u00ed.\u201c<\/em><\/p>\n<p>Moje\u00a0<strong>hodnocen\u00ed<\/strong>\u00a0je\u00a0<strong>95 %<\/strong>.<\/p>\n<p>Pavla Velehradsk\u00e1<\/p>\n<p>Zdroj: https:\/\/www.chrudimka.cz\/na-hrane-noci<\/p>\n<p>\u00a0<\/p>\n<p>Autor:\u00a0Vyb\u00edr\u00e1me z m\u00e9di\u00ed: Chrudimka.cz<\/p>\n","protected":false},"excerpt":{"rendered":"<p><em>\u201ePomysl\u00ed si, \u017ee s\u00e1m Hitler mus\u00ed b\u00fdt p\u0159ekvapen\u00fd, jak daleko dok\u00e1zal zaj\u00edt \u2013 \u017ee bylo tak snadn\u00e9 v\u0161echno vz\u00edt a zni\u010dit. Ve chv\u00edl\u00edch zoufalstv\u00ed Anton p\u0159em\u00fd\u0161l\u00ed nad t\u00edm, jestli se s\u00e1m B\u016fh nediv\u00ed, \u017ee v\u011bci dosp\u011bly a\u017e sem.\u201c<\/em><\/p>\n","protected":false},"author":2,"featured_media":325758,"comment_status":"open","ping_status":"open","sticky":false,"template":"","format":"standard","meta":{"_acf_changed":false,"_monsterinsights_skip_tracking":false,"_monsterinsights_sitenote_active":false,"_monsterinsights_sitenote_note":"","_monsterinsights_sitenote_category":0,"_EventAllDay":false,"_EventTimezone":"","_EventStartDate":"","_EventEndDate":"","_EventStartDateUTC":"","_EventEndDateUTC":"","_EventShowMap":false,"_EventShowMapLink":false,"_EventURL":"","_EventCost":"","_EventCostDescription":"","_EventCurrencySymbol":"","_EventCurrencyCode":"","_EventCurrencyPosition":"","_EventDateTimeSeparator":"","_EventTimeRangeSeparator":"","_EventOrganizerID":[],"_EventVenueID":[],"_OrganizerEmail":"","_OrganizerPhone":"","_OrganizerWebsite":"","_VenueAddress":"","_VenueCity":"","_VenueCountry":"","_VenueProvince":"","_VenueState":"","_VenueZip":"","_VenuePhone":"","_VenueURL":"","_VenueStateProvince":"","_VenueLat":"","_VenueLng":"","_VenueShowMap":false,"_VenueShowMapLink":false,"twitterCardType":"","cardImageID":0,"cardImage":"","cardTitle":"","cardDesc":"","cardImageAlt":"","cardPlayer":"","cardPlayerWidth":0,"cardPlayerHeight":0,"cardPlayerStream":"","cardPlayerCodec":"","footnotes":""},"categories":[7],"tags":[21832],"class_list":["post-325757","post","type-post","status-publish","format-standard","has-post-thumbnail","hentry","category-recenze","tag-literarni-kavarna"],"acf":{"related_products":null},"_links":{"self":[{"href":"https:\/\/www.luxor.cz\/blog\/wp-json\/wp\/v2\/posts\/325757","targetHints":{"allow":["GET"]}}],"collection":[{"href":"https:\/\/www.luxor.cz\/blog\/wp-json\/wp\/v2\/posts"}],"about":[{"href":"https:\/\/www.luxor.cz\/blog\/wp-json\/wp\/v2\/types\/post"}],"author":[{"embeddable":true,"href":"https:\/\/www.luxor.cz\/blog\/wp-json\/wp\/v2\/users\/2"}],"replies":[{"embeddable":true,"href":"https:\/\/www.luxor.cz\/blog\/wp-json\/wp\/v2\/comments?post=325757"}],"version-history":[{"count":0,"href":"https:\/\/www.luxor.cz\/blog\/wp-json\/wp\/v2\/posts\/325757\/revisions"}],"wp:featuredmedia":[{"embeddable":true,"href":"https:\/\/www.luxor.cz\/blog\/wp-json\/wp\/v2\/media\/325758"}],"wp:attachment":[{"href":"https:\/\/www.luxor.cz\/blog\/wp-json\/wp\/v2\/media?parent=325757"}],"wp:term":[{"taxonomy":"category","embeddable":true,"href":"https:\/\/www.luxor.cz\/blog\/wp-json\/wp\/v2\/categories?post=325757"},{"taxonomy":"post_tag","embeddable":true,"href":"https:\/\/www.luxor.cz\/blog\/wp-json\/wp\/v2\/tags?post=325757"}],"curies":[{"name":"wp","href":"https:\/\/api.w.org\/{rel}","templated":true}]}}