{"id":325755,"date":"2021-02-09T10:45:52","date_gmt":"2021-02-09T09:45:52","guid":{"rendered":"https:\/\/www.luxor.cz\/blog\/nezarazene\/63160-s-poctivosti-nejdal-dojdes\/"},"modified":"2021-02-09T10:45:52","modified_gmt":"2021-02-09T09:45:52","slug":"63160-s-poctivosti-nejdal-dojdes","status":"publish","type":"post","link":"https:\/\/www.luxor.cz\/blog\/recenze\/63160-s-poctivosti-nejdal-dojdes\/","title":{"rendered":"S poctivost\u00ed nejd\u00e1l dojde\u0161!"},"content":{"rendered":"<p>Clement L. Skelton je ur\u010dit\u011b pro mnoh\u00e9 z n\u00e1s docela nezn\u00e1m\u00e9 jm\u00e9no. Av\u0161ak ve sv\u00e9 domovin\u011b, tedy v Anglii se k oblib\u011b jeho rom\u00e1nu: &#8222;S\u00e1ga rodu Hardacr\u016f&#8220; p\u0159iklonilo mnoho lid\u00ed u\u017e v roce 1976.<\/p>\n<p>Do sv\u00e9 knihy prom\u00edtl nem\u00e1lo v\u011bc\u00ed, ze sv\u00e9ho \u017eivota. Mnoh\u00e9 v\u00e1m tu nemohu prozradit, proto\u017ee v\u011bt\u0161ina jeho zku\u0161enost\u00ed ze \u017eivota nebo vztahy s jeho nejbli\u017e\u0161\u00edmi byly pro p\u0159\u00edb\u011bh pr\u00e1v\u011b ten zaj\u00edmav\u00fd, p\u0159ekvapiv\u00fd prvek.<\/p>\n<p>Nejv\u00edce jsem v\u0161ak vypozorovala jeho zku\u0161enosti z druh\u00e9 sv\u011btov\u00e9 v\u00e1lky, kde slou\u017eil u pilotn\u00ed jednotky RAF.<\/p>\n<p>Te\u010f tedy ale k samotn\u00e9mu p\u0159\u00edb\u011bhu. M\u011bli jste n\u011bkdy p\u0159i \u010dten\u00ed knihy pocit, \u017ee postavy u\u017e zn\u00e1te snad cel\u00e9 v\u011bky, ale netu\u0161\u00edte jak to s nimi dopadne?<\/p>\n<p>Autor n\u00e1s seznamuje se \u017eivotem dvou hlavn\u00edch postav Sama a Mary nadm\u00edru h\u0159ejiv\u011b. Um\u00ed skv\u011ble vykreslit, jak jejich charakter, tak pocity a pochodov\u00e9 my\u0161len\u00ed. D\u00edky tomu m\u00e1te pocit,\u00a0 jakoby jste vy sami \u017eili jejich \u017eivoty, a dok\u00e1\u017eete si v\u0161e p\u0159edstavit. A\u0165 u\u017e to, jak vypadaj\u00ed, nebo v jak\u00e9m prost\u0159ed\u00ed se pohybuj\u00ed, a co m\u011b nejv\u00edce p\u0159ekvapilo, sama jsem se n\u011bkolikr\u00e1t p\u0159istihla, \u017ee v\u00edm, jak se ona postava zachov\u00e1. To by se pro mnoh\u00e9 mohlo zd\u00e1t jako p\u0159edv\u00eddateln\u00e9, ale v tomto p\u0159\u00edb\u011bhu mi to p\u0159id\u00e1valo na d\u016fv\u011bryhodnosti, a tak\u00e9 na dojmu, \u017ee si autor dal z\u00e1le\u017eet na tom, abychom postavy co nejv\u00edce znali.<\/p>\n<p>I kdy\u017e tu mluv\u00edm o ur\u010dit\u00e9 soun\u00e1le\u017eitosti mezi \u010dten\u00e1\u0159em a autorem, po \u010dase \u010dten\u00ed t\u00e9to knihy v\u00e1m dojde, \u017ee i kdy\u017e s\u00e1m autor n\u011bkomu vybuduje skv\u011bl\u00fd p\u0159\u00edb\u011bh, um\u00ed ho tak\u00e9 velmi rychle ukon\u010dit. Tak\u017ee vy se sice boj\u00edte, co zase na konci kapitoly p\u0159ijde, ale na druhou stranu si uv\u011bdom\u00edte, \u017ee \u017eivot je p\u0159esn\u011b takov\u00fd. V jeden moment stoj\u00edte pevn\u00fdma nohama na zemi a v druh\u00fd u\u017e ne..<\/p>\n<p>V knize o rodu Hardacr\u016f se najde i \u010dlov\u011bk, kter\u00fd si r\u00e1d p\u0159e\u010dte, jak n\u011bco o historii Anglie, tak o pr\u016fb\u011bhu prvn\u00ed \u010di druh\u00e9 sv\u011btov\u00e9 v\u00e1lky, ale i o krachu burzy, proto\u017ee d\u00edky osudu r\u016fzn\u00fdch postav se pod\u00edv\u00e1me i do Ameriky. Kniha se odehr\u00e1v\u00e1 od roku 1885 a\u017e do 1950, p\u0159i\u010dem\u017e se rok, ve kter\u00e9m se zrovna d\u011bj odehr\u00e1v\u00e1, dozv\u00edd\u00e1te v pr\u016fb\u011bhu \u010dten\u00ed.<\/p>\n<p>M\u011b osobn\u011b v knize nejv\u00edce zas\u00e1hla uk\u00e1zka toho, jak je velice snadn\u00e9 ztratit n\u011bkoho v\u00e1m tak bl\u00edzk\u00e9ho, i kdy\u017e je\u0161t\u011b \u017eije. P\u0159itom \u017eivot ut\u00edk\u00e1 tak rychle a lid\u00e9 jen lituj\u00ed m\u00edsto toho, aby konali. Skelton n\u00e1m ukazuje, jak se nem\u00e1me vzd\u00e1vat, ale vytrvat. Nep\u016fjde to hned, ale p\u016fjde.<\/p>\n<p>A dal\u0161\u00ed t\u00e9ma, kter\u00e9 m\u011b zas\u00e1hlo, je l\u00e1ska. Nejsem beznad\u011bjn\u00fd romantik, ale co se t\u00fd\u010de historie l\u00e1sky, mysl\u00edm, \u017ee n\u00e1m nedoch\u00e1z\u00ed, jak to m\u00e1me v dne\u0161n\u00ed dob\u011b zjednodu\u0161en\u00e9.<\/p>\n<p>D\u0159\u00edve bylo pro jednoho \u010dlov\u011bka velice omezen\u00e9 mno\u017estv\u00ed prot\u011bj\u0161k\u016f. A\u0165 u\u017e kv\u016fli postaven\u00ed, nebo jin\u00fdm okolnostem, jako byla t\u0159eba nepravideln\u00e1 komunikace mezi lidmi. A kdy\u017e u\u017e kone\u010dn\u011b byla nalezena ta osudov\u00e1 l\u00e1ska, i kdy\u017e mnohdy se k tomuto vz\u00e1cn\u00e9mu citu lid\u00e9 dopracovali a\u017e po letech sou\u017eit\u00ed nebo v\u016fbec, p\u0159i\u0161lo n\u011bco, co v\u00e1m ho, toho milovan\u00e9ho \u010dlov\u011bka, vzalo. A\u0165 u\u017e to byla nemoc, kter\u00e1 v t\u00e9 dob\u011b je\u0161t\u011b ne\u0161la tak l\u00e9\u010dit. <br \/>Tak\u00e9 v\u00e1lka, chudoba po v\u00e1lce nebo porod. V dne\u0161n\u00ed dob\u011b m\u00e1me vlastn\u011b takov\u00e9 \u0161t\u011bst\u00ed, nezapom\u00ednejme..\u00a0<\/p>\n<p>Na konec bych jen dodala, jak neskute\u010dn\u011b je tato kniha laskav\u00e1, a jak pravdiv\u00e9 je r\u010den\u00ed:<\/p>\n<p>&#8222;S poctivost\u00ed nejd\u00e1l dojde\u0161.&#8220;\u00a0<\/p>\n<p>\u00a0<\/p>\n<p>Petra Sklen\u00e1\u0159ov\u00e1<\/p>\n<p>Autor:\u00a0Petra Sklen\u00e1\u0159ov\u00e1<\/p>\n","protected":false},"excerpt":{"rendered":"<p>Jak si \u010dlov\u011bk s\u00e1m m\u016f\u017ee zm\u011bnit osud? Jak se z pozice vyvrhova\u010de ryb m\u016f\u017ee dostat na nejvy\u0161\u0161\u00ed stup\u00ednek spole\u010dnosti?<\/p>\n","protected":false},"author":2,"featured_media":325756,"comment_status":"open","ping_status":"open","sticky":false,"template":"","format":"standard","meta":{"_acf_changed":false,"_monsterinsights_skip_tracking":false,"_monsterinsights_sitenote_active":false,"_monsterinsights_sitenote_note":"","_monsterinsights_sitenote_category":0,"_EventAllDay":false,"_EventTimezone":"","_EventStartDate":"","_EventEndDate":"","_EventStartDateUTC":"","_EventEndDateUTC":"","_EventShowMap":false,"_EventShowMapLink":false,"_EventURL":"","_EventCost":"","_EventCostDescription":"","_EventCurrencySymbol":"","_EventCurrencyCode":"","_EventCurrencyPosition":"","_EventDateTimeSeparator":"","_EventTimeRangeSeparator":"","_EventOrganizerID":[],"_EventVenueID":[],"_OrganizerEmail":"","_OrganizerPhone":"","_OrganizerWebsite":"","_VenueAddress":"","_VenueCity":"","_VenueCountry":"","_VenueProvince":"","_VenueState":"","_VenueZip":"","_VenuePhone":"","_VenueURL":"","_VenueStateProvince":"","_VenueLat":"","_VenueLng":"","_VenueShowMap":false,"_VenueShowMapLink":false,"twitterCardType":"","cardImageID":0,"cardImage":"","cardTitle":"","cardDesc":"","cardImageAlt":"","cardPlayer":"","cardPlayerWidth":0,"cardPlayerHeight":0,"cardPlayerStream":"","cardPlayerCodec":"","footnotes":""},"categories":[7],"tags":[21832],"class_list":["post-325755","post","type-post","status-publish","format-standard","has-post-thumbnail","hentry","category-recenze","tag-literarni-kavarna"],"acf":{"related_products":null},"_links":{"self":[{"href":"https:\/\/www.luxor.cz\/blog\/wp-json\/wp\/v2\/posts\/325755","targetHints":{"allow":["GET"]}}],"collection":[{"href":"https:\/\/www.luxor.cz\/blog\/wp-json\/wp\/v2\/posts"}],"about":[{"href":"https:\/\/www.luxor.cz\/blog\/wp-json\/wp\/v2\/types\/post"}],"author":[{"embeddable":true,"href":"https:\/\/www.luxor.cz\/blog\/wp-json\/wp\/v2\/users\/2"}],"replies":[{"embeddable":true,"href":"https:\/\/www.luxor.cz\/blog\/wp-json\/wp\/v2\/comments?post=325755"}],"version-history":[{"count":0,"href":"https:\/\/www.luxor.cz\/blog\/wp-json\/wp\/v2\/posts\/325755\/revisions"}],"wp:featuredmedia":[{"embeddable":true,"href":"https:\/\/www.luxor.cz\/blog\/wp-json\/wp\/v2\/media\/325756"}],"wp:attachment":[{"href":"https:\/\/www.luxor.cz\/blog\/wp-json\/wp\/v2\/media?parent=325755"}],"wp:term":[{"taxonomy":"category","embeddable":true,"href":"https:\/\/www.luxor.cz\/blog\/wp-json\/wp\/v2\/categories?post=325755"},{"taxonomy":"post_tag","embeddable":true,"href":"https:\/\/www.luxor.cz\/blog\/wp-json\/wp\/v2\/tags?post=325755"}],"curies":[{"name":"wp","href":"https:\/\/api.w.org\/{rel}","templated":true}]}}