{"id":325753,"date":"2021-02-10T15:41:10","date_gmt":"2021-02-10T14:41:10","guid":{"rendered":"https:\/\/www.luxor.cz\/blog\/nezarazene\/63163-dojemny-pribeh\/"},"modified":"2021-02-10T15:41:10","modified_gmt":"2021-02-10T14:41:10","slug":"63163-dojemny-pribeh","status":"publish","type":"post","link":"https:\/\/www.luxor.cz\/blog\/recenze\/63163-dojemny-pribeh\/","title":{"rendered":"Dojemn\u00fd p\u0159\u00edb\u011bh"},"content":{"rendered":"<p>P\u0159\u00edb\u011bh rom\u00e1nu <strong>Utajen\u00e1 dcera<\/strong> se mohl st\u00e1t minim\u00e1ln\u011b jedn\u00e9 z desetitis\u00edc\u016f \u017een, kter\u00e9 si sv\u00e9 novorozen\u00e9 miminko nemohly ani pochovat.<\/p>\n<p>Hlavn\u00edmi hrdinkami jsou t\u0159i d\u00e1my \u2013 <strong>Sabina, Lilly a Megan<\/strong>. Sabin\u011b se bl\u00ed\u017e\u00ed \u010dty\u0159ic\u00edtka a teprve te\u010f se s man\u017eelem rozhodla m\u00edt d\u00edt\u011b. Cel\u00e1 nad\u0161en\u00e1 cht\u011bla tuto radostnou novinku sd\u011blit sv\u00fdm rodi\u010d\u016fm. Jak\u00e9 v\u0161ak bylo nep\u0159\u00edjemn\u00e9 p\u0159ekvapen\u00ed, kdy\u017e se m\u00edsto gratulac\u00ed do\u010dkala ozn\u00e1men\u00ed, \u017ee je adoptovan\u00e1. Sabin\u011b se zhroutil jej\u00ed dosavadn\u00ed poklidn\u00fd \u017eivot jako dome\u010dek z karet. Kousek po kousku poodkr\u00fdv\u00e1 tajemstv\u00ed sv\u00e9ho zrodu a\u017e do roku 1973. V tomto roce byla do azylov\u00e9ho domu v Orange p\u0159ijata \u0161estn\u00e1ctilet\u00e1 d\u00edvka Lilly. Je t\u011bhotn\u00e1 a \u0161ance, \u017ee by si mohla d\u00edt\u011b nechat, je velmi miziv\u00e1.<\/p>\n<p><strong>D\u011bj m\u00e1 dv\u011b \u010dasov\u00e9 osy.<\/strong> Ta prvn\u00ed se odehr\u00e1v\u00e1 v roce 2012 a vyprav\u011b\u010dkou je Sabina. Od \u017eivota dostala velmi mnoho \u2013 l\u00e1sku rodi\u010d\u016f, kvalitn\u00ed vzd\u011bl\u00e1n\u00ed a spoustu p\u0159\u00edle\u017eitost\u00ed. Leckter\u00e9 d\u00edt\u011b by j\u00ed mohlo z\u00e1vid\u011bt. Druh\u00e1 \u010dasov\u00e1 rovina se odehr\u00e1v\u00e1 v roce 1973 v azylov\u00e9m dom\u011b v Orange. Vyprav\u011b\u010dkou je Lilly. Je j\u00ed \u0161estn\u00e1ct, je zamilovan\u00e1 a t\u011bhotn\u00e1. O jej\u00edm \u017eivot\u011b se dov\u00edd\u00e1me prost\u0159ednictv\u00edm dopis\u016f, kter\u00e9 p\u00ed\u0161e sv\u00e9mu mil\u00e9mu. T\u0159et\u00ed vyprav\u011b\u010dkou je Megan, kter\u00e1 je spojn\u00edkem obou \u010dasov\u00fdch linek. Mnoho let se sna\u017e\u00ed s man\u017eelem ot\u011bhotn\u011bt, ale po nes\u010detn\u00fdch potratech odsouv\u00e1 mate\u0159stv\u00ed stranou. V onen rok za\u010dala pracovat ve zmi\u0148ovan\u00e9m azylov\u00e9m dom\u011b jako soci\u00e1ln\u00ed pracovnice.<\/p>\n<p>Ka\u017ed\u00e1 mince m\u00e1 rub a l\u00edc. Proto se na tento p\u0159\u00edb\u011bh nelze d\u00edvat jen \u010dernob\u00edle. Na jedn\u00e9 stran\u011b tu m\u00e1me \u0161estn\u00e1ctiletou d\u00edvku poch\u00e1zej\u00edc\u00ed z po\u010detn\u00e9 p\u0159ist\u011bhovaleck\u00e9 rodiny, kter\u00e1 si p\u0159\u00edli\u0161 ne\u017eije v blahobytu. Rodi\u010de nejsou naklon\u011bni jej\u00edmu ne\u010dekan\u00e9mu t\u011bhotenstv\u00ed, p\u0159\u00edtel za\u010dal studovat na vysok\u00e9 \u0161kole. Dok\u00e1zala by se o sv\u00e9 d\u00edt\u011b za t\u011bchto podm\u00ednek postarat? Na stran\u011b druh\u00e9 je tu man\u017eelsk\u00fd p\u00e1r, kter\u00fd se miluje, oba jsou finan\u010dn\u011b zabezpe\u010deni a maj\u00ed otev\u0159en\u00e9 srdce. Jist\u011b, ne v\u0161echny rodiny mus\u00ed b\u00fdt podle jednoho vzoru, ale jak byste se zachovali v tomto konkr\u00e9tn\u00edm p\u0159\u00edpad\u011b?<\/p>\n<p>Autorka m\u00e1 na sv\u00e9m kont\u011b n\u011bkolik velmi \u00fasp\u011b\u0161n\u00fdch knih. V\u00ed tedy, jak napsat rom\u00e1n, kter\u00fd v\u00e1s p\u0159inut\u00ed se zamyslet nad slo\u017eit\u00fdmi \u017eivotn\u00edmi osudy. V\u0161echny t\u0159i \u017eeny vykreslila p\u0159irozen\u011b a velmi rozd\u00edln\u011b \u2013 Meg je sice odta\u017eit\u00e1 a v otev\u0159en\u00fdch citech zdr\u017eenliv\u00e1, ale svou rodinu zbo\u017e\u0148uje. V\u0161e mus\u00ed b\u00fdt na sv\u00e9m m\u00edst\u011b, nesn\u00e1\u0161\u00ed zbyte\u010dnosti. Oproti n\u00ed je tu (u\u017e dosp\u011bl\u00e1) Lilly, jej\u00ed \u017eivelnost si \u010dten\u00e1\u0159 zamiluje. Je dobrosrde\u010dn\u00e1, l\u00e1ska z n\u00ed vyza\u0159uje na m\u00edle daleko. Sabina je se sv\u00fdmi emocemi n\u011bkde uprost\u0159ed.<\/p>\n<p><strong>Kelly Rimmer<\/strong> se tak\u00e9 poda\u0159ilo vystihnout r\u016fznost prost\u0159ed\u00ed a \u017eivotn\u00edch podm\u00ednek. Zvolila t\u00e9\u017e t\u00e9ma, kter\u00e9 je pro mnoh\u00e9 \u010dten\u00e1\u0159e hodn\u011b citliv\u00e9 \u2013 ve h\u0159e jsou toti\u017e nevinn\u00e9 d\u011bti, kter\u00e9 se neum\u00ed br\u00e1nit.<\/p>\n<p>Autor\u010din styl psan\u00ed je \u010dtiv\u00fd. \u010cten\u00e1\u0159 ocen\u00ed jazykovou str\u00e1nku textu, nejsou tu \u017e\u00e1dn\u00e1 hluch\u00e1 m\u00edsta, u kter\u00fdch byste se mohli nudit nebo p\u0159eskakovat \u010d\u00e1st p\u0159\u00edb\u011bhu. Kurz\u00edvou je kladen d\u016fraz na n\u011bkter\u00e1 slova. Netu\u0161\u00edm, jak je to p\u0159\u00edmo v origin\u00e1le, ale v \u010desk\u00e9m p\u0159ekladu mi p\u0159i\u0161lo, \u017ee zv\u00fdrazn\u011bn\u00e9 p\u00edsmo je na slovech, kter\u00e1 bych nevybrala jako ta nejv\u00edce d\u016fle\u017eit\u00e1.<\/p>\n<p><strong>Utajen\u00e1 dcera je siln\u00fd p\u0159\u00edb\u011bh, kter\u00fd se v\u00e1m dostane pod k\u016f\u017ei. Zam\u011b\u0159uje se p\u0159edev\u0161\u00edm na rodinu, vztahy v n\u00ed, soudr\u017enost, podporu i s\u00edlu mate\u0159sk\u00e9 l\u00e1sky. <\/strong>C\u00edlovou skupinou se zajist\u00e9 stanou \u010dten\u00e1\u0159i, kte\u0159\u00ed vyhled\u00e1vaj\u00ed p\u0159\u00edb\u011bhy zalo\u017een\u00e9 na skute\u010dn\u00fdch ud\u00e1lostech. \u010cten\u00e1\u0159i spole\u010densk\u00fdch rom\u00e1n\u016f ocen\u00ed psychologickou str\u00e1nku knihy, kter\u00e1 se autorce opravdu povedla. <strong>Kelly Rimmer<\/strong> se t\u00e9matu zhostila na v\u00fdbornou a jist\u011b p\u0159im\u011bje nejednoho \u010dten\u00e1\u0159e k tomu, aby si vyhledal v\u00edce informac\u00ed, kter\u00e9 se vynucen\u00fdch adopc\u00ed t\u00fdkaly.<\/p>\n<p>\u00a0<\/p>\n<p>Zdroj:\u00a0 <a href=\"https:\/\/www.chrudimka.cz\/utajena-dcera\" target=\"_blank\" rel=\"noopener\">https:\/\/www.chrudimka.cz\/utajena-dcera<\/a><\/p>\n<p>\u00a0<\/p>\n<p>Autor:\u00a0Vyb\u00edr\u00e1me z m\u00e9di\u00ed: Chrudimka.cz<\/p>\n","protected":false},"excerpt":{"rendered":"<p>V roce 2013 se australsk\u00e1 premi\u00e9rka Julia Gillardov\u00e1 omluvila svobodn\u00fdm matk\u00e1m, kter\u00fdm \u00fa\u0159ady v 50. a\u017e 70. letech odeb\u00edraly d\u011bti ji\u017e v porodnici. Na z\u00e1klad\u011b t\u011bchto skute\u010dnost\u00ed napsala Kelly Rimmer dojemn\u00fd p\u0159\u00edb\u011bh.<\/p>\n","protected":false},"author":2,"featured_media":325754,"comment_status":"open","ping_status":"open","sticky":false,"template":"","format":"standard","meta":{"_acf_changed":false,"_monsterinsights_skip_tracking":false,"_monsterinsights_sitenote_active":false,"_monsterinsights_sitenote_note":"","_monsterinsights_sitenote_category":0,"_EventAllDay":false,"_EventTimezone":"","_EventStartDate":"","_EventEndDate":"","_EventStartDateUTC":"","_EventEndDateUTC":"","_EventShowMap":false,"_EventShowMapLink":false,"_EventURL":"","_EventCost":"","_EventCostDescription":"","_EventCurrencySymbol":"","_EventCurrencyCode":"","_EventCurrencyPosition":"","_EventDateTimeSeparator":"","_EventTimeRangeSeparator":"","_EventOrganizerID":[],"_EventVenueID":[],"_OrganizerEmail":"","_OrganizerPhone":"","_OrganizerWebsite":"","_VenueAddress":"","_VenueCity":"","_VenueCountry":"","_VenueProvince":"","_VenueState":"","_VenueZip":"","_VenuePhone":"","_VenueURL":"","_VenueStateProvince":"","_VenueLat":"","_VenueLng":"","_VenueShowMap":false,"_VenueShowMapLink":false,"twitterCardType":"","cardImageID":0,"cardImage":"","cardTitle":"","cardDesc":"","cardImageAlt":"","cardPlayer":"","cardPlayerWidth":0,"cardPlayerHeight":0,"cardPlayerStream":"","cardPlayerCodec":"","footnotes":""},"categories":[7],"tags":[21832],"class_list":["post-325753","post","type-post","status-publish","format-standard","has-post-thumbnail","hentry","category-recenze","tag-literarni-kavarna"],"acf":{"related_products":null},"_links":{"self":[{"href":"https:\/\/www.luxor.cz\/blog\/wp-json\/wp\/v2\/posts\/325753","targetHints":{"allow":["GET"]}}],"collection":[{"href":"https:\/\/www.luxor.cz\/blog\/wp-json\/wp\/v2\/posts"}],"about":[{"href":"https:\/\/www.luxor.cz\/blog\/wp-json\/wp\/v2\/types\/post"}],"author":[{"embeddable":true,"href":"https:\/\/www.luxor.cz\/blog\/wp-json\/wp\/v2\/users\/2"}],"replies":[{"embeddable":true,"href":"https:\/\/www.luxor.cz\/blog\/wp-json\/wp\/v2\/comments?post=325753"}],"version-history":[{"count":0,"href":"https:\/\/www.luxor.cz\/blog\/wp-json\/wp\/v2\/posts\/325753\/revisions"}],"wp:featuredmedia":[{"embeddable":true,"href":"https:\/\/www.luxor.cz\/blog\/wp-json\/wp\/v2\/media\/325754"}],"wp:attachment":[{"href":"https:\/\/www.luxor.cz\/blog\/wp-json\/wp\/v2\/media?parent=325753"}],"wp:term":[{"taxonomy":"category","embeddable":true,"href":"https:\/\/www.luxor.cz\/blog\/wp-json\/wp\/v2\/categories?post=325753"},{"taxonomy":"post_tag","embeddable":true,"href":"https:\/\/www.luxor.cz\/blog\/wp-json\/wp\/v2\/tags?post=325753"}],"curies":[{"name":"wp","href":"https:\/\/api.w.org\/{rel}","templated":true}]}}