{"id":325751,"date":"2021-02-10T16:17:47","date_gmt":"2021-02-10T15:17:47","guid":{"rendered":"https:\/\/www.luxor.cz\/blog\/nezarazene\/63164-dejiny-ceske-emancipace-od-knezny-ludmily-po-martinu-navratilovou\/"},"modified":"2021-02-10T16:17:47","modified_gmt":"2021-02-10T15:17:47","slug":"63164-dejiny-ceske-emancipace-od-knezny-ludmily-po-martinu-navratilovou","status":"publish","type":"post","link":"https:\/\/www.luxor.cz\/blog\/recenze\/63164-dejiny-ceske-emancipace-od-knezny-ludmily-po-martinu-navratilovou\/","title":{"rendered":"Od kn\u011b\u017eny Ludmily po Martinu Navr\u00e1tilovou"},"content":{"rendered":"<p>S n\u00e1padem napsat takto personifikovanou historii \u017eensk\u00e9 emancipace, adresovanou p\u0159edev\u0161\u00edm d\u011btsk\u00fdm \u010dten\u00e1\u0159\u016fm (\u010dten\u00e1\u0159k\u00e1m!), ale koneckonc\u016f i jejich p\u00e1n\u016fm rodi\u010d\u016fm, pro n\u011b\u017e m\u016f\u017ee b\u00fdt na \u0159ad\u011b m\u00edst objevn\u00e1, p\u0159i\u0161la <strong>Ren\u00e1ta\u00a0Fu\u010d\u00edkov\u00e1<\/strong>, ilustr\u00e1torka dekorativn\u00edho stylu a spisovatelka; sama se projektu z\u00fa\u010dastnila textov\u011b i obrazov\u011b.\u00a0Portr\u00e9ty\u00a0kopy vybran\u00fdch hrdinek (a\u017e na Eli\u0161ku Kr\u00e1snohorskou, tu si inici\u00e1torka nechala pro sebe) zadala sv\u00fdm student\u016fm na Fakult\u011b designu a um\u011bn\u00ed Ladislava Sutnara Z\u00e1pado\u010desk\u00e9 univerzity v Plzni. <strong>Vznikla zvl\u00e1\u0161tn\u00ed kompozice stylov\u011b vyrovnan\u00fdch text\u016f a celostr\u00e1nkov\u00fdch ilustrac\u00ed r\u016fzn\u00fdch technik i \u00farovn\u011b.<\/strong><\/p>\n<p>V chronologick\u00e9m po\u0159\u00e1dku tady postupujeme od postav m\u00e1lem mytick\u00fdch (ty historicky nedolo\u017een\u00e9 si autorky na\u0161t\u011bst\u00ed odpustily, tak\u017ee \u017e\u00e1dn\u00e1 \u0160\u00e1rka, \u017e\u00e1dn\u00e1 Libu\u0161e) p\u0159es hrdinky \u201ev dob\u011b hrad\u016f\u201c, \u201ev dob\u011b pal\u00e1c\u016f\u201c a \u201ev dob\u011b p\u00e1ry\u201c (tuto periodizaci mus\u00edme br\u00e1t s rezervou, takov\u00e1 Marie Elisabeth Offermannov\u00e1, \u201epodnikatelka v textilnictv\u00ed\u201c, se tu vlakem sv\u00e9zt nemohla, zem\u0159ela roku 1834) k hrdink\u00e1m \u201ev dob\u011b zm\u011bn\u201c (m\u00edn\u011bny \u010dasy od 80. let 19. stolet\u00ed do konce prvn\u00ed sv\u011btov\u00e9 v\u00e1lky), \u201edob\u011b jazzu\u201c a \u201edob\u011b \u00fatlaku\u201c (za dvou totalit 20. stolet\u00ed). Posledn\u00ed odd\u00edl, nazvan\u00fd Hrdinky v dob\u011b ned\u00e1vn\u00e9, je opatrn\u011b zalidn\u011bn jen p\u011bti postavami, dostaly se sem\u00a0<strong>Olga\u00a0Havlov\u00e1, Martina Navr\u00e1tilov\u00e1, Eva Ji\u0159i\u010dn\u00e1, Madeleine Albrightov\u00e1<\/strong> (v\u00a0knize\u00a0ov\u0161em nep\u0159ech\u00fdlen\u011b Albright, podobn\u011b Angela Merkel, Margaret Thatcher \u010di Greta Tugendhat, no dob\u0159e, ale pak tedy i Anny Ondra, jak here\u010dku jmenuje anglick\u00e1, francouzsk\u00e1, n\u011bmeck\u00e1 atd. Wikipedie) a <strong>Ludmila Javorov\u00e1<\/strong>, \u201ekatolick\u00e1 kn\u011b\u017eka\u201c.<\/p>\n<p><img fetchpriority=\"high\" decoding=\"async\" src=\"https:\/\/images.knizniklub.cz\/kavarna\/20210210162125.jpg\" alt=\"\" width=\"593\" height=\"395\" title=\"\"><\/p>\n<p>Lenka K\u0159\u00ed\u017eov\u00e1, jedna z autorek, upozor\u0148uje, \u017ee \u201eosudy \u0161edes\u00e1ti skute\u010dn\u00fdch \u010desk\u00fdch hrdinek byly beletrizov\u00e1ny tak, aby upoutaly pozornost p\u0159edev\u0161\u00edm mlad\u00fdch \u010dten\u00e1\u0159ek a \u010dten\u00e1\u0159\u016f. N\u011bkter\u00e9 okolnosti jejich \u017eivot\u016f jsme shrnuly \u010di zestru\u010dnily (&#8230;), n\u011bkter\u00e9 situace a detaily byly domy\u0161leny tak, aby odpov\u00eddaly um\u011bleck\u00e9mu z\u00e1m\u011bru. V\u00fdb\u011br \u017een byl p\u0159itom pod\u0159\u00edzen tomu, aby se v\u00a0knize\u00a0objevily co nejpest\u0159ej\u0161\u00ed p\u0159\u00edb\u011bhy\u201c. Krit\u00e9rium pestrosti bylo sice spln\u011bno, le\u010d za cenu, \u017ee do kolekce se zahrnuly i Ne\u010de\u0161ky. V n\u011bkter\u00fdch p\u0159\u00edpadech by se dalo s\u00e1hnout po slov\u011b \u010cechoslova\u010dka, ob\u010danka \u010ceskoslovensk\u00e9 republiky, av\u0161ak postavit do galerie \u201ev\u00fdznamn\u00fdch \u010desk\u00fdch \u017een\u201c (slova z podtitulu) c\u00edsa\u0159ovnou Marii Terezii, to je&#8230; nedorozum\u011bn\u00ed. \u010cesk\u00e1 \u017eena to opravdu nebyla. \u010cesk\u00e1 kr\u00e1lovna ano.<\/p>\n<p>\u0158ada v\u00fdznamn\u00fdch postav se do hv\u011bzdn\u00e9 \u0161edes\u00e1tky neve\u0161la, t\u0159eba svat\u00e1 Zdislava z Lemberka, Marta z Boskovic (podle Arna Nov\u00e1ka \u201eprvn\u00ed \u010desk\u00e1 spisovatelka\u201c a v\u016fbec \u201estate\u010dn\u00e1 \u017eena, neboj\u00edc\u00ed se ani mocn\u00fdch v c\u00edrkvi, ani mocn\u00fdch na tr\u016fn\u011b\u201c), Karol\u00edna Sv\u011btl\u00e1, Ren\u00e1ta Tyr\u0161ov\u00e1 \u010di V\u011bra Men\u010d\u00edkov\u00e1 (prvn\u00ed mistryn\u011b sv\u011bta v \u0161achu), ale tak to chod\u00ed.<\/p>\n<p><img decoding=\"async\" src=\"https:\/\/images.knizniklub.cz\/kavarna\/20210210162233.jpg\" alt=\"\" width=\"597\" height=\"398\" title=\"\"><\/p>\n<p>\u00a0<\/p>\n<p>Zaraz\u00ed v\u011bcn\u00e9 nep\u0159esnosti (k\u0159i\u017eovn\u00edci jsou uv\u00e1d\u011bni \u201es\u00a0\u010dervenou\u00a0hv\u011bzdou\u201c, vedle toho i \u201ese zlatou hv\u011bzdou\u201c, asi z\u00e1m\u011bna s princeznou, o \u010ceskoslovensku v roce 1918 se tu mluv\u00ed jako o \u201ev\u00e1lkou zpusto\u0161en\u00e9 zemi\u201c, Milena Jesensk\u00e1 pr\u00fd byla \u0161\u00e9fredaktorkou P\u0159\u00edtomnosti, prohl\u00e1\u0161en\u00ed Dva tis\u00edce slov pr\u00fd \u201ekritizovalo sov\u011btsk\u00e9 ma\u0159en\u00ed reformn\u00edch zm\u011bn v zemi\u201c), zamrz\u00ed publicistick\u00e1 kli\u0161\u00e9 (ps\u00e1t \u201eostr\u00fdm perem\u201c, \u201est\u0159\u00edbrn\u00e9 pl\u00e1tno\u201c, \u201eb\u00fdt v hled\u00e1\u010dku policie\u201c) i jazykov\u00e9 vylomeniny jako \u201epole byla zcelov\u00e1na\u201c nebo \u201emo\u017en\u00e1, \u017ee dobyje i sv\u011bt\u201c, v \u00fahrnu jich v\u0161ak nen\u00ed tolik, aby\u00a0knihu\u00a0na pohled p\u011bknou degradovaly.<\/p>\n<p>\u201e\u017deny \u010desk\u00e9, matky \u010desk\u00e9! \/ Slib si dejme a v n\u011bm st\u016fjme: \/ pro blaho sv\u00e9 drah\u00e9 vlasti \/ v\u0161ecky s\u00edly ob\u011btujme! \/\/ Nejen mu\u017e bu\u010f hrd\u00fd na to, \/ \u017ee d\u00e1 v\u0161ecko pro svou vlast; \/ vzh\u016fru, \u017eeny, my t\u00e9\u017e chceme \/ na olt\u00e1\u0159 svou ob\u011b\u0165 kl\u00e1st,\u201c volala v roce 1843 Bo\u017eena N\u011bmcov\u00e1, mezi Hrdinky samoz\u0159ejm\u011b rovn\u011b\u017e za\u0159azen\u00e1, by\u0165 bez t\u011bchto ver\u0161\u016f. Sotva mohla tu\u0161it, jak\u00fdch parametr\u016f dos\u00e1hne \u017eensk\u00e1 emancipace na teritoriu \u010desk\u00e9ho jazyka u\u017e (a\u017e?) v roce, kdy si takzvan\u00e1 kulturn\u00ed ve\u0159ejnost p\u0159ipom\u00edn\u00e1 200. v\u00fdro\u010d\u00ed jej\u00edho v\u00edde\u0148sk\u00e9ho narozen\u00ed.\u00a0<\/p>\n<p>Hrdinky \/ P\u0159\u00edb\u011bhy v\u00fdznamn\u00fdch \u010desk\u00fdch \u017een. N\u00e1m\u011bt R.\u00a0Fu\u010d\u00edkov\u00e1, medailony napsala K. Tu\u010dkov\u00e1 ve spolupr\u00e1ci s L. K\u0159\u00ed\u017eovou a A. Musilovou. Ilustrovala R.\u00a0Fu\u010d\u00edkov\u00e1\u00a0a studenti Z\u00e1pado\u010desk\u00e9 univerzity v Plzni.\u00a0Euromedia\u00a0Group, 168 str.<\/p>\n<p>Autor: JAROM\u00cdR SLOMEK<\/p>\n<p>Zdroj: T\u00fdden\u00edk Echo 43\/2020<\/p>\n<p>\u00a0<\/p>\n<p>Autor:\u00a0Vyb\u00edr\u00e1me z m\u00e9di\u00ed: T\u00fdden\u00edk Echo<\/p>\n","protected":false},"excerpt":{"rendered":"<p>Poutav\u011b, \u010dtiv\u011b, s citem pro zkratku, detail i snesitelnou m\u00edru didaxe vytvo\u0159ily \u010dty\u0159i \u017eeny (nejpiln\u011bj\u0161\u00ed z nich byla Kate\u0159ina Tu\u010dkov\u00e1) kni\u017en\u00ed panteon jin\u00fdch \u0161edes\u00e1ti \u017een, v\u00fdznamn\u00fdch postav na\u0161ich d\u011bjin.<\/p>\n","protected":false},"author":2,"featured_media":325752,"comment_status":"open","ping_status":"open","sticky":false,"template":"","format":"standard","meta":{"_acf_changed":false,"_monsterinsights_skip_tracking":false,"_monsterinsights_sitenote_active":false,"_monsterinsights_sitenote_note":"","_monsterinsights_sitenote_category":0,"_EventAllDay":false,"_EventTimezone":"","_EventStartDate":"","_EventEndDate":"","_EventStartDateUTC":"","_EventEndDateUTC":"","_EventShowMap":false,"_EventShowMapLink":false,"_EventURL":"","_EventCost":"","_EventCostDescription":"","_EventCurrencySymbol":"","_EventCurrencyCode":"","_EventCurrencyPosition":"","_EventDateTimeSeparator":"","_EventTimeRangeSeparator":"","_EventOrganizerID":[],"_EventVenueID":[],"_OrganizerEmail":"","_OrganizerPhone":"","_OrganizerWebsite":"","_VenueAddress":"","_VenueCity":"","_VenueCountry":"","_VenueProvince":"","_VenueState":"","_VenueZip":"","_VenuePhone":"","_VenueURL":"","_VenueStateProvince":"","_VenueLat":"","_VenueLng":"","_VenueShowMap":false,"_VenueShowMapLink":false,"twitterCardType":"","cardImageID":0,"cardImage":"","cardTitle":"","cardDesc":"","cardImageAlt":"","cardPlayer":"","cardPlayerWidth":0,"cardPlayerHeight":0,"cardPlayerStream":"","cardPlayerCodec":"","footnotes":""},"categories":[7],"tags":[21832],"class_list":["post-325751","post","type-post","status-publish","format-standard","has-post-thumbnail","hentry","category-recenze","tag-literarni-kavarna"],"acf":{"related_products":null},"_links":{"self":[{"href":"https:\/\/www.luxor.cz\/blog\/wp-json\/wp\/v2\/posts\/325751","targetHints":{"allow":["GET"]}}],"collection":[{"href":"https:\/\/www.luxor.cz\/blog\/wp-json\/wp\/v2\/posts"}],"about":[{"href":"https:\/\/www.luxor.cz\/blog\/wp-json\/wp\/v2\/types\/post"}],"author":[{"embeddable":true,"href":"https:\/\/www.luxor.cz\/blog\/wp-json\/wp\/v2\/users\/2"}],"replies":[{"embeddable":true,"href":"https:\/\/www.luxor.cz\/blog\/wp-json\/wp\/v2\/comments?post=325751"}],"version-history":[{"count":0,"href":"https:\/\/www.luxor.cz\/blog\/wp-json\/wp\/v2\/posts\/325751\/revisions"}],"wp:featuredmedia":[{"embeddable":true,"href":"https:\/\/www.luxor.cz\/blog\/wp-json\/wp\/v2\/media\/325752"}],"wp:attachment":[{"href":"https:\/\/www.luxor.cz\/blog\/wp-json\/wp\/v2\/media?parent=325751"}],"wp:term":[{"taxonomy":"category","embeddable":true,"href":"https:\/\/www.luxor.cz\/blog\/wp-json\/wp\/v2\/categories?post=325751"},{"taxonomy":"post_tag","embeddable":true,"href":"https:\/\/www.luxor.cz\/blog\/wp-json\/wp\/v2\/tags?post=325751"}],"curies":[{"name":"wp","href":"https:\/\/api.w.org\/{rel}","templated":true}]}}