{"id":325747,"date":"2021-02-15T14:19:04","date_gmt":"2021-02-15T13:19:04","guid":{"rendered":"https:\/\/www.luxor.cz\/blog\/nezarazene\/63166-pod-slupkou-nadherneho-jara-vyplouva-na-povrch-davna-tragedie\/"},"modified":"2021-02-15T14:19:04","modified_gmt":"2021-02-15T13:19:04","slug":"63166-pod-slupkou-nadherneho-jara-vyplouva-na-povrch-davna-tragedie","status":"publish","type":"post","link":"https:\/\/www.luxor.cz\/blog\/recenze\/63166-pod-slupkou-nadherneho-jara-vyplouva-na-povrch-davna-tragedie\/","title":{"rendered":"Pod slupkou n\u00e1dhern\u00e9ho jara vyplouv\u00e1 na povrch d\u00e1vn\u00e1 trag\u00e9die"},"content":{"rendered":"<p>Pokud jste u\u017e od Anderse de la Motte n\u011bco \u010detli, tak jist\u011b uzn\u00e1te, \u017ee um\u00ed brilantn\u011b a s\u00a0lehkost\u00ed ps\u00e1t. Udr\u017e\u00ed tak \u010dten\u00e1\u0159ovu pozornost a\u017e do posledn\u00ed str\u00e1nky knihy a rozhodn\u011b se od \u010dten\u00ed ned\u00e1 odtrhnout.<\/p>\n<p>Jeliko\u017e autor slou\u017eil u policie, p\u0159\u00edb\u011bh v\u00a0Jarn\u00ed ob\u011bti je velmi uv\u011b\u0159iteln\u00fd a p\u016fsob\u00ed re\u00e1ln\u011b do nejmen\u0161\u00edch detail\u016f. Hlavn\u00ed postava Thea je tu zde jako hlavn\u00ed vy\u0161et\u0159ovatel, ale u policie neslou\u017e\u00ed. D\u00e1vn\u00fd p\u0159\u00edb\u011bh ji jen zaujal, co\u017e je origin\u00e1ln\u00ed a hlavn\u011b velmi zaj\u00edmav\u00e9, kdy\u017e m\u016f\u017eeme pozorovat pohled zv\u00eddav\u00e9 osoby, kterou jsme p\u0159i \u010dten\u00ed i my.<\/p>\n<p>Dal\u0161\u00ed v\u011bc, kterou mus\u00edm pochv\u00e1lit, je prol\u00edn\u00e1n\u00ed minulosti se sou\u010dasnost\u00ed. Nejen \u017ee toti\u017e sledujeme Theu a jej\u00ed p\u00e1tr\u00e1n\u00ed, ale i Elitu a kl\u00ed\u010dov\u00e9 informace z\u00a0obdob\u00ed t\u00e9to ritu\u00e1ln\u00ed vra\u017edy.<\/p>\n<p>Na za\u010d\u00e1tku kapitol se tak\u00e9 nach\u00e1z\u00ed kr\u00e1tk\u00e9 \u00faryvky z\u00a0dopis\u016f, kter\u00e9 byly velmi osobn\u00ed a autentick\u00e9, nejednou mi d\u00edky nim p\u0159eb\u011bhl mr\u00e1z po z\u00e1dech.<\/p>\n<p>Jak jsem ji\u017e zmi\u0148oval na za\u010d\u00e1tku \u010dl\u00e1nku, p\u0159\u00edb\u011bh v minulosti i sou\u010dasnosti se odehr\u00e1v\u00e1 okolo Valpru\u017einy noci, co\u017e je ve \u0160v\u00e9dsku n\u011bco jako na\u0161e P\u00e1len\u00ed \u010darod\u011bjnic. \u010cten\u00ed je tak d\u00edky tomu v\u00edce mysteri\u00f3zn\u00ed a nap\u00ednav\u00e9. Z\u00e1rove\u0148 jsem byl nad\u0161en\u00fd z konce, kter\u00fd autor dok\u00e1zal sepsat velmi dojemn\u011b, pot\u00e9 jsem byl u\u017e sk\u00e1lopevn\u011b p\u0159esv\u011bd\u010den, \u017ee m\u00e9 hodnocen\u00ed bude p\u011btihv\u011bzdi\u010dkov\u00e9.<\/p>\n<p>I kdy\u017e je venku za okny st\u00e1le prav\u00e1 zima, rozhodn\u011b se do Jarn\u00ed ob\u011bti pus\u0165te, proto\u017ee autor na v\u00e1s atmosf\u00e9ru obdob\u00ed tak p\u0159enese, \u017ee se budete jako na ja\u0159e c\u00edtit.<\/p>\n<p>A mimochodem, d\u00edly v\u00a0s\u00e9rii m\u016f\u017eete \u010d\u00edst v\u00a0libovoln\u00e9m po\u0159ad\u00ed, ka\u017ed\u00fd m\u00e1 toti\u017e jin\u00fd p\u0159\u00edb\u011bh, postavy i prost\u0159ed\u00ed. Takto na p\u0159esk\u00e1\u010dku s\u00e9rii nap\u0159. \u010dtu j\u00e1, a\u017e te\u010f se budu pou\u0161t\u011bt do Konce l\u00e9ta.<\/p>\n<p>\u00a0<\/p>\n<p>Patrik K\u0159\u00ed\u017e<\/p>\n<p>Autor:\u00a0Patrik K\u0159\u00ed\u017e<\/p>\n","protected":false},"excerpt":{"rendered":"<p>V roce 1986 o Valpru\u017ein\u011b noci se stane trag\u00e9die, ve kter\u00e9 se mlad\u00e1 Elita Svartov\u00e1 stane jarn\u00ed ob\u011bt\u00ed<em>. <\/em>Thea ze sou\u010dasnosti je ale p\u0159esv\u011bd\u010den\u00e1 o tom, \u017ee pachatel nebyl spr\u00e1vn\u011b obvin\u011bn, a tak se za\u010dne vrtat v\u00a0minulosti a objev\u00ed ne\u010dekan\u00e1 tajemstv\u00ed.<\/p>\n","protected":false},"author":2,"featured_media":325748,"comment_status":"open","ping_status":"open","sticky":false,"template":"","format":"standard","meta":{"_acf_changed":false,"_monsterinsights_skip_tracking":false,"_monsterinsights_sitenote_active":false,"_monsterinsights_sitenote_note":"","_monsterinsights_sitenote_category":0,"_EventAllDay":false,"_EventTimezone":"","_EventStartDate":"","_EventEndDate":"","_EventStartDateUTC":"","_EventEndDateUTC":"","_EventShowMap":false,"_EventShowMapLink":false,"_EventURL":"","_EventCost":"","_EventCostDescription":"","_EventCurrencySymbol":"","_EventCurrencyCode":"","_EventCurrencyPosition":"","_EventDateTimeSeparator":"","_EventTimeRangeSeparator":"","_EventOrganizerID":[],"_EventVenueID":[],"_OrganizerEmail":"","_OrganizerPhone":"","_OrganizerWebsite":"","_VenueAddress":"","_VenueCity":"","_VenueCountry":"","_VenueProvince":"","_VenueState":"","_VenueZip":"","_VenuePhone":"","_VenueURL":"","_VenueStateProvince":"","_VenueLat":"","_VenueLng":"","_VenueShowMap":false,"_VenueShowMapLink":false,"twitterCardType":"","cardImageID":0,"cardImage":"","cardTitle":"","cardDesc":"","cardImageAlt":"","cardPlayer":"","cardPlayerWidth":0,"cardPlayerHeight":0,"cardPlayerStream":"","cardPlayerCodec":"","footnotes":""},"categories":[7],"tags":[21832],"class_list":["post-325747","post","type-post","status-publish","format-standard","has-post-thumbnail","hentry","category-recenze","tag-literarni-kavarna"],"acf":{"related_products":null},"_links":{"self":[{"href":"https:\/\/www.luxor.cz\/blog\/wp-json\/wp\/v2\/posts\/325747","targetHints":{"allow":["GET"]}}],"collection":[{"href":"https:\/\/www.luxor.cz\/blog\/wp-json\/wp\/v2\/posts"}],"about":[{"href":"https:\/\/www.luxor.cz\/blog\/wp-json\/wp\/v2\/types\/post"}],"author":[{"embeddable":true,"href":"https:\/\/www.luxor.cz\/blog\/wp-json\/wp\/v2\/users\/2"}],"replies":[{"embeddable":true,"href":"https:\/\/www.luxor.cz\/blog\/wp-json\/wp\/v2\/comments?post=325747"}],"version-history":[{"count":0,"href":"https:\/\/www.luxor.cz\/blog\/wp-json\/wp\/v2\/posts\/325747\/revisions"}],"wp:featuredmedia":[{"embeddable":true,"href":"https:\/\/www.luxor.cz\/blog\/wp-json\/wp\/v2\/media\/325748"}],"wp:attachment":[{"href":"https:\/\/www.luxor.cz\/blog\/wp-json\/wp\/v2\/media?parent=325747"}],"wp:term":[{"taxonomy":"category","embeddable":true,"href":"https:\/\/www.luxor.cz\/blog\/wp-json\/wp\/v2\/categories?post=325747"},{"taxonomy":"post_tag","embeddable":true,"href":"https:\/\/www.luxor.cz\/blog\/wp-json\/wp\/v2\/tags?post=325747"}],"curies":[{"name":"wp","href":"https:\/\/api.w.org\/{rel}","templated":true}]}}