{"id":325729,"date":"2021-03-12T08:54:46","date_gmt":"2021-03-12T07:54:46","guid":{"rendered":"https:\/\/www.luxor.cz\/blog\/nezarazene\/63184-pazoute\/"},"modified":"2021-03-12T08:54:46","modified_gmt":"2021-03-12T07:54:46","slug":"63184-pazoute","status":"publish","type":"post","link":"https:\/\/www.luxor.cz\/blog\/recenze\/63184-pazoute\/","title":{"rendered":"Pa\u017eoute?!"},"content":{"rendered":"<p>Michal Viewegh pat\u0159\u00ed beze sporu mezi ty nejzn\u00e1m\u011bj\u0161\u00ed \u010desk\u00e9 autory a mezi jeho d\u00edla pat\u0159\u00ed nap\u0159\u00edklad B\u00e1je\u010dn\u00e1 l\u00e9ta pod psa, V\u00fdchova d\u00edvek v\u00a0\u010cech\u00e1ch nebo Rom\u00e1n pro \u017eeny. A pr\u00e1v\u011b Rom\u00e1n pro \u017eeny te\u010f vy\u0161el v\u00a0nov\u00e9m kab\u00e1t\u011b, kter\u00fd dokonale podtrhuje jeho \u017eenskost, naivnost, ale i vtipnost.<\/p>\n<p>Laura je mlad\u00e1 \u017eena na po\u010d\u00e1tku sv\u00e9ho dosp\u011bl\u00e9ho \u017eivota, kter\u00e1 m\u00e1 na sv\u011bt sv\u016fj n\u00e1zor, av\u0161ak v ur\u010dit\u00fdch oblastech st\u00e1le je\u0161t\u011b t\u00e1pe. D\u00edky jej\u00ed mamince Jan\u011b, kter\u00e1 je velmi sebev\u011bdom\u00e1 a zcestoval\u00e1, se Lau\u0159e dostalo v\u017edy spousty podpory a l\u00e1sky. P\u0159esto je l\u00e1ska pr\u00e1v\u011b to, v \u010dem Laura pon\u011bkud plave.<\/p>\n<p>Asi jako ka\u017ed\u00e1 \u017eena, i ona tou\u017e\u00ed po dokonal\u00e9m mu\u017ei, a tak se pou\u0161t\u00ed do p\u00e1tr\u00e1n\u00ed. Laura pro\u017eije l\u00e1sku s n\u011bkolika partnery, ale to nen\u00ed nic oproti tomu, co za\u017eije, kdy\u017e potk\u00e1 Olivera. V tu dobu je ov\u0161em na\u0161e hlavn\u00ed hrdinka na dovolen\u00e9 se sv\u00fdm sou\u010dasn\u00fdm p\u0159\u00edtelem Rickym, kter\u00fd se j\u00ed u\u017e ov\u0161em trochu zaj\u00edd\u00e1. Proto kdy\u017e spat\u0159\u00ed Olivera, nech\u00e1 se un\u00e9st jeho osobnost\u00ed a \u0159ekn\u011bme \u0161armem. Zaujme ji u\u017e t\u00edm, \u017ee jako jedin\u00fd host je v hotelu s\u00e1m, a dokonce to vypad\u00e1, \u017ee si svoji samotu u\u017e\u00edv\u00e1. Laura na n\u011bj p\u00e1rkr\u00e1t \u201e\u010dist\u011b n\u00e1hodou\u201c naraz\u00ed a v\u017edy vyu\u017eije p\u0159\u00edle\u017eitosti, aby zap\u0159edla konverzaci. I kdy\u017e je Oliver podstatn\u011b star\u0161\u00ed, najdou v sob\u011b velmi rychle zal\u00edben\u00ed a jejich kontakt pokra\u010duje i po n\u00e1vratu z dovolen\u00e9.<\/p>\n<p>Rom\u00e1n pro \u017eeny n\u00e1m p\u0159edhazuje Lau\u0159iny vztahov\u00e9 peripetie, kde se v\u00fdrazn\u011b ukazuje to, jak mohou b\u00fdt \u017eeny na jednu stranu nev\u00e1zan\u00e9 a uv\u011bdom\u011bl\u00e9, ale na druhou stranu i to, jak um\u00ed b\u00fdt vypla\u0161en\u00e9, zt\u0159e\u0161t\u011bn\u00e9 a nest\u00e1l\u00e9. Michal Viewegh n\u00e1m p\u0159edstavuje hrdinku, kter\u00e1 je zcela oby\u010dejn\u00e1 a norm\u00e1ln\u00ed, d\u00edky \u010demu\u017e je snadn\u00e9 s n\u00ed souc\u00edtit a obl\u00edbit si ji. Ano, Laura ne v\u017edy jedn\u00e1 tak, jak bychom cht\u011bli, a hlavn\u011b jak by n\u00e1m p\u0159i\u0161lo logick\u00e9, ale p\u0159esn\u011b o tom to je. Tato kniha nen\u00ed o logice, ale o velik\u00e9 l\u00e1sce, kter\u00e1 je protk\u00e1na spoustou zat\u00e1\u010dek a nejr\u016fzn\u011bj\u0161\u00edch peripeti\u00ed, p\u0159i nich\u017e si \u010dten\u00e1\u0159 p\u0159ipad\u00e1 jako na horsk\u00e9 dr\u00e1ze.<\/p>\n<p>I kdy\u017e je tohle p\u0159\u00edb\u011bh o l\u00e1sce a \u017eivot\u011b, ne\u0159ekla bych, \u017ee se jedn\u00e1 o n\u011bjakou \u010dervenou knihovnu, a i kdy\u017e je autorem tohoto a\u017e \u010dist\u011b \u017eensk\u00e9ho p\u0159\u00edb\u011bhu mu\u017e, mus\u00edm uznat, \u017ee sonda do Lau\u0159iny hlavy, a p\u0159edev\u0161\u00edm do jej\u00edho srdce je velmi poda\u0159en\u00e1. Sama jsem kolikr\u00e1t m\u011bla pocit, jako by mi Michal Viewegh \u010detl my\u0161lenky, proto\u017ee jsem si \u0159\u00edkala, jak j\u00e1 t\u00e9 Lau\u0159e rozum\u00edm.<\/p>\n<p>Co velmi kvituji, je i nesporn\u00fd fakt, \u017ee tahle kniha v\u00e1s dok\u00e1\u017ee z\u00e1rove\u0148 dojmout a rozesm\u00e1t. Osobn\u011b nejsem zast\u00e1ncem sladk\u00fdch romantick\u00fdch p\u0159\u00edb\u011bh\u016f, ale Rom\u00e1n pro \u017eeny nejen \u017ee jsem vzala na milost, ale zcela jsem si jej zamilovala. To, co v t\u00e9hle knize najdete, je v podstat\u011b oby\u010dejn\u00fd p\u0159\u00edb\u011bh, kter\u00fd se opravdu m\u016f\u017ee st\u00e1t, ale z\u00e1rove\u0148 jde o tak dob\u0159e vykonstruovanou romantiku, kterou si budete p\u0159\u00e1t pro\u017e\u00edt, ale ze kter\u00e9 v\u00e1m nebudou trnout zuby.<\/p>\n<p>Kristina Heklov\u00e1 (@kristi_cte)<\/p>\n<p>Autor:\u00a0Kristina Heklov\u00e1<\/p>\n","protected":false},"excerpt":{"rendered":"<p>Mil\u00e9 \u017eeny, jak\u00fd je podle v\u00e1s mu\u017e sn\u016f? A co vy, p\u00e1nov\u00e9? M\u00e1te jasno v tom, jak by m\u011bla vypadat dokonal\u00e1 \u017eena? Ka\u017ed\u00fd m\u00e1 jin\u00e9 p\u0159edstavy a jin\u00e9 hodnoty, co\u017e se pak jist\u011b odraz\u00ed i ve v\u00fdb\u011bru na\u0161ich partner\u016f. N\u011bkte\u0159\u00ed z n\u00e1s ale marn\u011b hledaj\u00ed, a nenach\u00e1z\u00ed.<\/p>\n","protected":false},"author":2,"featured_media":325730,"comment_status":"open","ping_status":"open","sticky":false,"template":"","format":"standard","meta":{"_acf_changed":false,"_monsterinsights_skip_tracking":false,"_monsterinsights_sitenote_active":false,"_monsterinsights_sitenote_note":"","_monsterinsights_sitenote_category":0,"_EventAllDay":false,"_EventTimezone":"","_EventStartDate":"","_EventEndDate":"","_EventStartDateUTC":"","_EventEndDateUTC":"","_EventShowMap":false,"_EventShowMapLink":false,"_EventURL":"","_EventCost":"","_EventCostDescription":"","_EventCurrencySymbol":"","_EventCurrencyCode":"","_EventCurrencyPosition":"","_EventDateTimeSeparator":"","_EventTimeRangeSeparator":"","_EventOrganizerID":[],"_EventVenueID":[],"_OrganizerEmail":"","_OrganizerPhone":"","_OrganizerWebsite":"","_VenueAddress":"","_VenueCity":"","_VenueCountry":"","_VenueProvince":"","_VenueState":"","_VenueZip":"","_VenuePhone":"","_VenueURL":"","_VenueStateProvince":"","_VenueLat":"","_VenueLng":"","_VenueShowMap":false,"_VenueShowMapLink":false,"twitterCardType":"","cardImageID":0,"cardImage":"","cardTitle":"","cardDesc":"","cardImageAlt":"","cardPlayer":"","cardPlayerWidth":0,"cardPlayerHeight":0,"cardPlayerStream":"","cardPlayerCodec":"","footnotes":""},"categories":[7],"tags":[21832],"class_list":["post-325729","post","type-post","status-publish","format-standard","has-post-thumbnail","hentry","category-recenze","tag-literarni-kavarna"],"acf":{"related_products":null},"_links":{"self":[{"href":"https:\/\/www.luxor.cz\/blog\/wp-json\/wp\/v2\/posts\/325729","targetHints":{"allow":["GET"]}}],"collection":[{"href":"https:\/\/www.luxor.cz\/blog\/wp-json\/wp\/v2\/posts"}],"about":[{"href":"https:\/\/www.luxor.cz\/blog\/wp-json\/wp\/v2\/types\/post"}],"author":[{"embeddable":true,"href":"https:\/\/www.luxor.cz\/blog\/wp-json\/wp\/v2\/users\/2"}],"replies":[{"embeddable":true,"href":"https:\/\/www.luxor.cz\/blog\/wp-json\/wp\/v2\/comments?post=325729"}],"version-history":[{"count":0,"href":"https:\/\/www.luxor.cz\/blog\/wp-json\/wp\/v2\/posts\/325729\/revisions"}],"wp:featuredmedia":[{"embeddable":true,"href":"https:\/\/www.luxor.cz\/blog\/wp-json\/wp\/v2\/media\/325730"}],"wp:attachment":[{"href":"https:\/\/www.luxor.cz\/blog\/wp-json\/wp\/v2\/media?parent=325729"}],"wp:term":[{"taxonomy":"category","embeddable":true,"href":"https:\/\/www.luxor.cz\/blog\/wp-json\/wp\/v2\/categories?post=325729"},{"taxonomy":"post_tag","embeddable":true,"href":"https:\/\/www.luxor.cz\/blog\/wp-json\/wp\/v2\/tags?post=325729"}],"curies":[{"name":"wp","href":"https:\/\/api.w.org\/{rel}","templated":true}]}}