{"id":325723,"date":"2021-03-17T09:27:24","date_gmt":"2021-03-17T08:27:24","guid":{"rendered":"https:\/\/www.luxor.cz\/blog\/nezarazene\/63191-dystopicka-trilogie-se-uzavira\/"},"modified":"2021-03-17T09:27:24","modified_gmt":"2021-03-17T08:27:24","slug":"63191-dystopicka-trilogie-se-uzavira","status":"publish","type":"post","link":"https:\/\/www.luxor.cz\/blog\/recenze\/63191-dystopicka-trilogie-se-uzavira\/","title":{"rendered":"Dystopick\u00e1 trilogie se uzav\u00edr\u00e1"},"content":{"rendered":"<p>Neal Shusterman, sv\u011btozn\u00e1m\u00fd autor origin\u00e1ln\u00edch p\u0159\u00edb\u011bh\u016f pro ml\u00e1de\u017e, se \u010desk\u00fdm \u010dten\u00e1\u0159\u016fm poprv\u00e9 p\u0159edstavil v\u00a0roce 2016 knihou Bez \u0161ance, je\u017e sb\u00edrala skv\u011bl\u00e9 recenze. Nicm\u00e9n\u011b nejv\u011bt\u0161\u00ed \u00fasp\u011bch u n\u00e1s autor zaznamenal a\u017e dystopi\u00ed Smrtka, kter\u00e1 vy\u0161la v\u00a0roce 2018. Je tak\u00e9 zn\u00e1m\u00fd d\u00edky sv\u00fdm sc\u00e9n\u00e1\u0159\u016fm k\u00a0film\u016fm a televizn\u00edm po\u0159ad\u016fm.<\/p>\n<p>Trilogie se odehr\u00e1v\u00e1 v\u00a0budoucnosti, kdy lidstvo na\u0161lo zp\u016fsob, jak obej\u00edt smrt. Onemocn\u00edte \u2013 na v\u0161e je l\u00e9k. Sko\u010d\u00edte ze st\u0159echy \u2013 p\u0159ivedou v\u00e1s zp\u011bt k\u00a0\u017eivotu. St\u00e1rnete? Nevad\u00ed. Jednodu\u0161e se neum\u00edr\u00e1. Lidstvu kv\u016fli tomu ale hroz\u00ed p\u0159elidn\u011bn\u00ed. Proto je t\u0159eba \u017eivoty ukon\u010dovat \u2013 k\u00a0tomu slou\u017e\u00ed tzv. smrtky. Ka\u017edodenn\u00edm zam\u011bstn\u00e1n\u00edm smrtky je ukon\u010dovat lidsk\u00e9 \u017eivoty. K\u00a0pokosen\u00ed m\u016f\u017ee doj\u00edt u kohokoli a prakticky kdykoli. Jakmile na \u010dlov\u011bka dojde \u0159ada, je zbyte\u010dn\u00e9 kl\u00e1st odpor, jinak toti\u017e mus\u00ed smrtka pokosit celou rodinu. Proti sv\u00e9 vlastn\u00ed v\u016fli se dva hlavn\u00ed hrdinov\u00e9, Citra a Rowan, st\u00e1vaj\u00ed u\u010dedn\u00edky. Ka\u017ed\u00fd z\u00a0nich se mus\u00ed nau\u010dit p\u0159ijmout sv\u016fj osud a ukon\u010dovat \u017eivoty ostatn\u00edch. Smrtkou se ale na konci m\u016f\u017ee st\u00e1t jen jeden z\u00a0nich. Sv\u011bt, ve kter\u00e9m \u017eij\u00ed, u\u017e nikdy nebude jako d\u0159\u00edv\u2026<\/p>\n<p>S\u00e9rie Smrtka \u010d\u00edt\u00e1 3 d\u00edly. Rok po vydan\u00ed prvn\u00edho d\u00edlu s\u00a0n\u00e1zvem Smrtka p\u0159i\u0161el d\u00edl druh\u00fd \u2013 Nimbus. Ten op\u011bt sb\u00edral u \u010dten\u00e1\u0159\u016f skv\u011bl\u00e9 ohlasy, a z\u00e1v\u011bre\u010dn\u00fd d\u00edl se tak proto stal jedn\u00edm z\u00a0nejo\u010dek\u00e1van\u011bj\u0161\u00edch young adult titul\u016f u n\u00e1s. Zvon, fin\u00e1le trilogie, je skute\u010dn\u011b epick\u00e9 a na fanou\u0161ky v\u00a0n\u011bm \u010dek\u00e1 v\u00edce ne\u017e 500 stran nap\u011bt\u00ed a akce.<\/p>\n<p>Trilogie Smrtka je po cel\u00e9m sv\u011bt\u011b fenom\u00e9nem. Jej\u00ed popularita bezpochyby souvis\u00ed s\u00a0t\u00e9matem, kter\u00e9 je nesm\u00edrn\u011b origin\u00e1ln\u00ed a d\u011bsiv\u00e9 z\u00e1rove\u0148. Co se s\u00a0lidstvem stane, a\u017e p\u0159ekon\u00e1 smrt? P\u0159\u00edb\u011bh donut\u00ed \u010dlov\u011bka p\u0159em\u00fd\u0161let, nad sebou, nad spole\u010dnost\u00ed i nad \u017eivotem samotn\u00fdm. Pr\u00e1v\u011b z\u00a0toho d\u016fvodu jsou knihy obl\u00edben\u00e9 i mimo c\u00edlovou skupinu young adult \u010dten\u00e1\u0159\u016f.<\/p>\n<p>Neal Shusterman je pr\u00e1vem pova\u017eov\u00e1n za jednoho z\u00a0nejlep\u0161\u00edch sou\u010dasn\u00fdch autor\u016f dystopi\u00ed v\u016fbec. A kdo v\u00ed, s \u010d\u00edm p\u0159ijde p\u0159\u00ed\u0161t\u011b. A\u0165 u\u017e jeho knihy zn\u00e1te \u010di ne, Zvon i celou trilogii si rozhodn\u011b nenechte uj\u00edt.<\/p>\n<p>Karol\u00edna Sk\u00e1celov\u00e1<\/p>\n<p><strong>\u00a0<\/strong><\/p>\n<p>Autor:\u00a0Karol\u00edna Sk\u00e1celov\u00e1<\/p>\n","protected":false},"excerpt":{"rendered":"<p>Bezm\u00e1la dva roky \u010dekali \u010de\u0161t\u00ed \u010dten\u00e1\u0159i na z\u00e1v\u011br bestsellerov\u00e9 s\u00e9rie Smrtka. \u010cek\u00e1n\u00ed je ale u konce. Z\u00e1v\u011bre\u010dn\u00fd d\u00edl s\u00a0n\u00e1zvem Zvon pr\u00e1v\u011b vy\u0161el!<\/p>\n","protected":false},"author":2,"featured_media":325724,"comment_status":"open","ping_status":"open","sticky":false,"template":"","format":"standard","meta":{"_acf_changed":false,"_monsterinsights_skip_tracking":false,"_monsterinsights_sitenote_active":false,"_monsterinsights_sitenote_note":"","_monsterinsights_sitenote_category":0,"_EventAllDay":false,"_EventTimezone":"","_EventStartDate":"","_EventEndDate":"","_EventStartDateUTC":"","_EventEndDateUTC":"","_EventShowMap":false,"_EventShowMapLink":false,"_EventURL":"","_EventCost":"","_EventCostDescription":"","_EventCurrencySymbol":"","_EventCurrencyCode":"","_EventCurrencyPosition":"","_EventDateTimeSeparator":"","_EventTimeRangeSeparator":"","_EventOrganizerID":[],"_EventVenueID":[],"_OrganizerEmail":"","_OrganizerPhone":"","_OrganizerWebsite":"","_VenueAddress":"","_VenueCity":"","_VenueCountry":"","_VenueProvince":"","_VenueState":"","_VenueZip":"","_VenuePhone":"","_VenueURL":"","_VenueStateProvince":"","_VenueLat":"","_VenueLng":"","_VenueShowMap":false,"_VenueShowMapLink":false,"twitterCardType":"","cardImageID":0,"cardImage":"","cardTitle":"","cardDesc":"","cardImageAlt":"","cardPlayer":"","cardPlayerWidth":0,"cardPlayerHeight":0,"cardPlayerStream":"","cardPlayerCodec":"","footnotes":""},"categories":[7],"tags":[21832],"class_list":["post-325723","post","type-post","status-publish","format-standard","has-post-thumbnail","hentry","category-recenze","tag-literarni-kavarna"],"acf":{"related_products":null},"_links":{"self":[{"href":"https:\/\/www.luxor.cz\/blog\/wp-json\/wp\/v2\/posts\/325723","targetHints":{"allow":["GET"]}}],"collection":[{"href":"https:\/\/www.luxor.cz\/blog\/wp-json\/wp\/v2\/posts"}],"about":[{"href":"https:\/\/www.luxor.cz\/blog\/wp-json\/wp\/v2\/types\/post"}],"author":[{"embeddable":true,"href":"https:\/\/www.luxor.cz\/blog\/wp-json\/wp\/v2\/users\/2"}],"replies":[{"embeddable":true,"href":"https:\/\/www.luxor.cz\/blog\/wp-json\/wp\/v2\/comments?post=325723"}],"version-history":[{"count":0,"href":"https:\/\/www.luxor.cz\/blog\/wp-json\/wp\/v2\/posts\/325723\/revisions"}],"wp:featuredmedia":[{"embeddable":true,"href":"https:\/\/www.luxor.cz\/blog\/wp-json\/wp\/v2\/media\/325724"}],"wp:attachment":[{"href":"https:\/\/www.luxor.cz\/blog\/wp-json\/wp\/v2\/media?parent=325723"}],"wp:term":[{"taxonomy":"category","embeddable":true,"href":"https:\/\/www.luxor.cz\/blog\/wp-json\/wp\/v2\/categories?post=325723"},{"taxonomy":"post_tag","embeddable":true,"href":"https:\/\/www.luxor.cz\/blog\/wp-json\/wp\/v2\/tags?post=325723"}],"curies":[{"name":"wp","href":"https:\/\/api.w.org\/{rel}","templated":true}]}}