{"id":325721,"date":"2021-03-17T18:10:36","date_gmt":"2021-03-17T17:10:36","guid":{"rendered":"https:\/\/www.luxor.cz\/blog\/nezarazene\/63193-cestou-necestou-severni-stezkou\/"},"modified":"2021-03-17T18:10:36","modified_gmt":"2021-03-17T17:10:36","slug":"63193-cestou-necestou-severni-stezkou","status":"publish","type":"post","link":"https:\/\/www.luxor.cz\/blog\/recenze\/63193-cestou-necestou-severni-stezkou\/","title":{"rendered":"Cestou necestou Severn\u00ed stezkou"},"content":{"rendered":"<p>M\u00e1me p\u0159ed sebou v\u00fdjime\u010dnou knihu. Jej\u00ed autor, <strong>Jan Hocek<\/strong>, je z\u00e1rove\u0148 autorem projektu s\u00a0n\u00e1zvem <span style=\"color: #ca0036;\"><strong>Via Czechia<\/strong><\/span>, jeho\u017e c\u00edlem je nab\u00eddnout ucelen\u00e9 d\u00e1lkov\u00e9 trasy \u010ceskou republikou, a to nejenom pro p\u011b\u0161\u00ed, ale tak\u00e9 pro cyklisty a ly\u017ea\u0159e. Na webov\u00fdch str\u00e1nk\u00e1ch <a href=\"https:\/\/viaczechia.cz\/\" target=\"_blank\" rel=\"noopener\">Via Czechia<\/a> se m\u016f\u017eeme dozv\u011bd\u011bt o prozat\u00edm dvou zmapovan\u00fdch stezk\u00e1ch, Severn\u00ed a Ji\u017en\u00ed. Z\u00a0anotace knihy <a href=\"https:\/\/www.knizniklub.cz\/knihy\/474882-severni-stezka-ceskem-od-zapadu-k-vychodu.html\" target=\"_blank\" rel=\"noopener\">Severn\u00ed stezka<\/a> vytu\u0161\u00edme, \u017ee tyto dv\u011b trasy by m\u011bla \u010dasem doplnit tak\u00e9 Stezka st\u0159edozem\u00edm, kter\u00e1 propojuje nejsevern\u011bj\u0161\u00ed a nejji\u017en\u011bj\u0161\u00ed bod \u010cesk\u00e9 republiky.<\/p>\n<p><strong>Poj\u010fme se spolu nyn\u00ed vypravit na pou\u0165 pod\u00e9l severn\u00edch hranic na\u0161\u00ed zem\u011b, v\u0161ude tam, kam n\u00e1s zavede Severn\u00ed stezka\u2026<\/strong><\/p>\n<p>\u010c\u00edm pro n\u00e1s vlastn\u011b Severn\u00ed stezka m\u016f\u017ee b\u00fdt? Jak velk\u00fd kus zem\u011b si pod t\u00edmto ozna\u010den\u00edm m\u00e1me p\u0159edstavit? Severn\u00ed stezka je <strong>d\u00e1lkov\u00e1 trasa dlouh\u00e1 1\u00a0058 km<\/strong>, prot\u00ednaj\u00edc\u00ed 18 poho\u0159\u00ed a zem\u011bpisn\u00fdch celk\u016f, 8 chr\u00e1n\u011bn\u00fdch krajinn\u00fdch oblast\u00ed, 2 n\u00e1rodn\u00ed parky, n\u011bkolik p\u0159\u00edrodn\u00edch rezervac\u00ed a spoustu p\u0159\u00edrodn\u00edch pam\u00e1tek. Jestli\u017ee byste se na tuto cestu rozhodli vydat a poda\u0159ilo-li by se v\u00e1m proj\u00edt ji celou, <strong>stanuli byste na nejvy\u0161\u0161\u00edm, nejni\u017e\u0161\u00edm, nejz\u00e1padn\u011bj\u0161\u00edm i nejv\u00fdchodn\u011bj\u0161\u00edm m\u00edst\u011b \u010cesk\u00e9 republiky<\/strong>.<\/p>\n<p>Celou trasu zmapoval a s\u00e1m pro\u0161el <a href=\"https:\/\/www.knizniklub.cz\/autori\/11524-jan-hocek.html\" target=\"_blank\" rel=\"noopener\">Jan Hocek<\/a>, vystudovan\u00fd t\u011blocvik\u00e1\u0159 a biolog, jinak tak\u00e9 cestovatel, fotograf a pr\u016fvodce, kter\u00fd procestoval v\u011bt\u0161inu velk\u00fdch trek\u016f v\u00a0r\u016fzn\u00fdch zem\u00edch sv\u011bta. Mo\u017en\u00e1 jste se s\u00a0n\u00edm ji\u017e sezn\u00e1mili prost\u0159ednictv\u00edm jeho p\u0159edchoz\u00edch knih. Vydal nap\u0159\u00edklad knihu <a href=\"https:\/\/www.knizniklub.cz\/knihy\/244984-nejhezci-tury-sveta.html\" target=\"_blank\" rel=\"noopener\">Nejhez\u010d\u00ed t\u00fary sv\u011bta<\/a>, <a href=\"https:\/\/www.knizniklub.cz\/knihy\/320260-nejhezci-dobrodruzne-vypravy-po-cesku-a-slovensku.html\" target=\"_blank\" rel=\"noopener\">Nejhez\u010d\u00ed dobrodru\u017en\u00e9 v\u00fdpravy po \u010cesku a Slovensku<\/a> a dal\u0161\u00ed. Severn\u00ed stezku (stejn\u011b tak jako tu Ji\u017en\u00ed) s\u00e1m pro\u0161el a projel na kole, vyfotografoval a zaznamenal aktu\u00e1ln\u00ed stav cel\u00e9 t\u00e9to trasy a p\u0159edev\u0161\u00edm o n\u00ed sepsal knihu. Cel\u00fdm projektem se zab\u00fdval po v\u011bt\u0161inu roku 2020.<\/p>\n<p><strong>P\u011b\u0161ky, na kole \u010di na ly\u017e\u00edch<\/strong><\/p>\n<p>Nejste-li zdatn\u00fd turista a milovn\u00edk d\u00e1lkov\u00fdch pochod\u016f, klidn\u011b \u010dt\u011bte d\u00e1l a mo\u017enost proj\u00edt si Severn\u00ed stezku nezahazujte. Je toti\u017e <strong>rozd\u011blen\u00e1 do 47 denn\u00edch tras a logick\u00fdch \u00fasek\u016f<\/strong>, kter\u00e9 lze proj\u00edt i samostatn\u011b. Pr\u016fm\u011brn\u00e1 d\u00e9lka denn\u00edch etap je 20 \u2013 25 km, p\u0159i\u010dem\u017e u ka\u017ed\u00e9 z\u00a0nich je zm\u00edn\u011bna mo\u017enost, kde se ubytovat. Jednotliv\u00e9 uzlov\u00e9 body jsou dob\u0159e dostupn\u00e9 ve\u0159ejnou dopravou, tak\u017ee je m\u016f\u017eete absolvovat i po \u010d\u00e1stech, \u010dist\u011b podle sv\u00e9 chuti, kondice a mo\u017enost\u00ed.<\/p>\n<p>Cyklistick\u00e1 varianta t\u00e9hle stezky je dlouh\u00e1 1\u00a0140 km a \u010dasov\u011b by v\u00e1m mohla zabrat 2-3 t\u00fddny. Na ly\u017e\u00edch pak m\u016f\u017eete projet velkou \u010d\u00e1st stezky. Nab\u00edz\u00ed toti\u017e celkem <strong>632 tras pro ly\u017ea\u0159e<\/strong>. Nadchla m\u011b tak\u00e9 mo\u017enost absolvovat \u010d\u00e1st stezky na lodi.<\/p>\n<p><strong>Cestou p\u0159es \u010desk\u00e1 poho\u0159\u00ed<\/strong><\/p>\n<p>Hned na za\u010d\u00e1tku knihy se nejd\u0159\u00edve seznamujeme s\u00a0<strong>nejzn\u00e1m\u011bj\u0161\u00edmi d\u00e1lkov\u00fdmi treky ve sv\u011bt\u011b<\/strong>. Autor zmi\u0148uje nap\u0159\u00edklad <em>Pacifickou h\u0159ebenovku<\/em> v\u00a0USA, <em>The Great Trail<\/em> v\u00a0Kanad\u011b nebo <em>Snowman Trek<\/em> v\u00a0Bh\u00fat\u00e1nu. V\u00a0dal\u0161\u00ed kapitole se p\u0159esouv\u00e1me k\u00a0t\u00e9matu <strong>turistick\u00fdch stezek v\u00a0\u010cesk\u00e9 republice<\/strong> v\u010detn\u011b t\u011bch d\u00e1lkov\u00fdch.<\/p>\n<p>Po obecn\u00fdch informac\u00edch t\u00fdkaj\u00edc\u00edch se Severn\u00ed stezky se m\u016f\u017eeme na tuhle trasu pod\u00edvat tak\u00e9 v\u00a0\u010d\u00edslech. Hodn\u011b se mi l\u00edbilo <strong>zpracov\u00e1n\u00ed podrobn\u00e9 tabulky<\/strong>, kter\u00e1 uv\u00e1d\u00ed v\u0161echny \u00faseky (poho\u0159\u00ed \u010di zem\u011bpisn\u00e9 celky), za jak dlouhou dobu je \u010dlov\u011bk projde p\u011b\u0161ky (nebo na ly\u017e\u00edch \u010di na kole), jak\u00e1 je celkov\u00e1 d\u00e9lka ka\u017ed\u00e9 z\u00a0etap a tak\u00e9 kde za\u010d\u00edn\u00e1 a kde kon\u010d\u00ed. \u010clov\u011bk si pak m\u016f\u017ee jednodu\u0161e vybrat, kter\u00e1 z\u00a0etap by mu vyhovovala, pokud stezku nechce proj\u00edt celou.<\/p>\n<p>Jednotliv\u00e9 kapitoly jsou n\u00e1sledn\u011b rozd\u011bleny dle jednotliv\u00fdch poho\u0159\u00ed nebo zem\u011bpisn\u00fdch celk\u016f, kter\u00fdmi Severn\u00ed stezka proch\u00e1z\u00ed:<\/p>\n<ul>\n<li>Smr\u010diny<\/li>\n<li>Kru\u0161n\u00e9 hory<\/li>\n<li>Labsk\u00e9 p\u00edskovce a \u010cesk\u00e9 \u0160v\u00fdcarsko<\/li>\n<li>Lu\u017eick\u00e9 hory<\/li>\n<li>Je\u0161t\u011bdsk\u00fd h\u0159bet<\/li>\n<li>Jizersk\u00e9 hory<\/li>\n<li>Krkono\u0161e<\/li>\n<li>Broumovsk\u00e1 vrchovina<\/li>\n<li>Orlick\u00e9 hory<\/li>\n<li>Kr\u00e1lick\u00fd Sn\u011b\u017en\u00edk<\/li>\n<li>Rychlebsk\u00e9 hory<\/li>\n<li>Hrub\u00fd Jesen\u00edk<\/li>\n<li>N\u00edzk\u00fd Jesen\u00edk<\/li>\n<li>Moravsk\u00e1 br\u00e1na a Podbeskydsk\u00e1 pahorkatina<\/li>\n<li>Moravskoslezsk\u00e9 Beskydy<\/li>\n<\/ul>\n<p><strong>Ka\u017ed\u00e1 z\u00a0kapitol je velmi hezky a p\u0159edev\u0161\u00edm p\u0159ehledn\u011b zpracovan\u00e1<\/strong>. Zab\u00fdv\u00e1 se poho\u0159\u00edm \u010di zem\u011bpisn\u00fdm celkem obecn\u011b, pak z\u00a0hlediska turistiky a nakonec v\u00a0n\u00e1vaznosti na Severn\u00ed stezku. Dozv\u00edte se, jak je tato etapa dlouh\u00e1, kde v\u0161ude se zastavit, kam se pod\u00edvat, kde p\u0159\u00edpadn\u011b p\u0159enocovat. Samostatn\u00e9 podkapitolky jsou v\u011bnov\u00e1ny cyklistick\u00e9 a ly\u017ea\u0159sk\u00e9 variant\u011b.<\/p>\n<p>Text doprov\u00e1z\u00ed <strong>kr\u00e1sn\u00e9 barevn\u00e9 fotky<\/strong> a p\u0159edev\u0161\u00edm <strong>mapy<\/strong>, kter\u00e9 jsem moc ocenila, jeliko\u017e mi pomohly ihned se zorientovat v\u00a0geografii konkr\u00e9tn\u00edho \u00faseku. V\u0161echny <strong>hlavn\u00ed zaj\u00edmavosti jsou v\u017edy graficky odd\u011bleny v\u00a0zelen\u00e9m r\u00e1me\u010dku<\/strong>, tak\u017ee se \u010dten\u00e1\u0159i neztrat\u00ed kdesi v\u00a0textu. P\u0159\u00ednosn\u00e1 byla pro m\u011b i mapa ukazuj\u00edc\u00ed <strong>p\u0159ev\u00fd\u0161en\u00ed, kter\u00e9 na trase budete muset p\u0159ekonat<\/strong>. \u010casto v\u00a0textu najdete tak\u00e9 samostatn\u00e9 odd\u011blen\u00e9 celky zmi\u0148uj\u00edc\u00ed n\u011bjak\u00fd autor\u016fv poznatek, pov\u011bst nebo st\u0159\u00edpek z\u00a0putov\u00e1n\u00ed.<\/p>\n<p>Severn\u00ed stezka je pro m\u011b kniha, kter\u00e9 si velice v\u00e1\u017e\u00edm. Nejenom, \u017ee m\u011b sezn\u00e1mila s m\u00edsty, kde jsem nikdy nebyla, nejen\u017ee mi dala plno tip\u016f na v\u00fdlety a bavila m\u011b po celou dobu, kdy jsem ji \u010detla, ale p\u0159edev\u0161\u00edm m\u00e1 velik\u00fd p\u0159\u00ednos pro v\u0161echny p\u011b\u0161\u00ed turisty, lidi miluj\u00edc\u00ed cyklistiku i ly\u017eov\u00e1n\u00ed a obecn\u011b ty, kte\u0159\u00ed maj\u00ed r\u00e1di zemi, ve kter\u00e9 \u017eijeme, a cht\u011bj\u00ed ji pozn\u00e1vat. A a\u0165 u\u017e se z\u00a0n\u011bjak\u00e9ho d\u016fvodu nem\u016f\u017eete vydat Severn\u00ed stezku pozn\u00e1vat na vlastn\u00ed k\u016f\u017ei, v\u011b\u0159te, \u017ee str\u00e1nky t\u00e9hle \u00fa\u017easn\u00e9 knihy jsou b\u00e1je\u010dn\u00fdm zp\u016fsobem, jak se na ni p\u0159en\u00e9st alespo\u0148 v\u00a0p\u0159edstav\u00e1ch.<\/p>\n<p>\u00a0<\/p>\n<p><span style=\"color: #ca0036;\"><strong>Zveme V\u00e1s na p\u0159edn\u00e1\u0161ku Jana Hocka<\/strong><\/span> <strong>Severn\u00ed stezka &#8211; \u010ceskem od z\u00e1padu k\u00a0v\u00fdchodu<\/strong>, kter\u00e1 se kon\u00e1 v pond\u011bl\u00ed <strong>\u00a029. b\u0159ezna od 19:00.<\/strong><\/p>\n<p><a href=\"https:\/\/www.smsticket.cz\/vstupenky\/24385-severni-stezka-ceskem-od-zapadu-k-vychodu-jan-hocek\" target=\"_blank\" rel=\"noopener\">https:\/\/www.smsticket.cz\/vstupenky\/24385-severni-stezka-ceskem-od-zapadu-k-vychodu-jan-hocek<\/a><\/p>\n<p>Autor:\u00a0Kni\u017en\u00ed klub<\/p>\n","protected":false},"excerpt":{"rendered":"<p>Vydejte se na cestu stezkou t\u00e1hnouc\u00ed se nap\u0159\u00ed\u010d \u010ceskou republikou od jej\u00edho z\u00e1padn\u00edho c\u00edpu a\u017e tam, kde na v\u00fdchod\u011b jej\u00ed hranice kon\u010d\u00ed. Povede v\u00e1s p\u0159itom <strong>Severn\u00ed stezka<\/strong>, jedine\u010dn\u00e1 kniha trasuj\u00edc\u00ed cestu vinouc\u00ed se pod\u00e9l severn\u00edch hranic na\u0161\u00ed republiky.<\/p>\n","protected":false},"author":2,"featured_media":325722,"comment_status":"open","ping_status":"open","sticky":false,"template":"","format":"standard","meta":{"_acf_changed":false,"_monsterinsights_skip_tracking":false,"_monsterinsights_sitenote_active":false,"_monsterinsights_sitenote_note":"","_monsterinsights_sitenote_category":0,"_EventAllDay":false,"_EventTimezone":"","_EventStartDate":"","_EventEndDate":"","_EventStartDateUTC":"","_EventEndDateUTC":"","_EventShowMap":false,"_EventShowMapLink":false,"_EventURL":"","_EventCost":"","_EventCostDescription":"","_EventCurrencySymbol":"","_EventCurrencyCode":"","_EventCurrencyPosition":"","_EventDateTimeSeparator":"","_EventTimeRangeSeparator":"","_EventOrganizerID":[],"_EventVenueID":[],"_OrganizerEmail":"","_OrganizerPhone":"","_OrganizerWebsite":"","_VenueAddress":"","_VenueCity":"","_VenueCountry":"","_VenueProvince":"","_VenueState":"","_VenueZip":"","_VenuePhone":"","_VenueURL":"","_VenueStateProvince":"","_VenueLat":"","_VenueLng":"","_VenueShowMap":false,"_VenueShowMapLink":false,"twitterCardType":"","cardImageID":0,"cardImage":"","cardTitle":"","cardDesc":"","cardImageAlt":"","cardPlayer":"","cardPlayerWidth":0,"cardPlayerHeight":0,"cardPlayerStream":"","cardPlayerCodec":"","footnotes":""},"categories":[7],"tags":[21832],"class_list":["post-325721","post","type-post","status-publish","format-standard","has-post-thumbnail","hentry","category-recenze","tag-literarni-kavarna"],"acf":{"related_products":null},"_links":{"self":[{"href":"https:\/\/www.luxor.cz\/blog\/wp-json\/wp\/v2\/posts\/325721","targetHints":{"allow":["GET"]}}],"collection":[{"href":"https:\/\/www.luxor.cz\/blog\/wp-json\/wp\/v2\/posts"}],"about":[{"href":"https:\/\/www.luxor.cz\/blog\/wp-json\/wp\/v2\/types\/post"}],"author":[{"embeddable":true,"href":"https:\/\/www.luxor.cz\/blog\/wp-json\/wp\/v2\/users\/2"}],"replies":[{"embeddable":true,"href":"https:\/\/www.luxor.cz\/blog\/wp-json\/wp\/v2\/comments?post=325721"}],"version-history":[{"count":0,"href":"https:\/\/www.luxor.cz\/blog\/wp-json\/wp\/v2\/posts\/325721\/revisions"}],"wp:featuredmedia":[{"embeddable":true,"href":"https:\/\/www.luxor.cz\/blog\/wp-json\/wp\/v2\/media\/325722"}],"wp:attachment":[{"href":"https:\/\/www.luxor.cz\/blog\/wp-json\/wp\/v2\/media?parent=325721"}],"wp:term":[{"taxonomy":"category","embeddable":true,"href":"https:\/\/www.luxor.cz\/blog\/wp-json\/wp\/v2\/categories?post=325721"},{"taxonomy":"post_tag","embeddable":true,"href":"https:\/\/www.luxor.cz\/blog\/wp-json\/wp\/v2\/tags?post=325721"}],"curies":[{"name":"wp","href":"https:\/\/api.w.org\/{rel}","templated":true}]}}