{"id":325713,"date":"2021-03-29T15:51:26","date_gmt":"2021-03-29T13:51:26","guid":{"rendered":"https:\/\/www.luxor.cz\/blog\/nezarazene\/63202-roald-dahl-a-jeho-fantasticky-svet\/"},"modified":"2021-03-29T15:51:26","modified_gmt":"2021-03-29T13:51:26","slug":"63202-roald-dahl-a-jeho-fantasticky-svet","status":"publish","type":"post","link":"https:\/\/www.luxor.cz\/blog\/recenze\/63202-roald-dahl-a-jeho-fantasticky-svet\/","title":{"rendered":"Roald Dahl a jeho fantastick\u00fd sv\u011bt"},"content":{"rendered":"<p>V\u017edy\u0165 si jen vzpome\u0148me nap\u0159\u00edklad na mali\u010dkou hol\u010di\u010dku jm\u00e9nem Matylda, kter\u00e1 o sob\u011b zjist\u00ed, \u017ee um\u00ed \u010darovat. Nebo si vzpome\u0148me na poh\u00e1dku Obr Dobr anebo v\u0161emi milovan\u00e9ho Karl\u00edka a tov\u00e1rnu na \u010dokol\u00e1du! Roald Dahl se svou tvorbou zapsal do mnoha srdc\u00ed nap\u0159\u00ed\u010d v\u0161emi v\u011bkov\u00fdmi kategoriemi.<\/p>\n<p>Nakladatelstv\u00ed d\u011btsk\u00e9 literatury PIKOLA, kter\u00e9 je v\u00fdhradn\u00edm \u010desk\u00fdm vydavatelem sv\u011btozn\u00e1m\u00e9ho autora, vydalo v\u00a0roce 2018 Dahl\u016fv komplet. Ten obsahuje 12 nejobl\u00edben\u011bj\u0161\u00edch p\u0159\u00edb\u011bh\u016f, kter\u00e9 zavedou mal\u00e9 i velk\u00e9 \u010dten\u00e1\u0159e za br\u00e1ny sv\u011bta fantazie. V\u00a0boxu tak m\u016f\u017eeme nal\u00e9zt obl\u00edbenou Matyldu, Karl\u00edka, Jirku, Dannyho, Obra Dobra, pana Li\u0161\u00e1ka, Jakuba se Stono\u017en\u00edkem a \u017d\u00ed\u017eal\u00e1kem anebo Kluka a jeho p\u0159\u00edb\u011bhy z\u00a0d\u011btstv\u00ed a mnoh\u00e9 dal\u0161\u00ed.<\/p>\n<p>A \u017ee jste o Matyld\u011b je\u0161t\u011b nikdy nesly\u0161eli? Mo\u017en\u00e1 si p\u0159eci jen vzpomenete na okatou hol\u010di\u010dku, ke kter\u00e9 jsou jej\u00ed vlastn\u00ed rodi\u010de p\u011bkn\u011b o\u0161kliv\u00ed. Nemysl\u00ed si o n\u00ed nic hezk\u00e9ho, a p\u0159itom je Matylda g\u00e9nius, a naopak to oni jsou ti hloup\u00ed. Mo\u017en\u00e1 se v\u00e1m vybav\u00ed p\u0159\u00ed\u0161ern\u00e1 pan\u00ed \u0159editelka, sle\u010dna Kru\u0165\u00e1kov\u00e1, se kterou to Matylda nem\u011bla v\u016fbec jednoduch\u00e9 \u2013 do doby, ne\u017e objevila svou mimo\u0159\u00e1dnou schopnost.<\/p>\n<p>D\u00e1v\u00e1te p\u0159ednost stra\u0161ideln\u00fdm p\u0159\u00edb\u011bh\u016fm? Rozhodn\u011b by v\u00e1s mohla zaujmout \u010carod\u011bjnice. Co kdy\u017e v\u00e1\u017en\u011b existuj\u00ed? \u0158\u00edct sv\u00e9 by v\u00e1m o tom mohl mal\u00fd chlapec, kter\u00e9ho vychov\u00e1v\u00e1 babi\u010dka. Ta mu neust\u00e1le vypr\u00e1v\u00ed p\u0159\u00edb\u011bhy o \u010darod\u011bjnic\u00edch \u2013 bytostech, kter\u00e9 ze v\u0161eho na sv\u011bt\u011b nejv\u00edc nen\u00e1vid\u00ed d\u011bti. Mal\u00fd klu\u010dina nen\u00ed hloup\u00fd a babi\u010dce p\u0159\u00edb\u011bhy samoz\u0159ejm\u011b nev\u011b\u0159\u00ed. Co kdy\u017e ale zlovoln\u00e9 \u017een\u0161tiny doopravdy existuj\u00ed?<\/p>\n<p>Pokud byste r\u00e1di nahl\u00e9dli pod pokli\u010dku autorova \u017eivota, m\u011bli byste se zam\u011b\u0159it na \u00fatlou kn\u00ed\u017ee\u010dku Kluk. P\u0159\u00edb\u011bhy z\u00a0d\u011btstv\u00ed. Prost\u0159ednictv\u00edm nich\u017e Roald Dahl vypr\u00e1v\u00ed sv\u00e9 z\u00e1\u017eitky, kter\u00e9 jsou vesel\u00e9 a jindy zas d\u011bsiv\u00e9, ale p\u0159edev\u0161\u00edm \u2013 jsou dobrodru\u017en\u00e9! P\u0159\u00edb\u011bhy se budou l\u00edbit i t\u011bm, kte\u0159\u00ed si obl\u00edbili nap\u0159\u00edklad Bylo n\u00e1s p\u011bt. S\u00e1m autor v\u00a0\u00favodu \u0159\u00edk\u00e1, nejedn\u00e1 se o autobiografii v\u00a0prav\u00e9m slova smyslu \u2013 jsou to sp\u00ed\u0161e vzpom\u00ednky a jak\u00e9si st\u0159\u00edpky z\u00a0d\u011btstv\u00ed.<\/p>\n<p>Autorovy p\u0159\u00edb\u011bhy jsou zn\u00e1m\u00e9 nejen d\u00edky humoru, pou\u010dnosti \u010di nebety\u010dn\u00e9 fantazii. K\u00a0jeho p\u0159\u00edb\u011bh\u016fm neodmysliteln\u011b pat\u0159\u00ed i trefn\u00e9 ilustrace, o kter\u00e9 se pravideln\u011b star\u00e1 zn\u00e1m\u00fd ilustr\u00e1tor Quentin Blake. Dahlovy poh\u00e1dky i p\u0159\u00edb\u011bhy jsou zkr\u00e1tka v\u00fdborn\u00e9. Sehnat je m\u016f\u017eete samoz\u0159ejm\u011b ve zmi\u0148ovan\u00e9m kompletu, kter\u00fd obsahuje 12 nejobl\u00edben\u011bj\u0161\u00edch p\u0159\u00edb\u011bh\u016f anebo je tak\u00e9 m\u016f\u017eete sb\u00edrat po jednotliv\u00fdch p\u0159\u00edb\u011bz\u00edch. Nechte se un\u00e9st jeho fantazi\u00ed a pov\u011bstn\u00fdm humorem a zaplavte si t\u0159eba spolu s\u00a0Karl\u00edkem v\u00a0rozpu\u0161t\u011bn\u00e9 \u010dokol\u00e1d\u011b anebo spole\u010dn\u011b s\u00a0Matyldou si p\u0159i\u010darujte n\u011bkter\u00fd z\u00a0jeho dal\u0161\u00edch b\u00e1je\u010dn\u00fdch p\u0159\u00edb\u011bh\u016f.<\/p>\n<p>\u00a0<\/p>\n<p>Barbora Mike\u0161ov\u00e1\u00a0 (@bunburistka)<\/p>\n<p>\u00a0<\/p>\n<p>Autor:\u00a0Barbora Mike\u0161ov\u00e1<\/p>\n","protected":false},"excerpt":{"rendered":"<p>Britsk\u00e9ho a hlavn\u011b obl\u00edben\u00e9ho spisovatele Roalda Dahla zn\u00e1 mnoho rodi\u010d\u016f a nem\u00e9n\u011b d\u011bt\u00ed. Autor vdechl \u017eivot spoust\u011b rom\u00e1n\u016fm a poh\u00e1dek, p\u0159i\u010dem\u017e n\u011bkter\u00e9 z\u00a0nich se do\u010dkaly i hv\u011bzdn\u00fdch filmov\u00fdch pl\u00e1ten.<\/p>\n","protected":false},"author":2,"featured_media":325714,"comment_status":"open","ping_status":"open","sticky":false,"template":"","format":"standard","meta":{"_acf_changed":false,"_monsterinsights_skip_tracking":false,"_monsterinsights_sitenote_active":false,"_monsterinsights_sitenote_note":"","_monsterinsights_sitenote_category":0,"_EventAllDay":false,"_EventTimezone":"","_EventStartDate":"","_EventEndDate":"","_EventStartDateUTC":"","_EventEndDateUTC":"","_EventShowMap":false,"_EventShowMapLink":false,"_EventURL":"","_EventCost":"","_EventCostDescription":"","_EventCurrencySymbol":"","_EventCurrencyCode":"","_EventCurrencyPosition":"","_EventDateTimeSeparator":"","_EventTimeRangeSeparator":"","_EventOrganizerID":[],"_EventVenueID":[],"_OrganizerEmail":"","_OrganizerPhone":"","_OrganizerWebsite":"","_VenueAddress":"","_VenueCity":"","_VenueCountry":"","_VenueProvince":"","_VenueState":"","_VenueZip":"","_VenuePhone":"","_VenueURL":"","_VenueStateProvince":"","_VenueLat":"","_VenueLng":"","_VenueShowMap":false,"_VenueShowMapLink":false,"twitterCardType":"","cardImageID":0,"cardImage":"","cardTitle":"","cardDesc":"","cardImageAlt":"","cardPlayer":"","cardPlayerWidth":0,"cardPlayerHeight":0,"cardPlayerStream":"","cardPlayerCodec":"","footnotes":""},"categories":[7],"tags":[21832],"class_list":["post-325713","post","type-post","status-publish","format-standard","has-post-thumbnail","hentry","category-recenze","tag-literarni-kavarna"],"acf":{"related_products":null},"_links":{"self":[{"href":"https:\/\/www.luxor.cz\/blog\/wp-json\/wp\/v2\/posts\/325713","targetHints":{"allow":["GET"]}}],"collection":[{"href":"https:\/\/www.luxor.cz\/blog\/wp-json\/wp\/v2\/posts"}],"about":[{"href":"https:\/\/www.luxor.cz\/blog\/wp-json\/wp\/v2\/types\/post"}],"author":[{"embeddable":true,"href":"https:\/\/www.luxor.cz\/blog\/wp-json\/wp\/v2\/users\/2"}],"replies":[{"embeddable":true,"href":"https:\/\/www.luxor.cz\/blog\/wp-json\/wp\/v2\/comments?post=325713"}],"version-history":[{"count":0,"href":"https:\/\/www.luxor.cz\/blog\/wp-json\/wp\/v2\/posts\/325713\/revisions"}],"wp:featuredmedia":[{"embeddable":true,"href":"https:\/\/www.luxor.cz\/blog\/wp-json\/wp\/v2\/media\/325714"}],"wp:attachment":[{"href":"https:\/\/www.luxor.cz\/blog\/wp-json\/wp\/v2\/media?parent=325713"}],"wp:term":[{"taxonomy":"category","embeddable":true,"href":"https:\/\/www.luxor.cz\/blog\/wp-json\/wp\/v2\/categories?post=325713"},{"taxonomy":"post_tag","embeddable":true,"href":"https:\/\/www.luxor.cz\/blog\/wp-json\/wp\/v2\/tags?post=325713"}],"curies":[{"name":"wp","href":"https:\/\/api.w.org\/{rel}","templated":true}]}}