{"id":325711,"date":"2021-03-31T13:19:19","date_gmt":"2021-03-31T11:19:19","guid":{"rendered":"https:\/\/www.luxor.cz\/blog\/nezarazene\/63203-zbran-pusobici-zkazu\/"},"modified":"2021-03-31T13:19:19","modified_gmt":"2021-03-31T11:19:19","slug":"63203-zbran-pusobici-zkazu","status":"publish","type":"post","link":"https:\/\/www.luxor.cz\/blog\/recenze\/63203-zbran-pusobici-zkazu\/","title":{"rendered":"Zbra\u0148 p\u016fsob\u00edc\u00ed zk\u00e1zu"},"content":{"rendered":"<p><em>\u201eWestminsterskou katedr\u00e1lou vanul studen\u00fd v\u00edtr. Star\u00fd chr\u00e1mov\u00fd varhan\u00edk si mnul ruce zkroucen\u00e9 pakostnic\u00ed. Dosud se mu nepoda\u0159ilo pochopit, pro\u010d se kostely mus\u00ed stav\u011bt pr\u016f\u010del\u00edm k v\u00fdchodu. Odtud sice dopadaly do svatost\u00e1nku slune\u010dn\u00ed paprsky, ale s nimi vanul i v\u00fdchodn\u00ed v\u00edtr, kter\u00fd p\u0159in\u00e1\u0161el ledov\u00fd chlad. Z t\u00e9to sv\u011btov\u00e9 strany tak\u00e9 ob\u010das p\u0159i\u0161lo ne\u0161t\u011bst\u00ed.\u201c<\/em><\/p>\n<p>Tentokr\u00e1t n\u00e1s autor zavede na sam\u00fd sklon 16. stolet\u00ed. V\u00a0Anglii vl\u00e1dne\u00a0Al\u017eb\u011bta I., pro ni\u017e\u00a0Thomas Dallam\u00a0sestrojil\u00a0samo\u010dinn\u011b hraj\u00edc\u00ed varhany. Bohu\u017eel se v\u0161ak v\u016f\u010di kr\u00e1lovn\u011b dopust\u00ed proh\u0159e\u0161ku, z\u00a0toho d\u016fvodu je nakonec vybr\u00e1n, aby samo\u010dinn\u00e9 varhany spolu s\u00a0dal\u0161\u00edmi vyslanci dopravil\u00a0sult\u00e1novi Mehmedovi III.\u00a0do Istanbulu jako dar, kter\u00fd by ho m\u011bl p\u0159esv\u011bd\u010dit, aby se postavil na stranu Anglie v\u00a0boji proti \u0160pan\u011bl\u016fm. To v\u0161ak je\u0161t\u011b Dallam netu\u0161\u00ed, co je hlavn\u00edm poselstv\u00edm v\u00fdpravy.<\/p>\n<p>Co je onen tajemn\u00fd \u010dern\u00fd ohe\u0148? Poda\u0159\u00ed se Dallamovi vyp\u00e1trat starod\u00e1vnou recepturu, kter\u00e1 je ji\u017e roky zapomenuta? Co za dobrodru\u017estv\u00ed ho na palub\u011b kr\u00e1lovsk\u00e9 fregaty nesouc\u00ed n\u00e1zev Hector a n\u00e1sledn\u011b v\u00a0samotn\u00e9m Istanbulu \u010dek\u00e1? Dirk Husemann dok\u00e1\u017ee ps\u00e1t tak, \u017ee se od \u010dten\u00ed nebudete cht\u00edt odtrhnout.<\/p>\n<p><em>\u201eVypad\u00e1 to,\u201c poznamenal, \u201e\u017ee ta plavba je pro kr\u00e1lovnu velmi d\u016fle\u017eit\u00e1. Pro m\u011b jsou zase d\u016fle\u017eit\u00e9 ty varhany. A pro n\u00e1s oba je d\u016fle\u017eit\u00fd n\u00e1\u0161 \u017eivot. To jsou t\u0159i d\u016fvody, kter\u00e9 mluv\u00ed pro to, abychom si vybrali bezpe\u010dn\u011bj\u0161\u00ed lo\u010f.\u201c<\/em><\/p>\n<p>Autorovy knihy jsem si zamilovala, proto\u017ee\u00a0skv\u011ble snoub\u00ed skute\u010dn\u00e9 historick\u00e9 osobnosti, ale i ud\u00e1losti se svoj\u00ed fikc\u00ed. Dok\u00e1\u017ee \u010dten\u00e1\u0159e zaujmout a jeho knihy jsou\u00a0velmi \u010dtiv\u00e9. Moc se mi l\u00edbilo, jak vyl\u00ed\u010dil Al\u017eb\u011btu I. jako \u010dlov\u011bka z\u00a0masa a kost\u00ed, s\u00a0jej\u00edmi ne\u0161vary i slabostmi. Stejn\u011b tak sult\u00e1n Mehmed III. byl \u017eivouc\u00ed postavou a tak\u00e9 hlavn\u00ed hrdina Thomas Dallam byl skute\u010dn\u00fdm autorem hned n\u011bkolika samo\u010dinn\u00fdch varhan. V\u00edce ji\u017e neprozrad\u00edm, s\u00e1m autor z\u00e1v\u011brem knihy uv\u00e1d\u00ed, co se op\u00edr\u00e1 o skute\u010dnost, co si trochu upravil a co je jen fikce.<\/p>\n<p>L\u00edbilo se mi, jak se\u00a0v\u00a0knize prol\u00ednaly dv\u011b d\u011bjov\u00e9 linie, jedna sledovala Al\u017eb\u011btu I. a jej\u00ed po\u010d\u00edn\u00e1n\u00ed v\u00a0Anglii ohro\u017een\u00e9 mo\u017en\u00fdm \u00fatokem \u0160pan\u011bl\u016f a druh\u00e1 je v\u011bnov\u00e1na Thomasu Dallamovi, a ta je velmi nap\u00ednav\u00e1. Krom\u011b\u00a0nap\u011bt\u00ed a dobrodru\u017estv\u00ed\u00a0autor neopomn\u011bl do knihy p\u0159idat\u00a0i l\u00e1sku, kter\u00e1 je v\u00a0tomto p\u0159\u00edpad\u011b takovou pomyslnou t\u0159e\u0161ni\u010dkou na dortu, u\u0161et\u0159ena nez\u016fstala ani samotn\u00e1 kr\u00e1lovna.<\/p>\n<p><em>\u201eD\u0159\u00edve jsem byla v\u00edce ne\u017e kr\u00e1lovna,\u201c p\u0159iznala a udivilo ji, \u017ee ji \u0160pan\u011bl prohl\u00e9dl. \u201eByla jsem panovnice. Velela jsem lod\u00edm, kter\u00e9 porazily Armadu. Potla\u010dovala jsem spiknut\u00ed, zakl\u00e1dala kolonie a postupovala proti sv\u00fdm nep\u0159\u00e1tel\u016fm s\u00a0ve\u0161kerou tvrdost\u00ed, i kdy\u017e mi to div nezlomilo srdce.\u201c P\u0159ed vnit\u0159n\u00edm zrakem se j\u00ed vyno\u0159il obraz jej\u00ed sest\u0159enice Marie. \u201eAspo\u0148 jsem si nep\u0159ipadala jako ne\u017eiv\u00e1 loutka.\u201c<\/em><\/p>\n<p><em>V\u00a0knize vystupuje\u00a0v\u011bt\u0161\u00ed mno\u017estv\u00ed postav, ale \u010dten\u00e1\u0159 se v\u00a0nich rozhodn\u011b neztr\u00e1c\u00ed. D\u00edky nim je\u00a0\u010dten\u00ed dynamick\u00e9. Zaj\u00edmav\u00e9 je, i jak se n\u011bkter\u00e9 postavy znovu setk\u00e1vaj\u00ed v\u00a0r\u016fzn\u00fdch obdob\u00edch sv\u00e9ho \u017eivota a mus\u00edm podotknout, \u017ee\u00a0autor sv\u00e9 hrdiny mnohdy ne\u0161et\u0159\u00ed.<\/em><\/p>\n<p>Kniha se mi \u010detla velmi dob\u0159e a v\u00a0samotn\u00e9m z\u00e1v\u011bru jsem ji u\u017e nebyla schopn\u00e1 odlo\u017eit, dokud jsem se nedozv\u011bd\u011bla, jak p\u0159\u00edb\u011bh skon\u010d\u00ed.<\/p>\n<p>Historick\u00fd rom\u00e1n\u00a0doporu\u010duji v\u0161em, kte\u0159\u00ed r\u00e1di \u010dtou dobrodru\u017en\u00e9 knihy, ve kter\u00fdch vystupuj\u00ed skute\u010dn\u00e9 historick\u00e9 osobnosti\u00a0a t\u011bm, co jim nevad\u00ed, kdy\u017e se autor odch\u00fdl\u00ed od skute\u010dnosti. Kniha jist\u011b spln\u00ed o\u010dek\u00e1v\u00e1n\u00ed i t\u011bch, co ji\u017e autora znaj\u00ed a jeho knihy si obl\u00edbili.<\/p>\n<p><em>\u201eTe\u010f zav\u0159el o\u010di i on. V\u00a0duchu vid\u011bl, jak se otev\u0159ely klapky majest\u00e1tn\u00edho n\u00e1stroje. C\u00edtil, jak vibruj\u00ed jaz\u00fd\u010dkov\u00e9 p\u00ed\u0161\u0165aly a vzduch \u0161evel\u00ed trubkami, nejprve jemn\u011b, pot\u00e9 naplno. Zpo\u010d\u00e1tku basy hu\u010d\u00ed jen potichu. Zanedlouho se v\u0161ak varhany rozezn\u00ed a rozezp\u00edvaj\u00ed. N\u00e1stroj \u0161um\u00ed, dun\u00ed, hlahol\u00ed, bur\u00e1c\u00ed, promlouv\u00e1, k\u0159i\u010d\u00ed a vzdych\u00e1.\u201c<\/em><\/p>\n<p>Moje\u00a0hodnocen\u00ed\u00a0je\u00a0100 %.<\/p>\n<p>Budu se t\u011b\u0161it, kter\u00e9 historick\u00e9 obdob\u00ed a m\u00e9n\u011b zn\u00e1m\u00e9 skute\u010dnosti si autor vybere pro dal\u0161\u00ed p\u0159\u00edb\u011bh.<\/p>\n<p>\u00a0<\/p>\n<p><span class=\"byline\"><span class=\"author vcard\">Pavla Velehradsk\u00e1\u00a0<\/span><\/span><\/p>\n<p>Autor:\u00a0Vyb\u00edr\u00e1me z m\u00e9di\u00ed: Chrudimka.cz<\/p>\n","protected":false},"excerpt":{"rendered":"<p>Dirk Husemann\u00a0se po p\u0159e\u010dten\u00ed jeho knih\u00a0Slon pro Karla Velik\u00e9ho\u00a0a\u00a0Ledov\u00ed pir\u00e1ti\u00a0za\u0159adil mezi m\u00e9 obl\u00edben\u00e9 autory, proto jsem si nemohla nechat uj\u00edt jeho novinku\u00a0\u010cern\u00fd ohe\u0148 z\u00a0Byzance.\u00a0<\/p>\n","protected":false},"author":2,"featured_media":325712,"comment_status":"open","ping_status":"open","sticky":false,"template":"","format":"standard","meta":{"_acf_changed":false,"_monsterinsights_skip_tracking":false,"_monsterinsights_sitenote_active":false,"_monsterinsights_sitenote_note":"","_monsterinsights_sitenote_category":0,"_EventAllDay":false,"_EventTimezone":"","_EventStartDate":"","_EventEndDate":"","_EventStartDateUTC":"","_EventEndDateUTC":"","_EventShowMap":false,"_EventShowMapLink":false,"_EventURL":"","_EventCost":"","_EventCostDescription":"","_EventCurrencySymbol":"","_EventCurrencyCode":"","_EventCurrencyPosition":"","_EventDateTimeSeparator":"","_EventTimeRangeSeparator":"","_EventOrganizerID":[],"_EventVenueID":[],"_OrganizerEmail":"","_OrganizerPhone":"","_OrganizerWebsite":"","_VenueAddress":"","_VenueCity":"","_VenueCountry":"","_VenueProvince":"","_VenueState":"","_VenueZip":"","_VenuePhone":"","_VenueURL":"","_VenueStateProvince":"","_VenueLat":"","_VenueLng":"","_VenueShowMap":false,"_VenueShowMapLink":false,"twitterCardType":"","cardImageID":0,"cardImage":"","cardTitle":"","cardDesc":"","cardImageAlt":"","cardPlayer":"","cardPlayerWidth":0,"cardPlayerHeight":0,"cardPlayerStream":"","cardPlayerCodec":"","footnotes":""},"categories":[7],"tags":[21832],"class_list":["post-325711","post","type-post","status-publish","format-standard","has-post-thumbnail","hentry","category-recenze","tag-literarni-kavarna"],"acf":{"related_products":null},"_links":{"self":[{"href":"https:\/\/www.luxor.cz\/blog\/wp-json\/wp\/v2\/posts\/325711","targetHints":{"allow":["GET"]}}],"collection":[{"href":"https:\/\/www.luxor.cz\/blog\/wp-json\/wp\/v2\/posts"}],"about":[{"href":"https:\/\/www.luxor.cz\/blog\/wp-json\/wp\/v2\/types\/post"}],"author":[{"embeddable":true,"href":"https:\/\/www.luxor.cz\/blog\/wp-json\/wp\/v2\/users\/2"}],"replies":[{"embeddable":true,"href":"https:\/\/www.luxor.cz\/blog\/wp-json\/wp\/v2\/comments?post=325711"}],"version-history":[{"count":0,"href":"https:\/\/www.luxor.cz\/blog\/wp-json\/wp\/v2\/posts\/325711\/revisions"}],"wp:featuredmedia":[{"embeddable":true,"href":"https:\/\/www.luxor.cz\/blog\/wp-json\/wp\/v2\/media\/325712"}],"wp:attachment":[{"href":"https:\/\/www.luxor.cz\/blog\/wp-json\/wp\/v2\/media?parent=325711"}],"wp:term":[{"taxonomy":"category","embeddable":true,"href":"https:\/\/www.luxor.cz\/blog\/wp-json\/wp\/v2\/categories?post=325711"},{"taxonomy":"post_tag","embeddable":true,"href":"https:\/\/www.luxor.cz\/blog\/wp-json\/wp\/v2\/tags?post=325711"}],"curies":[{"name":"wp","href":"https:\/\/api.w.org\/{rel}","templated":true}]}}