{"id":325709,"date":"2021-04-01T09:52:31","date_gmt":"2021-04-01T07:52:31","guid":{"rendered":"https:\/\/www.luxor.cz\/blog\/nezarazene\/63204-svet-kde-neni-vse-tak-jak-se-zda\/"},"modified":"2021-04-01T09:52:31","modified_gmt":"2021-04-01T07:52:31","slug":"63204-svet-kde-neni-vse-tak-jak-se-zda","status":"publish","type":"post","link":"https:\/\/www.luxor.cz\/blog\/recenze\/63204-svet-kde-neni-vse-tak-jak-se-zda\/","title":{"rendered":"Sv\u011bt, kde nen\u00ed v\u0161e tak, jak se zd\u00e1"},"content":{"rendered":"<p>Autora u\u017e m\u016f\u017eete zn\u00e1t d\u00edky contemporary duologii Muffin a \u010daj, fantasy Ve st\u00ednu oskeru\u0161e, nebo z\u00a0n\u011bkolika pov\u00eddkov\u00fdch sb\u00edrek, nap\u0159. Nejkr\u00e1sn\u011bj\u0161\u00edho d\u00e1rku. Tentokr\u00e1t se op\u011bt pustil do fantastick\u00e9ho \u017e\u00e1nru, ned\u00e1vno mu vy\u0161la novinka Hniloba v\u00a0ko\u0159enech.<\/p>\n<p>P\u0159\u00edb\u011bh n\u00e1s zavede do sv\u011bta, kter\u00fd m\u00e1 z\u00e1sadn\u00ed probl\u00e9m, st\u00e1le v\u00a0n\u011bm toti\u017e prob\u00edh\u00e1 rasov\u00e1 nesn\u00e1\u0161enlivost. Sanheian\u00e9 a Razdarov\u00e9. Prvn\u00ed obyvatelstvo odli\u0161uj\u00edc\u00ed se vzhledem, druh\u00e9 opl\u00fdvaj\u00edc\u00ed magick\u00fdmi schopnostmi. Dle v\u0161eho by m\u011bla prob\u00edhat rovnost mezi ob\u011bma skupinami, jen\u017ee ka\u017ed\u00fd v\u00ed sv\u00e9 a v\u0161e nen\u00ed tak, jak se zd\u00e1. Park\u016fv kamar\u00e1d Kimp se proto rozhodne, \u017ee by m\u011bl lidi vyburcovat k\u00a0akci, kter\u00e1 by hnula s\u00a0touto situac\u00ed a jejich sv\u011bt zm\u011bnila k\u00a0lep\u0161\u00edmu. Kimp\u016fv n\u00e1pad se ale zvrtne a on za to bohu\u017eel zaplat\u00ed \u017eivotem. Park to nenech\u00e1 jen tak a spole\u010dn\u011b s\u00a0jeho partou za\u010dnou hledat nov\u00e9 informace, aby se dozv\u011bd\u011bli pravdu a hlavn\u011b ud\u011blali n\u011bco pro to, aby jejich p\u0159\u00edtel nezem\u0159el nadarmo. Odkr\u00fdv\u00e1 se tak detektivn\u00ed z\u00e1pletka, kter\u00e1 prov\u00e1z\u00ed cel\u00fdm p\u0159\u00edb\u011bhem. D\u00edky tomu se do knihy za\u010dtete raz dva.<\/p>\n<p>Na Hnilob\u011b v\u00a0ko\u0159enech je skv\u011bl\u00e9 to, \u017ee stejn\u011b jako spousta jin\u00fdch titul\u016f od Yoli, \u0159e\u0161\u00ed d\u016fle\u017eit\u00e1 t\u00e9mata. Tady p\u0159edev\u0161\u00edm rasismus, kter\u00fd se bohu\u017eel ani v na\u0161em\u00a0re\u00e1ln\u00e9m sv\u011bt\u011b je\u0161t\u011b stoprocentn\u011b nestal minulost\u00ed, proto je velmi d\u016fle\u017eit\u00e9, aby se o tom mluvilo a psalo.<\/p>\n<p>I tohle je d\u016fvod, pro\u010d m\u00e1m autorovu tvorbu tolik v\u00a0oblib\u011b, v\u017edy m\u00e1 p\u0159idanou hodnotu.<\/p>\n<p>Nejen \u017ee si u\u017eijete knihu z\u00a0estetick\u00e9ho pohledu d\u00edky dechberouc\u00ed ob\u00e1lce, p\u0159\u00edb\u011bh je tak\u00e9 jako v\u017edy skv\u011ble napsan\u00fd. Pokud jste od autora ji\u017e n\u011bco \u010detli, ur\u010dit\u011b mi d\u00e1te za pravdu, \u017ee jsou jeho d\u00edla velmi \u010dtiv\u00e1.<\/p>\n<p>J\u00e1 si \u010dten\u00ed u\u017eil, odreagoval se, a z\u00e1rove\u0148 se c\u00edtil v\u00a0nap\u011bt\u00ed d\u00edky ji\u017e zmi\u0148ovan\u00e9 z\u00e1pletce. Pokud \u010dtete ya fantasy, nem\u011bjte od Hniloby v\u00a0ko\u0159enech tak vysok\u00e1 o\u010dek\u00e1v\u00e1n\u00ed, jsem si ale rozhodn\u011b jist\u00fd, \u017ee v\u00e1s nezklame.<\/p>\n<p>A na z\u00e1v\u011br p\u0159id\u00e1v\u00e1m l\u00e1ka\u010dku, o kter\u00e9 asi ji\u017e v\u00edte, pokud jste listovali edi\u010dn\u00edm pl\u00e1nem Yoli \u2013 od Thea Addaira by m\u011bl vych\u00e1zet nov\u00fd rom\u00e1n za sv\u011bta Muffinu a \u010daje!<\/p>\n<p>J\u00e1 se osobn\u011b moc t\u011b\u0161\u00edm! Pokud i vy, \u010dek\u00e1n\u00ed si m\u016f\u017eete prozat\u00edm zkr\u00e1tit pr\u00e1v\u011b touto novinkou.<\/p>\n<p>\u00a0<\/p>\n<p>\u00a0Patrik K\u0159\u00ed\u017e (@bookbypatrik)<\/p>\n<p>Autor:\u00a0Patrik K\u0159\u00ed\u017e<\/p>\n","protected":false},"excerpt":{"rendered":"<p>Novinka Thea Addaira tentokr\u00e1t obsahuje v\u00edce young adult prvk\u016f. To ale neznamen\u00e1, \u017ee je p\u0159\u00edb\u011bh slun\u00ed\u010dkov\u00fd, hniloba je toti\u017e usazena a\u017e v\u00a0ko\u0159enech.<\/p>\n","protected":false},"author":2,"featured_media":325710,"comment_status":"open","ping_status":"open","sticky":false,"template":"","format":"standard","meta":{"_acf_changed":false,"_monsterinsights_skip_tracking":false,"_monsterinsights_sitenote_active":false,"_monsterinsights_sitenote_note":"","_monsterinsights_sitenote_category":0,"_EventAllDay":false,"_EventTimezone":"","_EventStartDate":"","_EventEndDate":"","_EventStartDateUTC":"","_EventEndDateUTC":"","_EventShowMap":false,"_EventShowMapLink":false,"_EventURL":"","_EventCost":"","_EventCostDescription":"","_EventCurrencySymbol":"","_EventCurrencyCode":"","_EventCurrencyPosition":"","_EventDateTimeSeparator":"","_EventTimeRangeSeparator":"","_EventOrganizerID":[],"_EventVenueID":[],"_OrganizerEmail":"","_OrganizerPhone":"","_OrganizerWebsite":"","_VenueAddress":"","_VenueCity":"","_VenueCountry":"","_VenueProvince":"","_VenueState":"","_VenueZip":"","_VenuePhone":"","_VenueURL":"","_VenueStateProvince":"","_VenueLat":"","_VenueLng":"","_VenueShowMap":false,"_VenueShowMapLink":false,"twitterCardType":"","cardImageID":0,"cardImage":"","cardTitle":"","cardDesc":"","cardImageAlt":"","cardPlayer":"","cardPlayerWidth":0,"cardPlayerHeight":0,"cardPlayerStream":"","cardPlayerCodec":"","footnotes":""},"categories":[7],"tags":[21832],"class_list":["post-325709","post","type-post","status-publish","format-standard","has-post-thumbnail","hentry","category-recenze","tag-literarni-kavarna"],"acf":{"related_products":null},"_links":{"self":[{"href":"https:\/\/www.luxor.cz\/blog\/wp-json\/wp\/v2\/posts\/325709","targetHints":{"allow":["GET"]}}],"collection":[{"href":"https:\/\/www.luxor.cz\/blog\/wp-json\/wp\/v2\/posts"}],"about":[{"href":"https:\/\/www.luxor.cz\/blog\/wp-json\/wp\/v2\/types\/post"}],"author":[{"embeddable":true,"href":"https:\/\/www.luxor.cz\/blog\/wp-json\/wp\/v2\/users\/2"}],"replies":[{"embeddable":true,"href":"https:\/\/www.luxor.cz\/blog\/wp-json\/wp\/v2\/comments?post=325709"}],"version-history":[{"count":0,"href":"https:\/\/www.luxor.cz\/blog\/wp-json\/wp\/v2\/posts\/325709\/revisions"}],"wp:featuredmedia":[{"embeddable":true,"href":"https:\/\/www.luxor.cz\/blog\/wp-json\/wp\/v2\/media\/325710"}],"wp:attachment":[{"href":"https:\/\/www.luxor.cz\/blog\/wp-json\/wp\/v2\/media?parent=325709"}],"wp:term":[{"taxonomy":"category","embeddable":true,"href":"https:\/\/www.luxor.cz\/blog\/wp-json\/wp\/v2\/categories?post=325709"},{"taxonomy":"post_tag","embeddable":true,"href":"https:\/\/www.luxor.cz\/blog\/wp-json\/wp\/v2\/tags?post=325709"}],"curies":[{"name":"wp","href":"https:\/\/api.w.org\/{rel}","templated":true}]}}