{"id":325707,"date":"2021-04-08T08:51:52","date_gmt":"2021-04-08T06:51:52","guid":{"rendered":"https:\/\/www.luxor.cz\/blog\/nezarazene\/63209-na-usvitu-dejin\/"},"modified":"2021-04-08T08:51:52","modified_gmt":"2021-04-08T06:51:52","slug":"63209-na-usvitu-dejin","status":"publish","type":"post","link":"https:\/\/www.luxor.cz\/blog\/recenze\/63209-na-usvitu-dejin\/","title":{"rendered":"Na \u00fasvitu d\u011bjin"},"content":{"rendered":"<p>Ken Follett je velmi zn\u00e1m\u00fdm britsk\u00fdm autorem historick\u00fdch rom\u00e1n\u016f, a p\u0159edev\u0161\u00edm ho m\u016f\u017eete zn\u00e1t d\u00edky s\u00e9rii Pil\u00ed\u0159e zem\u011b. Tato s\u00e9rie n\u00e1m vypr\u00e1v\u00ed p\u0159\u00edb\u011bhy ze st\u0159edov\u011bku a py\u0161n\u00ed se svou monument\u00e1lnost\u00ed a epi\u010dnost\u00ed. Jinak tomu nen\u00ed ani u knihy Ve\u010der a jitro, kter\u00e1 je v\u00a0podstat\u011b nult\u00fdm d\u00edlem t\u00e9to strhuj\u00edc\u00ed s\u00e9rie. Pokud jste tedy \u010detbu Pil\u00ed\u0159\u016f zem\u011b odkl\u00e1dali a nebyli jste si jist\u00ed, zda se V\u00e1m bude l\u00edbit, m\u016f\u017eete s\u00e1hnout po t\u00e9to nov\u00e9 knize, pono\u0159it se do hlubin ran\u00e9ho st\u0159edov\u011bku a vyzkou\u0161et, co Ken Follett nab\u00edz\u00ed.<\/p>\n<p>D\u011bjem knihy n\u00e1s prov\u00e1zej\u00ed osudy t\u0159\u00ed hlavn\u00edch hrdin\u016f, z nich\u017e se jako s prvn\u00edm setk\u00e1v\u00e1me v roce 997 s mlad\u00edkem Edgarem, jen\u017e \u017eije v anglick\u00e9 vesnici se sv\u00fdmi rodi\u010di a dv\u011bma star\u0161\u00edmi bratry. Edgar se v\u0161ak zamiluje do mlad\u00e9 \u017eeny, kter\u00e1 je ale bohu\u017eel provdan\u00e1. Nic m\u00e9n\u011b ona sv\u00e9ho mu\u017ee nesn\u00e1\u0161\u00ed a brzy vzplane l\u00e1skou k Edgarovi. Mlad\u00ed zamilovan\u00ed se rozhodnou, \u017ee spole\u010dn\u011b uprchnou a za\u010dnou od za\u010d\u00e1tku na n\u011bjak\u00e9m jin\u00e9m m\u00edst\u011b. Ve chv\u00edli, kdy se Edgar chyst\u00e1 opustit sv\u016fj rodn\u00fd d\u016fm, ale vesnici napadnou Vikingov\u00e9, kte\u0159\u00ed ni\u010d\u00ed, rabuj\u00ed, zab\u00edj\u00ed a zn\u00e1sil\u0148uj\u00ed. Tato tragick\u00e1 ud\u00e1lost ot\u0159ese Edgarov\u00fdm sv\u011btem i jeho pl\u00e1ny.<\/p>\n<p>Dal\u0161\u00edm na\u0161\u00edm spole\u010dn\u00edkem v d\u011bji je mnich Aldred, kter\u00fd ve sv\u00fdch chlapeck\u00fdch letech nebyl zrovna ide\u00e1ln\u00edm slu\u017eebn\u00edkem bo\u017e\u00edm a m\u00e1 ve sv\u00e9 minulosti v\u00e1\u017en\u00fd proh\u0159e\u0161ek. Aldred si ov\u0161em svou chybu uv\u011bdomil a od t\u00e9 chv\u00edle se sna\u017e\u00ed b\u00fdt nejlep\u0161\u00ed verz\u00ed sama sebe. Sv\u016fj \u017eivot zasv\u011btil bohu, rozvoji vzd\u011blanosti a pomoci bli\u017en\u00edm. Jeho osudy taky nejsou nejleh\u010d\u00ed, ale jeho vynal\u00e9zavost a inteligence je mu skv\u011bl\u00fdm pomocn\u00edkem.<\/p>\n<p>V neposledn\u00ed \u0159ad\u011b se setk\u00e1v\u00e1me s mladou \u0161lechti\u010dnou Ragnou, co\u017e je d\u00edvka pln\u00e1 optimismu, kter\u00fd m\u00edsty hrani\u010d\u00ed a\u017e s naivitou. Jej\u00ed romantickou du\u0161i ale vyva\u017euje siln\u00fd smysl pro spravedlnost a touha pom\u00e1hat t\u011bm, kte\u0159\u00ed si to zaslou\u017e\u00ed. Ragna, jako\u017eto dcera hrab\u011bte, m\u00e1 b\u00fdt p\u0159isl\u00edbena vlivn\u00e9mu francouzsk\u00e9mu \u0161lechtici, ale jej\u00ed srdce zaho\u0159\u00ed l\u00e1skou k jin\u00e9mu mu\u017ei. V\u00ed, \u017ee tak jako tak bude muset opustit domovinu, vypo\u0159\u00e1d\u00e1vat se s nov\u00fdmi lidmi a zvyky, ale z cel\u00e9ho srdce si p\u0159eje, aby to bylo po boku mu\u017ee, jeho\u017e miluje z cel\u00e9ho srdce.<\/p>\n<p>Osudy v\u0161ech t\u0159\u00ed postav jsou nesm\u00edrn\u011b zaj\u00edmav\u00e9 a p\u0159edev\u0161\u00edm rozmanit\u00e9. Ostatn\u011b jako cel\u00fd tento opus. V knize Ve\u010der a jitro se najde pro ka\u017ed\u00e9ho \u010dten\u00e1\u0159e n\u011bco. Najdete zde romantiku, ze kter\u00e9 se v\u00e1m bude tajit dech, ale nebudete m\u00edt pocit, \u017ee v\u00e1m z jej\u00ed sladkosti vypadaj\u00ed v\u0161echny zuby. Na sv\u00e9 si samoz\u0159ejm\u011b p\u0159ijdou milovn\u00edci historie, ale p\u0159edev\u0161\u00edm ti ze \u010dten\u00e1\u0159\u016f, kte\u0159\u00ed maj\u00ed r\u00e1di intriky, kter\u00e9 se odehr\u00e1vaj\u00ed na pansk\u00fdch dvorech, proto\u017ee to bylo n\u011bco, co dok\u00e1zalo rozt\u0159\u00e1st p\u016fdu pod nohami nejednoho vysoce postaven\u00e9ho \u010dlov\u011bka a zni\u010dit \u017eivot \u010dlov\u011bku oby\u010dejn\u00e9mu. Takov\u00fdchto zvrat\u016f je v knize opravdu po\u017eehnan\u011b a v\u017edy v\u00e1s dok\u00e1\u017eou p\u0159ekvapit svou z\u00e1ludnost\u00ed.<\/p>\n<p>Tato kniha je nap\u00ednav\u00fdm a struhuj\u00edc\u00edm p\u0159\u00edb\u011bhem z d\u00e1vn\u00e9 historie, kter\u00e1 je naps\u00e1na tak \u010dtiv\u011b a poutav\u011b, \u017ee ani nebudete v\u011bd\u011bt, kam se t\u011bch t\u00e9m\u011b\u0159 800 stran pod\u011blo a za hlavn\u00ed hrdiny budete i d\u00fdchat. Pokud se tedy boj\u00edte rozsahu Follettov\u00fdch knih, mohu v\u00e1s ubezpe\u010dit, \u017ee a\u017e je do\u010dtete, budete si p\u0159\u00e1t, aby m\u011bli je\u0161t\u011b v\u00edce stran.<\/p>\n<p>Kristina Heklov\u00e1 (@kristi_cte)<\/p>\n<p>Autor:\u00a0Kristina Heklov\u00e1<\/p>\n","protected":false},"excerpt":{"rendered":"<p>Kdybyste si mohli vybrat, ve kter\u00e9 historick\u00e9 \u00e9\u0159e byste si cht\u011bli zkusit \u017e\u00edt, kter\u00e1 by to byla? Ka\u017ed\u00e1 m\u00e1 jist\u011b sv\u00e1 pro a proti, ale ran\u00fd st\u0159edov\u011bk pat\u0159\u00ed k t\u011bm v\u016fbec nejnebezpe\u010dn\u011bj\u0161\u00edm. Pr\u00e1v\u011b do t\u00e9to doby n\u00e1s p\u0159iv\u00e1d\u00ed i nov\u00e1 kniha Kena Folletta.<\/p>\n","protected":false},"author":2,"featured_media":325708,"comment_status":"open","ping_status":"open","sticky":false,"template":"","format":"standard","meta":{"_acf_changed":false,"_monsterinsights_skip_tracking":false,"_monsterinsights_sitenote_active":false,"_monsterinsights_sitenote_note":"","_monsterinsights_sitenote_category":0,"_EventAllDay":false,"_EventTimezone":"","_EventStartDate":"","_EventEndDate":"","_EventStartDateUTC":"","_EventEndDateUTC":"","_EventShowMap":false,"_EventShowMapLink":false,"_EventURL":"","_EventCost":"","_EventCostDescription":"","_EventCurrencySymbol":"","_EventCurrencyCode":"","_EventCurrencyPosition":"","_EventDateTimeSeparator":"","_EventTimeRangeSeparator":"","_EventOrganizerID":[],"_EventVenueID":[],"_OrganizerEmail":"","_OrganizerPhone":"","_OrganizerWebsite":"","_VenueAddress":"","_VenueCity":"","_VenueCountry":"","_VenueProvince":"","_VenueState":"","_VenueZip":"","_VenuePhone":"","_VenueURL":"","_VenueStateProvince":"","_VenueLat":"","_VenueLng":"","_VenueShowMap":false,"_VenueShowMapLink":false,"twitterCardType":"","cardImageID":0,"cardImage":"","cardTitle":"","cardDesc":"","cardImageAlt":"","cardPlayer":"","cardPlayerWidth":0,"cardPlayerHeight":0,"cardPlayerStream":"","cardPlayerCodec":"","footnotes":""},"categories":[7],"tags":[21832],"class_list":["post-325707","post","type-post","status-publish","format-standard","has-post-thumbnail","hentry","category-recenze","tag-literarni-kavarna"],"acf":{"related_products":null},"_links":{"self":[{"href":"https:\/\/www.luxor.cz\/blog\/wp-json\/wp\/v2\/posts\/325707","targetHints":{"allow":["GET"]}}],"collection":[{"href":"https:\/\/www.luxor.cz\/blog\/wp-json\/wp\/v2\/posts"}],"about":[{"href":"https:\/\/www.luxor.cz\/blog\/wp-json\/wp\/v2\/types\/post"}],"author":[{"embeddable":true,"href":"https:\/\/www.luxor.cz\/blog\/wp-json\/wp\/v2\/users\/2"}],"replies":[{"embeddable":true,"href":"https:\/\/www.luxor.cz\/blog\/wp-json\/wp\/v2\/comments?post=325707"}],"version-history":[{"count":0,"href":"https:\/\/www.luxor.cz\/blog\/wp-json\/wp\/v2\/posts\/325707\/revisions"}],"wp:featuredmedia":[{"embeddable":true,"href":"https:\/\/www.luxor.cz\/blog\/wp-json\/wp\/v2\/media\/325708"}],"wp:attachment":[{"href":"https:\/\/www.luxor.cz\/blog\/wp-json\/wp\/v2\/media?parent=325707"}],"wp:term":[{"taxonomy":"category","embeddable":true,"href":"https:\/\/www.luxor.cz\/blog\/wp-json\/wp\/v2\/categories?post=325707"},{"taxonomy":"post_tag","embeddable":true,"href":"https:\/\/www.luxor.cz\/blog\/wp-json\/wp\/v2\/tags?post=325707"}],"curies":[{"name":"wp","href":"https:\/\/api.w.org\/{rel}","templated":true}]}}