{"id":325705,"date":"2021-04-12T10:50:48","date_gmt":"2021-04-12T08:50:48","guid":{"rendered":"https:\/\/www.luxor.cz\/blog\/nezarazene\/63210-nahlednete-pod-poklicku-policejniho-vysetrovani\/"},"modified":"2021-04-12T10:50:48","modified_gmt":"2021-04-12T08:50:48","slug":"63210-nahlednete-pod-poklicku-policejniho-vysetrovani","status":"publish","type":"post","link":"https:\/\/www.luxor.cz\/blog\/recenze\/63210-nahlednete-pod-poklicku-policejniho-vysetrovani\/","title":{"rendered":"Nahl\u00e9dn\u011bte pod pokli\u010dku policejn\u00edho vy\u0161et\u0159ov\u00e1n\u00ed"},"content":{"rendered":"<p>David Urban pracuje v\u00edce ne\u017e polovinu \u017eivota u krimin\u00e1lky a z\u00edskal velk\u00fd po\u010det ocen\u011bn\u00ed v\u00a0r\u016fzn\u00fdch liter\u00e1rn\u00edch sout\u011b\u017e\u00edch. Mohli jste u\u017e nap\u0159. zaregistrovat jeho p\u0159edchoz\u00ed knihu T\u0159i opice. Tentokr\u00e1t p\u0159ich\u00e1z\u00ed s\u00a0V\u00fdjezdovkou, kter\u00e1 ned\u00e1vno vy\u0161la v\u00a0nakladatelstv\u00ed Kalibr.<\/p>\n<p>Zat\u00edmco prvn\u00ed pov\u00eddkou se sb\u00edrka jen rozj\u00ed\u017ed\u011bla, ty dal\u0161\u00ed nab\u00edraly na nap\u00ednavosti, drsnosti a dovol\u00edm si \u0159\u00edct, \u017ee chv\u00edlemi i nechutnosti. Jak u\u017e jsem na za\u010d\u00e1tku zmi\u0148oval, autor u krimin\u00e1lky pracuje, a tak to rozhodn\u011b nejsou \u017e\u00e1dn\u00e9 nere\u00e1ln\u00e9 a nesmysln\u00e9 p\u0159\u00edb\u011bhy, kter\u00e9 m\u016f\u017eete potkat pr\u00e1v\u011b v krimi filmech a seri\u00e1lech. Pov\u00eddky jsou tedy velmi autentick\u00e9, ud\u00e1losti v nich popsan\u00e9 a\u017e do detail\u016f a bez p\u0159\u00edkras. To bylo dle m\u00e9ho na knize nejlep\u0161\u00ed, \u017ee n\u00e1m \u010dten\u00e1\u0159\u016fm p\u0159\u00edb\u011bh dovolil nahl\u00e9dnout pod pokli\u010dku policejn\u00ed pr\u00e1ce. A mus\u00edm \u0159\u00edct, \u017ee spoustu informac\u00ed pro m\u011b bylo nov\u00fdch.<\/p>\n<p>Vypr\u00e1v\u011bn\u00ed je nav\u00edc zasazeno do pra\u017esk\u00e9ho prost\u0159ed\u00ed, tud\u00ed\u017e si m\u016f\u017eete skv\u011ble vybavit r\u016fzn\u00e9 \u010d\u00e1sti m\u011bsta, ve kter\u00fdch se pov\u00eddky zrovna odehr\u00e1vaj\u00ed, co\u017e mi p\u0159ijde v\u017edycky super.<\/p>\n<p>V\u00fdjezdovka je ur\u010dit\u011b skv\u011bl\u00fdm tipem pro v\u0161echny \u010dten\u00e1\u0159e detektivn\u00edch titul\u016f, pokud maj\u00ed n\u00e1ladu na n\u011bco, co je napsan\u00e9 tak trochu jinak.<\/p>\n<p>David Urban nav\u00edc p\u00ed\u0161e dal\u0161\u00ed knihu s\u00a0n\u00e1zvem Rozsudek smrti, kter\u00e1 by m\u011bla vyj\u00edt je\u0161t\u011b tento rok!<\/p>\n<p>\u00a0<\/p>\n<p>Patrik K\u0159\u00ed\u017e (@bookbypatrik)<\/p>\n<p>Autor:\u00a0Patrik K\u0159\u00ed\u017e<\/p>\n","protected":false},"excerpt":{"rendered":"<p>Nov\u00e1 sb\u00edrka \u010desk\u00e9ho autora Davida Urbana p\u0159in\u00e1\u0161\u00ed detektivn\u00ed pov\u00eddky z\u00a0policejn\u00edho prost\u0159ed\u00ed, kter\u00e9 jste je\u0161t\u011b nikdy ne\u010detli. Jak toti\u017e p\u00ed\u0161e Martin Goffa na zadn\u00ed stran\u011b knihy \u2013 tohle v\u00a0krimi seri\u00e1lech neuvid\u00edte.<\/p>\n","protected":false},"author":2,"featured_media":325706,"comment_status":"open","ping_status":"open","sticky":false,"template":"","format":"standard","meta":{"_acf_changed":false,"_monsterinsights_skip_tracking":false,"_monsterinsights_sitenote_active":false,"_monsterinsights_sitenote_note":"","_monsterinsights_sitenote_category":0,"_EventAllDay":false,"_EventTimezone":"","_EventStartDate":"","_EventEndDate":"","_EventStartDateUTC":"","_EventEndDateUTC":"","_EventShowMap":false,"_EventShowMapLink":false,"_EventURL":"","_EventCost":"","_EventCostDescription":"","_EventCurrencySymbol":"","_EventCurrencyCode":"","_EventCurrencyPosition":"","_EventDateTimeSeparator":"","_EventTimeRangeSeparator":"","_EventOrganizerID":[],"_EventVenueID":[],"_OrganizerEmail":"","_OrganizerPhone":"","_OrganizerWebsite":"","_VenueAddress":"","_VenueCity":"","_VenueCountry":"","_VenueProvince":"","_VenueState":"","_VenueZip":"","_VenuePhone":"","_VenueURL":"","_VenueStateProvince":"","_VenueLat":"","_VenueLng":"","_VenueShowMap":false,"_VenueShowMapLink":false,"twitterCardType":"","cardImageID":0,"cardImage":"","cardTitle":"","cardDesc":"","cardImageAlt":"","cardPlayer":"","cardPlayerWidth":0,"cardPlayerHeight":0,"cardPlayerStream":"","cardPlayerCodec":"","footnotes":""},"categories":[7],"tags":[21832],"class_list":["post-325705","post","type-post","status-publish","format-standard","has-post-thumbnail","hentry","category-recenze","tag-literarni-kavarna"],"acf":{"related_products":null},"_links":{"self":[{"href":"https:\/\/www.luxor.cz\/blog\/wp-json\/wp\/v2\/posts\/325705","targetHints":{"allow":["GET"]}}],"collection":[{"href":"https:\/\/www.luxor.cz\/blog\/wp-json\/wp\/v2\/posts"}],"about":[{"href":"https:\/\/www.luxor.cz\/blog\/wp-json\/wp\/v2\/types\/post"}],"author":[{"embeddable":true,"href":"https:\/\/www.luxor.cz\/blog\/wp-json\/wp\/v2\/users\/2"}],"replies":[{"embeddable":true,"href":"https:\/\/www.luxor.cz\/blog\/wp-json\/wp\/v2\/comments?post=325705"}],"version-history":[{"count":0,"href":"https:\/\/www.luxor.cz\/blog\/wp-json\/wp\/v2\/posts\/325705\/revisions"}],"wp:featuredmedia":[{"embeddable":true,"href":"https:\/\/www.luxor.cz\/blog\/wp-json\/wp\/v2\/media\/325706"}],"wp:attachment":[{"href":"https:\/\/www.luxor.cz\/blog\/wp-json\/wp\/v2\/media?parent=325705"}],"wp:term":[{"taxonomy":"category","embeddable":true,"href":"https:\/\/www.luxor.cz\/blog\/wp-json\/wp\/v2\/categories?post=325705"},{"taxonomy":"post_tag","embeddable":true,"href":"https:\/\/www.luxor.cz\/blog\/wp-json\/wp\/v2\/tags?post=325705"}],"curies":[{"name":"wp","href":"https:\/\/api.w.org\/{rel}","templated":true}]}}