{"id":325703,"date":"2021-04-14T10:56:55","date_gmt":"2021-04-14T08:56:55","guid":{"rendered":"https:\/\/www.luxor.cz\/blog\/nezarazene\/63211-ja-jsem-ty-a-ty-jsi-ja\/"},"modified":"2021-04-14T10:56:55","modified_gmt":"2021-04-14T08:56:55","slug":"63211-ja-jsem-ty-a-ty-jsi-ja","status":"publish","type":"post","link":"https:\/\/www.luxor.cz\/blog\/recenze\/63211-ja-jsem-ty-a-ty-jsi-ja\/","title":{"rendered":"J\u00e1 jsem ty a ty jsi j\u00e1"},"content":{"rendered":"<p>Julie Clarkov\u00e1 je americk\u00e1 spisovatelka, kter\u00e1 u n\u00e1s debutuje s\u00a0thrillerem Posledn\u00ed let, jen\u017e se v\u00a0zahrani\u010d\u00ed py\u0161n\u00ed neskute\u010dnou chv\u00e1lou. N\u00e1m\u011bt knihy je nepochybn\u011b zaj\u00edmav\u00fd.<\/p>\n<p>Claire m\u00e1 v\u00a0\u017eivot\u011b v\u0161e, co ka\u017ed\u00e1 \u017eena chce. Je kr\u00e1sn\u00e1, inteligentn\u00ed a provdan\u00e1 za m\u016f\u017ee, kter\u00e9ho j\u00ed z\u00e1vid\u00ed p\u016flka New Yorku. Jej\u00ed man\u017eel je toti\u017e synem v\u00fdznamn\u00e9 politi\u010dky a poch\u00e1z\u00ed z\u00a0jedn\u00e9 z\u00a0nejpresti\u017en\u011bj\u0161\u00ed rodin. M\u00e1 pen\u00edze, postaven\u00ed, \u0161arm i intelekt. Zd\u00e1 se, \u017ee je pro Claire poh\u00e1dkov\u00fdm princem. Bohu\u017eel jej\u00ed poh\u00e1dka se ale zm\u011bn\u00ed v\u00a0no\u010dn\u00ed m\u016fru, proto\u017ee s\u00a0postupem \u010dasu se jej\u00ed mu\u017e za\u010dne m\u011bnit v\u00a0surov\u00e9ho a agresivn\u00edho manipul\u00e1tora, kter\u00fd Claire poni\u017euje a bije. Bohu\u017eel v\u00a0situaci, ve kter\u00e9 se nach\u00e1z\u00ed, nen\u00ed rozvod mo\u017en\u00fd, proto\u017ee k\u00a0jejich postaven\u00ed se to nehod\u00ed. A nav\u00edc, co by na to \u0159ekla m\u00e9dia? Proto se na\u0161e hlavn\u00ed hrdinka rozhodne, \u017ee mus\u00ed uprchnout. Potaj\u00ed a tak, aby ji jej\u00ed mu\u017e a nikdo zn\u00e1m\u00fd u\u017e nikdy nevyp\u00e1tral.<\/p>\n<p>Claire m\u00e1 dokonal\u00fd a propracovan\u00fd pl\u00e1n, ale bohu\u017eel se n\u011bco zvrtne a ona se ocitne na leti\u0161ti v\u00a0situaci, ve kter\u00e9 opravdu nepl\u00e1novala b\u00fdt. A v\u00a0t\u00e9 chv\u00edli potk\u00e1v\u00e1 Evu.<\/p>\n<p>Eva vedla \u00fapln\u011b jin\u00fd \u017eivot ne\u017e Claire. Ano, i ona m\u011bla sny, ale ty se j\u00ed z\u00e1hy rozpadly ve chv\u00edli, kdy se zapletla do obchodu s\u00a0drogami. V\u00a0prvn\u00ed chv\u00edli to pro ni byla skv\u011bl\u00e1 mo\u017enost, jak vy\u0159e\u0161it sv\u00e9 finan\u010dn\u00ed probl\u00e9my a z\u016fstat na univerzit\u011b, kde byla ve sv\u00e9m oboru jednou z\u00a0nejlep\u0161\u00edch. Jej\u00ed p\u0159iv\u00fdd\u011blek se ale zvrtl a Ev\u011b nezb\u00fdvalo nic jin\u00e9ho ne\u017e uprchnout, pokud teda necht\u011bla skon\u010dit mrtv\u00e1. A pr\u00e1v\u011b proto na leti\u0161ti oslov\u00ed Claire.<\/p>\n<p>Ob\u011b \u017eeny byly v\u00a0komplikovan\u00e9 situaci a pot\u00e9, co si chv\u00edli pov\u00eddaly, domluvily se, \u017ee si vym\u011bn\u00ed sv\u00e9 letenky a d\u00edky tomu dok\u00e1\u017eou uniknout sv\u00e9 minulosti a za\u010d\u00edt nov\u00fd \u017eivot. Eva tedy nasedne do Clai\u0159ina letadla do Portorika a Claire zase do Evina letadla do Oaklandu. Bohu\u017eel letadlo do Portorika se ale z\u0159\u00edt\u00ed a cel\u00fd sv\u011bt si tak mysl\u00ed, \u017ee Claire je mrtv\u00e1. Ta se ov\u0161em ocit\u00e1 v\u00a0nezn\u00e1m\u00e9m m\u011bst\u011b, bez pen\u011bz a bez jak\u00e9koli pomoci. Rozhodne se tedy, \u017ee p\u0159ijme novou identitu a stane se Evou. V\u00a0t\u00e9 chv\u00edli ale netu\u0161\u00ed, \u017ee to pro ni nemus\u00ed b\u00fdt zrovna bezpe\u010dn\u00e1 volba, proto\u017ee Eva m\u011bla ve sk\u0159\u00edni opravdu hodn\u011b kostlivc\u016f, o kter\u00fdch Claire nem\u00e1 nejmen\u0161\u00ed tu\u0161en\u00ed.<\/p>\n<p>Mus\u00edm \u0159\u00edct, \u017ee autorka si opravdu dala z\u00e1le\u017eet, abyste se dok\u00e1zali vc\u00edtit do t\u00ed\u017eiv\u00fdch \u017eivotn\u00edch situac\u00ed obou hrdinek a cht\u011bli je pochopit. B\u011bhem cel\u00e9ho p\u0159\u00edb\u011bhu se n\u00e1m rozkr\u00fdv\u00e1 Evin osud a to, pro\u010d se dostala do takov\u00e9 situace, v jak\u00e9 byla, co\u017e m\u011b neskute\u010dn\u011b bavilo a nutilo m\u011b to p\u0159em\u00fd\u0161let nad t\u00edm, jak bych v\u00a0takov\u00fdch situac\u00edch reagovala j\u00e1.<\/p>\n<p>Julia Clarkov\u00e1 n\u00e1m p\u0159edstavila thriller se\u00a0zaj\u00edmav\u00fdm a origin\u00e1ln\u00edm n\u00e1m\u011btem, kter\u00fd byl i dob\u0159e zpracovan\u00fd. Cel\u00fd p\u0159\u00edb\u011bh je nap\u00ednav\u00fd a ve chv\u00edli kdy si mysl\u00edte, \u017ee u\u017e v\u0161e v\u00edte a v\u0161e v\u00e1m jasn\u00e9, n\u011bco se stane a vy jste op\u011bt na pochyb\u00e1ch.<\/p>\n<p>Posledn\u00ed let tedy ur\u010dit\u011b nesm\u00edte minout, pokud jste fanou\u0161ky psychologick\u00fdch thriller\u016f a hled\u00e1te n\u011bco, co tady je\u0161t\u011b nebylo.<\/p>\n<p>Kristina Heklov\u00e1 (@kristi_cte)<\/p>\n<p>Autor:\u00a0Kristina Heklov\u00e1<\/p>\n","protected":false},"excerpt":{"rendered":"<p>Osud. N\u011bkdy je k\u00a0n\u00e1m milostiv\u00fd a m\u00e1me v\u0161e, po \u010dem tou\u017e\u00edme. N\u011bkdy se ale v\u00a0jednom okam\u017eiku v\u0161e zhrout\u00ed a my nem\u00e1me zd\u00e1n\u00ed, kde a pro\u010d jsme se to ocitli. V\u017edy se ale m\u016f\u017eeme sna\u017eit bojovat.<\/p>\n","protected":false},"author":2,"featured_media":325704,"comment_status":"open","ping_status":"open","sticky":false,"template":"","format":"standard","meta":{"_acf_changed":false,"_monsterinsights_skip_tracking":false,"_monsterinsights_sitenote_active":false,"_monsterinsights_sitenote_note":"","_monsterinsights_sitenote_category":0,"_EventAllDay":false,"_EventTimezone":"","_EventStartDate":"","_EventEndDate":"","_EventStartDateUTC":"","_EventEndDateUTC":"","_EventShowMap":false,"_EventShowMapLink":false,"_EventURL":"","_EventCost":"","_EventCostDescription":"","_EventCurrencySymbol":"","_EventCurrencyCode":"","_EventCurrencyPosition":"","_EventDateTimeSeparator":"","_EventTimeRangeSeparator":"","_EventOrganizerID":[],"_EventVenueID":[],"_OrganizerEmail":"","_OrganizerPhone":"","_OrganizerWebsite":"","_VenueAddress":"","_VenueCity":"","_VenueCountry":"","_VenueProvince":"","_VenueState":"","_VenueZip":"","_VenuePhone":"","_VenueURL":"","_VenueStateProvince":"","_VenueLat":"","_VenueLng":"","_VenueShowMap":false,"_VenueShowMapLink":false,"twitterCardType":"","cardImageID":0,"cardImage":"","cardTitle":"","cardDesc":"","cardImageAlt":"","cardPlayer":"","cardPlayerWidth":0,"cardPlayerHeight":0,"cardPlayerStream":"","cardPlayerCodec":"","footnotes":""},"categories":[7],"tags":[21832],"class_list":["post-325703","post","type-post","status-publish","format-standard","has-post-thumbnail","hentry","category-recenze","tag-literarni-kavarna"],"acf":{"related_products":null},"_links":{"self":[{"href":"https:\/\/www.luxor.cz\/blog\/wp-json\/wp\/v2\/posts\/325703","targetHints":{"allow":["GET"]}}],"collection":[{"href":"https:\/\/www.luxor.cz\/blog\/wp-json\/wp\/v2\/posts"}],"about":[{"href":"https:\/\/www.luxor.cz\/blog\/wp-json\/wp\/v2\/types\/post"}],"author":[{"embeddable":true,"href":"https:\/\/www.luxor.cz\/blog\/wp-json\/wp\/v2\/users\/2"}],"replies":[{"embeddable":true,"href":"https:\/\/www.luxor.cz\/blog\/wp-json\/wp\/v2\/comments?post=325703"}],"version-history":[{"count":0,"href":"https:\/\/www.luxor.cz\/blog\/wp-json\/wp\/v2\/posts\/325703\/revisions"}],"wp:featuredmedia":[{"embeddable":true,"href":"https:\/\/www.luxor.cz\/blog\/wp-json\/wp\/v2\/media\/325704"}],"wp:attachment":[{"href":"https:\/\/www.luxor.cz\/blog\/wp-json\/wp\/v2\/media?parent=325703"}],"wp:term":[{"taxonomy":"category","embeddable":true,"href":"https:\/\/www.luxor.cz\/blog\/wp-json\/wp\/v2\/categories?post=325703"},{"taxonomy":"post_tag","embeddable":true,"href":"https:\/\/www.luxor.cz\/blog\/wp-json\/wp\/v2\/tags?post=325703"}],"curies":[{"name":"wp","href":"https:\/\/api.w.org\/{rel}","templated":true}]}}