{"id":325699,"date":"2021-04-20T13:22:07","date_gmt":"2021-04-20T11:22:07","guid":{"rendered":"https:\/\/www.luxor.cz\/blog\/nezarazene\/63213-schlinkovy-barvy-louceni-maji-teple-odstiny-ale-zraci-se-v-nich-i-smutek\/"},"modified":"2021-04-20T13:22:07","modified_gmt":"2021-04-20T11:22:07","slug":"63213-schlinkovy-barvy-louceni-maji-teple-odstiny-ale-zraci-se-v-nich-i-smutek","status":"publish","type":"post","link":"https:\/\/www.luxor.cz\/blog\/recenze\/63213-schlinkovy-barvy-louceni-maji-teple-odstiny-ale-zraci-se-v-nich-i-smutek\/","title":{"rendered":"Schlinkovy Barvy lou\u010den\u00ed maj\u00ed tepl\u00e9 odst\u00edny, ale zra\u010d\u00ed se v nich i smutek"},"content":{"rendered":"<div class=\"f_c0\">\n<p class=\"d_c1\">Za tajupln\u00fdmi n\u00e1zvy pov\u00eddek jako Um\u011bl\u00e1 inteligence, Sta\u0159eck\u00e9 skvrny nebo Piknik s Annou rozehr\u00e1v\u00e1 p\u0159\u00edb\u011bh ctitele dcery imigrant\u016f ze sousedstv\u00ed zapleten\u00e9ho do vy\u0161et\u0159ov\u00e1n\u00ed jej\u00ed vra\u017edy, kdysi usedl\u00e9 matky pro\u017e\u00edvaj\u00edc\u00ed n\u00e1hl\u00e9 milostn\u00e9 vzplanut\u00ed nebo nev\u011brn\u00e9ho politika, kter\u00fd se na smrteln\u00e9 posteli kaje ze sv\u00fdch d\u00e1vn\u00fdch proh\u0159e\u0161k\u016f.<\/p>\n<\/div>\n<div class=\"f_c0\">\n<p class=\"d_c1\">Schlinkovy postavy se lou\u010d\u00ed nejen s bl\u00edzk\u00fdmi osobami, ale d\u00e1vaj\u00ed sbohem i siln\u00fdm a nevhodn\u00fdm pocit\u016fm, nenapln\u011bn\u00fdm tu\u017eb\u00e1m \u010di zn\u00e1mostem postr\u00e1daj\u00edc\u00edm perspektivu. Opu\u0161t\u011bn\u00ed v jeho pod\u00e1n\u00ed nab\u00fdvaj\u00ed intern\u00ed i explicitn\u00ed podoby. V\u011bhlasn\u00fd n\u011bmeck\u00fd prozaik znovu demonstruje sv\u016fj neb\u00fdvale vyt\u0159\u00edben\u00fd jazyk, j\u00edm\u017e \u010dten\u00e1\u0159i nikdy nep\u0159edkl\u00e1d\u00e1 v\u00edce, ne\u017e pova\u017euje za nutn\u00e9. Jeho konzervativn\u00ed styl v tom nejlep\u0161\u00edm smyslu slova nab\u00edz\u00ed v\u0161echny podstatn\u00e9 z\u00e1le\u017eitosti a zpola skryt\u00e9 detaily k dosa\u017een\u00ed precizn\u00edho vyzn\u011bn\u00ed.<\/p>\n<\/div>\n<div class=\"f_c0\">\n<p class=\"d_c1\">D\u016fle\u017eit\u00fdm motivem se op\u011bt st\u00e1v\u00e1 spletitost mezilidsk\u00fdch vztah\u016f, mezi nimi\u017e stoj\u00ed v pop\u0159ed\u00ed nerovn\u00e9 svazky v\u011bkov\u011b rozd\u00edln\u00fdch partner\u016f a neodd\u011blitelnost ne v\u017edy \u0161\u0165astn\u00e9 minulosti od obdobn\u011b po\u0161mourn\u00e9ho p\u0159\u00edtomn\u00e9ho stavu.<\/p>\n<\/div>\n<div class=\"f_c0\">\n<p class=\"d_c1\">Barvy lou\u010den\u00ed mohou b\u00fdt temn\u00e9, pastelov\u00e9, ale tak\u00e9 nev\u00fdrazn\u00e9. Paleta spisovatelova pera disponuje v\u0161emi z nich.<\/p>\n<p class=\"d_c1\"><strong>Hodnocen\u00ed 85 %<\/strong><\/p>\n<div class=\"g_gr ogm-article-author-social\">\n<div class=\"g_gs\">\n<div class=\"ogm-article-author__texts g_gy\">\n<div class=\"g_gz\"><a class=\"d_aZ\">Krist\u00fdna \u010ctvrtl\u00edkov\u00e1<\/a>, Pr\u00e1vo<\/div>\n<\/div>\n<\/div>\n<div class=\"f_aj\" data-dot=\"mol-social-share-buttons\">\u00a0<\/div>\n<\/div>\n<div class=\"g_gE\">\u00a0<\/div>\n<\/div>\n<p>Autor:\u00a0Vyb\u00edr\u00e1me z m\u00e9di\u00ed: Novinky.cz<\/p>\n","protected":false},"excerpt":{"rendered":"<p>Autor bestselleru P\u0159ed\u010d\u00edta\u010d se vrac\u00ed k pov\u00eddkov\u00e9mu \u017e\u00e1nru a v dev\u00edti textech ohmat\u00e1v\u00e1 lou\u010den\u00ed v rozli\u010dn\u00fdch v\u00fdznamech. Kr\u00e1tk\u00e9 \u00fatvary b\u00fdvaj\u00ed u liter\u00e1t\u016f zkou\u0161kou jejich \u0159emesla, v n\u00ed\u017e n\u011bmeck\u00fd spisovatel Bernhard Schlink dost\u00e1v\u00e1 vysok\u00e9mu o\u010dek\u00e1v\u00e1n\u00ed.<\/p>\n","protected":false},"author":2,"featured_media":325700,"comment_status":"open","ping_status":"open","sticky":false,"template":"","format":"standard","meta":{"_acf_changed":false,"_monsterinsights_skip_tracking":false,"_monsterinsights_sitenote_active":false,"_monsterinsights_sitenote_note":"","_monsterinsights_sitenote_category":0,"_EventAllDay":false,"_EventTimezone":"","_EventStartDate":"","_EventEndDate":"","_EventStartDateUTC":"","_EventEndDateUTC":"","_EventShowMap":false,"_EventShowMapLink":false,"_EventURL":"","_EventCost":"","_EventCostDescription":"","_EventCurrencySymbol":"","_EventCurrencyCode":"","_EventCurrencyPosition":"","_EventDateTimeSeparator":"","_EventTimeRangeSeparator":"","_EventOrganizerID":[],"_EventVenueID":[],"_OrganizerEmail":"","_OrganizerPhone":"","_OrganizerWebsite":"","_VenueAddress":"","_VenueCity":"","_VenueCountry":"","_VenueProvince":"","_VenueState":"","_VenueZip":"","_VenuePhone":"","_VenueURL":"","_VenueStateProvince":"","_VenueLat":"","_VenueLng":"","_VenueShowMap":false,"_VenueShowMapLink":false,"twitterCardType":"","cardImageID":0,"cardImage":"","cardTitle":"","cardDesc":"","cardImageAlt":"","cardPlayer":"","cardPlayerWidth":0,"cardPlayerHeight":0,"cardPlayerStream":"","cardPlayerCodec":"","footnotes":""},"categories":[7],"tags":[21832],"class_list":["post-325699","post","type-post","status-publish","format-standard","has-post-thumbnail","hentry","category-recenze","tag-literarni-kavarna"],"acf":{"related_products":null},"_links":{"self":[{"href":"https:\/\/www.luxor.cz\/blog\/wp-json\/wp\/v2\/posts\/325699","targetHints":{"allow":["GET"]}}],"collection":[{"href":"https:\/\/www.luxor.cz\/blog\/wp-json\/wp\/v2\/posts"}],"about":[{"href":"https:\/\/www.luxor.cz\/blog\/wp-json\/wp\/v2\/types\/post"}],"author":[{"embeddable":true,"href":"https:\/\/www.luxor.cz\/blog\/wp-json\/wp\/v2\/users\/2"}],"replies":[{"embeddable":true,"href":"https:\/\/www.luxor.cz\/blog\/wp-json\/wp\/v2\/comments?post=325699"}],"version-history":[{"count":0,"href":"https:\/\/www.luxor.cz\/blog\/wp-json\/wp\/v2\/posts\/325699\/revisions"}],"wp:featuredmedia":[{"embeddable":true,"href":"https:\/\/www.luxor.cz\/blog\/wp-json\/wp\/v2\/media\/325700"}],"wp:attachment":[{"href":"https:\/\/www.luxor.cz\/blog\/wp-json\/wp\/v2\/media?parent=325699"}],"wp:term":[{"taxonomy":"category","embeddable":true,"href":"https:\/\/www.luxor.cz\/blog\/wp-json\/wp\/v2\/categories?post=325699"},{"taxonomy":"post_tag","embeddable":true,"href":"https:\/\/www.luxor.cz\/blog\/wp-json\/wp\/v2\/tags?post=325699"}],"curies":[{"name":"wp","href":"https:\/\/api.w.org\/{rel}","templated":true}]}}