{"id":325697,"date":"2021-04-22T12:49:57","date_gmt":"2021-04-22T10:49:57","guid":{"rendered":"https:\/\/www.luxor.cz\/blog\/nezarazene\/63215-jeden-sen-muze-vse-zmenit\/"},"modified":"2021-04-22T12:49:57","modified_gmt":"2021-04-22T10:49:57","slug":"63215-jeden-sen-muze-vse-zmenit","status":"publish","type":"post","link":"https:\/\/www.luxor.cz\/blog\/recenze\/63215-jeden-sen-muze-vse-zmenit\/","title":{"rendered":"Jeden sen m\u016f\u017ee v\u0161e zm\u011bnit"},"content":{"rendered":"<p>Rebecca Serleov\u00e1 je mlad\u00e1 americk\u00e1 autorka, kter\u00e1 m\u00e1 na sv\u00e9m kont\u011b ji\u017e 6 rom\u00e1n\u016f. Mezi jej\u00ed nejzn\u00e1m\u011bj\u0161\u00ed knihy pat\u0159\u00ed nap\u0159\u00edklad young adult s\u00e9rie Famous In Love. <strong>Za p\u011bt let<\/strong> je jej\u00ed \u010derstv\u00e1 novinka, kter\u00e1 doj\u00edm\u00e1 \u010dten\u00e1\u0159e po cel\u00e9m sv\u011bt\u011b a kter\u00e1 nyn\u00ed vy\u0161la i v\u00a0\u010desk\u00e9m p\u0159ekladu.<\/p>\n<p>Dannie je mlad\u00e1 a \u00fasp\u011b\u0161n\u00e1 pr\u00e1vni\u010dka, kter\u00e1 pr\u00e1v\u011b absolvovala pohovor na vysn\u011bnou pr\u00e1ci a vypad\u00e1 to, \u017ee v\u00a0n\u00ed bude kone\u010dn\u011b spokojen\u00e1. Jej\u00ed osobn\u00ed \u017eivot se vyv\u00edj\u00ed takt\u00e9\u017e velmi slibn\u011b, jeliko\u017e ji jej\u00ed dlouholet\u00fd p\u0159\u00edtel David pr\u00e1v\u011b po\u017e\u00e1dal o ruku. Dannie je kone\u010dn\u011b \u0161\u0165astn\u00e1\u2026 Kdy\u017e si ale jde ve\u010der po z\u00e1snub\u00e1ch lehnout, tak se j\u00ed zd\u00e1 podivn\u00fd sen, kter\u00fd se odehr\u00e1v\u00e1 za p\u011bt let, v\u00a0jin\u00e9m byt\u011b, s\u00a0jin\u00fdm mu\u017eem po jej\u00edm boku a s\u00a0jin\u00fdm prstenem na ruce. By\u0165 to byl pouze sen, tak na n\u011bj Dannie nedok\u00e1\u017ee p\u0159estat myslet. V\u0161e nav\u00edc zkomplikuje setk\u00e1n\u00ed s\u00a0jej\u00ed nejlep\u0161\u00ed kamar\u00e1dkou Bellou, kter\u00e1 si p\u0159ivede nov\u00e9ho partnera. T\u00edm partnerem je toti\u017e Aaron Gregory \u2013 mu\u017e z\u00a0Dannniina snu. M\u016f\u017ee se sen st\u00e1t skute\u010dnost\u00ed? Pro\u010d se j\u00ed o mu\u017ei, kter\u00e9ho poprv\u00e9 vid\u011bla a\u017e druh\u00fd den, zd\u00e1l sen? A je s\u00a0Bellou v\u0161e v\u00a0po\u0159\u00e1dku?<\/p>\n<p><strong>Za p\u011bt let<\/strong> nen\u00ed oby\u010dejn\u00fd rom\u00e1n, kde se do sebe dva lid\u00e9 zamiluj\u00ed a \u017eij\u00ed \u0161\u0165astn\u011b a\u017e do smrti. Je to p\u0159\u00edb\u011bh l\u00e1sky, p\u0159\u00e1telstv\u00ed, bolesti i nad\u011bje. Autorka pracuje s\u00a0velmi zaj\u00edmav\u00fdm t\u00e9matem, kter\u00e9 p\u0159i \u010dten\u00ed nut\u00ed \u010dten\u00e1\u0159e \u010d\u00edst d\u00e1l a d\u00e1l, jeliko\u017e chce zjistit, jestli se sen za p\u011bt let vypln\u00ed.<\/p>\n<p>Kniha \u010d\u00edt\u00e1 jen n\u011bco m\u00e1lo p\u0159es 200 stran, ale i p\u0159esto se autorce poda\u0159ilo skv\u011ble vykreslit postavy, jejich povahy a n\u00e1zory. D\u00edky ne\u010dekan\u00fdm z\u00e1pletk\u00e1m je p\u0159\u00edb\u011bh nabit\u00fd emocemi, kter\u00e9 ve \u010dten\u00e1\u0159i z\u016fstanou je\u0161t\u011b dlouho po do\u010dten\u00ed. Nejedn\u00e1 se jen o knihu s\u00a0n\u00e1dhernou ob\u00e1lkou, ale p\u0159edev\u0161\u00edm se jedn\u00e1 o knihu s\u00a0nezapomenuteln\u00fdm p\u0159\u00edb\u011bhem dvou kamar\u00e1dek.<\/p>\n<p>Pokud r\u00e1di vyhled\u00e1v\u00e1te rom\u00e1ny, kter\u00e9 maj\u00ed neot\u0159el\u00e9 t\u00e9ma a nesoust\u0159ed\u00ed se jen na romantick\u00fd vztah jako takov\u00fd, tak v\u00e1s novinka <strong>Za p\u011bt let<\/strong> nesm\u00ed minout.<\/p>\n<p>\u00a0<\/p>\n<p>Karol\u00edna Sk\u00e1celov\u00e1<\/p>\n<p>\u00a0<\/p>\n<p>Autor:\u00a0Karol\u00edna Sk\u00e1celov\u00e1<\/p>\n","protected":false},"excerpt":{"rendered":"<p>Sen. K\u00a0\u010demu slou\u017e\u00ed? Ukazuje n\u00e1m budoucnost? Na\u0161e tajn\u00e1 p\u0159\u00e1n\u00ed? Touhy? Mohou se tato p\u0159\u00e1n\u00ed splnit? M\u016f\u017ee je \u010dlov\u011bk ovlivnit?<\/p>\n","protected":false},"author":2,"featured_media":325698,"comment_status":"open","ping_status":"open","sticky":false,"template":"","format":"standard","meta":{"_acf_changed":false,"_monsterinsights_skip_tracking":false,"_monsterinsights_sitenote_active":false,"_monsterinsights_sitenote_note":"","_monsterinsights_sitenote_category":0,"_EventAllDay":false,"_EventTimezone":"","_EventStartDate":"","_EventEndDate":"","_EventStartDateUTC":"","_EventEndDateUTC":"","_EventShowMap":false,"_EventShowMapLink":false,"_EventURL":"","_EventCost":"","_EventCostDescription":"","_EventCurrencySymbol":"","_EventCurrencyCode":"","_EventCurrencyPosition":"","_EventDateTimeSeparator":"","_EventTimeRangeSeparator":"","_EventOrganizerID":[],"_EventVenueID":[],"_OrganizerEmail":"","_OrganizerPhone":"","_OrganizerWebsite":"","_VenueAddress":"","_VenueCity":"","_VenueCountry":"","_VenueProvince":"","_VenueState":"","_VenueZip":"","_VenuePhone":"","_VenueURL":"","_VenueStateProvince":"","_VenueLat":"","_VenueLng":"","_VenueShowMap":false,"_VenueShowMapLink":false,"twitterCardType":"","cardImageID":0,"cardImage":"","cardTitle":"","cardDesc":"","cardImageAlt":"","cardPlayer":"","cardPlayerWidth":0,"cardPlayerHeight":0,"cardPlayerStream":"","cardPlayerCodec":"","footnotes":""},"categories":[7],"tags":[21832],"class_list":["post-325697","post","type-post","status-publish","format-standard","has-post-thumbnail","hentry","category-recenze","tag-literarni-kavarna"],"acf":{"related_products":null},"_links":{"self":[{"href":"https:\/\/www.luxor.cz\/blog\/wp-json\/wp\/v2\/posts\/325697","targetHints":{"allow":["GET"]}}],"collection":[{"href":"https:\/\/www.luxor.cz\/blog\/wp-json\/wp\/v2\/posts"}],"about":[{"href":"https:\/\/www.luxor.cz\/blog\/wp-json\/wp\/v2\/types\/post"}],"author":[{"embeddable":true,"href":"https:\/\/www.luxor.cz\/blog\/wp-json\/wp\/v2\/users\/2"}],"replies":[{"embeddable":true,"href":"https:\/\/www.luxor.cz\/blog\/wp-json\/wp\/v2\/comments?post=325697"}],"version-history":[{"count":0,"href":"https:\/\/www.luxor.cz\/blog\/wp-json\/wp\/v2\/posts\/325697\/revisions"}],"wp:featuredmedia":[{"embeddable":true,"href":"https:\/\/www.luxor.cz\/blog\/wp-json\/wp\/v2\/media\/325698"}],"wp:attachment":[{"href":"https:\/\/www.luxor.cz\/blog\/wp-json\/wp\/v2\/media?parent=325697"}],"wp:term":[{"taxonomy":"category","embeddable":true,"href":"https:\/\/www.luxor.cz\/blog\/wp-json\/wp\/v2\/categories?post=325697"},{"taxonomy":"post_tag","embeddable":true,"href":"https:\/\/www.luxor.cz\/blog\/wp-json\/wp\/v2\/tags?post=325697"}],"curies":[{"name":"wp","href":"https:\/\/api.w.org\/{rel}","templated":true}]}}