{"id":325687,"date":"2021-04-30T13:53:12","date_gmt":"2021-04-30T11:53:12","guid":{"rendered":"https:\/\/www.luxor.cz\/blog\/nezarazene\/63223-pamatuj-zivot-je-k-ziti\/"},"modified":"2021-04-30T13:53:12","modified_gmt":"2021-04-30T11:53:12","slug":"63223-pamatuj-zivot-je-k-ziti","status":"publish","type":"post","link":"https:\/\/www.luxor.cz\/blog\/recenze\/63223-pamatuj-zivot-je-k-ziti\/","title":{"rendered":"Pamatuj: \u017eivot je k \u017eit\u00ed!"},"content":{"rendered":"<p>Mra\u010dna se stahuj\u00ed<\/p>\n<p>Hlavn\u00edmi postavami cel\u00e9ho p\u0159\u00edb\u011bhu jsou dv\u011b sestry, Lien a Janny Brilleslijperovy. Narodily se, spolu s\u00a0mlad\u0161\u00edm bratrem Jaapem, v\u00a0Nizozem\u00ed \u017eidovsk\u00fdm rodi\u010d\u016fm. P\u0159\u00edslu\u0161nost k\u00a0\u017eidovsk\u00fdm ko\u0159en\u016fm jim v kritick\u00fdch dob\u00e1ch do ob\u010dansk\u00fdch pr\u016fkaz\u016f vtiskla p\u00edsmeno \u201eJ\u201c a p\u0159isoudila stigma pod\u0159adn\u00e9 rasy, od kter\u00e9 je t\u0159eba sv\u011bt o\u010distit.<\/p>\n<p>Spole\u010dn\u011b s\u00a0ob\u011bma sestrami sledujeme postupn\u00fd p\u0159erod politick\u00fdch a spole\u010densk\u00fdch zm\u011bn nejen v\u00a0Nizozem\u00ed, ale i ve zbytku Evropy. M\u016f\u017eeme p\u0159\u00edmo c\u00edtit ostr\u00e9 dr\u00e1py fa\u0161istick\u00e9ho N\u011bmecka, kter\u00e9 se postupem doby zat\u00ednaly do k\u016f\u017ee lid\u00ed \u201evinn\u00fdch\u201c jen t\u00edm, \u017ee nespl\u0148ovali p\u0159edstavy o \u010dist\u00e9 \u00e1rijsk\u00e9 rase. Po\u010d\u00e1tky druh\u00e9 sv\u011btov\u00e9 v\u00e1lky se nad rodinou Lien a Janny stahovaly jako \u010dern\u00e1 mra\u010dna. Znal\u00e1 modern\u00edch d\u011bjin jsem samoz\u0159ejm\u011b p\u0159esn\u011b v\u011bd\u011bla, jak\u00fdm sm\u011brem se cel\u00fd p\u0159\u00edb\u011bh bude ub\u00edrat. I tak jsem bojovala spole\u010dn\u011b se sestrami, v\u00a0duchu jsem pom\u00e1hala \u0161\u00ed\u0159it propaga\u010dn\u00ed materi\u00e1ly Hnut\u00ed odporu, a bu\u0161ilo mi srdce poka\u017ed\u00e9, kdy\u017e na osam\u011bl\u00e9m n\u00e1m\u011bst\u00ed narazily na n\u011bmeck\u00e9 voj\u00e1ky kontroluj\u00edc\u00ed toto\u017enost.<\/p>\n<p>Ve Vysok\u00e9m hn\u00edzd\u011b<\/p>\n<p>Tahle \u010d\u00e1st knihy pro m\u011b byla jednozna\u010dn\u011b nejkr\u00e1sn\u011bj\u0161\u00ed. Janny a Lien se spolu se sv\u00fdmi rodi\u010di, man\u017eely a d\u011btmi p\u0159est\u011bhovali do vily t\u00b4Hooge Nest v\u00a0nizozemsk\u00e9 oblasti Het Gooi. Vila byla dostate\u010dn\u011b velk\u00e1 nejenom pro jejich deseti\u010dlennou rodinu, ale i pro dal\u0161\u00ed \u017didy, kte\u0159\u00ed se ocitli v\u00a0hled\u00e1\u010dku nacist\u016f. P\u0159esto\u017ee sami byli v\u00a0ohro\u017een\u00ed, neb\u00e1li se pom\u00e1hat t\u011bm, kte\u0159\u00ed to pot\u0159ebovali. Krom\u011b toho d\u00e1l sestry tajn\u011b \u0161\u00ed\u0159ily zak\u00e1zan\u00e9 dokumenty a tiskopisy. Vysok\u00e9 hn\u00edzdo jim p\u0159itom poskytovalo p\u0159\u00edjemn\u00e9 \u00fato\u010di\u0161t\u011b.<\/p>\n<p>Ten d\u016fm jsem si p\u0159edstavovala jako kousek nebe uprost\u0159ed pekla. Jako klidn\u00e9 m\u00edsto skryt\u00e9 okoln\u00edmi lesy, i kdy\u017e doslova p\u0159ed nosem samotn\u00e9ho nep\u0159\u00edtele. Rodina a dal\u0161\u00ed lid\u00e9, kte\u0159\u00ed se ve vile ukr\u00fdvali, vymysleli tajn\u00e1 znamen\u00ed, kter\u00e1 je m\u011bla p\u0159i p\u0159\u00edchodu nacistick\u00fdch voj\u00e1k\u016f alarmovat. Bratr Janny a Lien vybudoval tajn\u00e9 skr\u00fd\u0161e v\u00a0r\u016fzn\u00fdch \u010d\u00e1stech domu a dokonce sestrojil r\u00e1dio. D\u011bti Lien a Janny si hr\u00e1ly v\u00a0okoln\u00edch les\u00edch, v\u0161ichni byli spolu a u\u017e\u00edvali si ka\u017ed\u00e9 chvilky v\u00a0tomhle nucen\u00e9m, ale p\u0159esto kr\u00e1sn\u00e9m \u00fakrytu.<\/p>\n<p><em>N\u00e1dhern\u00e1 p\u0159edn\u00ed m\u00edstnost pod tr\u00e1my krovu vypadala jako prav\u00e1 restaurace. Velk\u00fd j\u00eddeln\u00ed st\u016fl byl pln\u00fd ukraden\u00e9ho porcel\u00e1nu, sklenic, sv\u00ed\u010dek, j\u00eddeln\u00edch l\u00edstk\u016f a toaletn\u00edho pap\u00edru poskl\u00e1dan\u00e9ho do tvar\u016f kv\u011btin, slou\u017e\u00edc\u00edch jako ubrousky. Po ve\u010de\u0159i Eberhard zahr\u00e1l na klav\u00edr, ostatn\u00ed p\u0159itom zp\u00edvali nebo pobrukovali, tak\u017ee alespo\u0148 jeden ve\u010der zapomn\u011bli na zmatek za cihlov\u00fdmi zdmi tohoto domu.<\/em><\/p>\n<p>Modlila jsem se, aby jejich relativn\u011b \u0161\u0165astn\u00fd \u017eivot uprost\u0159ed toho v\u0161eho ne\u0161t\u011bst\u00ed trval co nejd\u00e9le. Ale z\u00e1rove\u0148 jsem v\u011bd\u011bla, \u017ee jednou skon\u010d\u00ed\u2026<\/p>\n<p>Transport do Osv\u011btimi<\/p>\n<p>Bylo jen ot\u00e1zkou \u010dasu, kdy jeden z\u00a0jejich kontakt\u016f promluv\u00ed a prozrad\u00ed jejich adresu. I p\u0159es d\u016fmysln\u00e9 skr\u00fd\u0161e byli odhaleni \u00fapln\u011b v\u0161ichni. Mal\u00e9 d\u011bti se poda\u0159ilo na\u0161t\u011bst\u00ed v\u010das dov\u00e9st do bezpe\u010d\u00ed. Man\u017eel\u016fm Janny a Lien se poda\u0159ilo uniknout je o vl\u00e1sek. Rodina Brilleslijperov\u00fdch takov\u00e9 \u0161t\u011bst\u00ed nem\u011bla. Ob\u011b sestry, jejich rodi\u010de a bratra, \u010dekal transport vlakem do Osv\u011btimi.<\/p>\n<p>Pr\u00e1v\u011b zde se osudy obou sester prolnuly s\u00a0p\u0159\u00edb\u011bhem Anny a Margot Frankov\u00fdmi (tak\u00e9 sestrami). Jim se bohu\u017eel p\u0159e\u017e\u00edt nepoda\u0159ilo a konce v\u00e1lky se u\u017e nedo\u017eily.<\/p>\n<p>V\u00a0Osv\u011btimi se cesty rodiny rozd\u011blily: ob\u011b sestry z\u016fstaly spolu, rodi\u010de a bratr byli pravd\u011bpodobn\u011b zplynov\u00e1ni ihned po p\u0159\u00edjezdu. I p\u0159i mu\u010div\u00fdch podm\u00ednk\u00e1ch, kter\u00e9 zde sestry za\u017e\u00edvaly, neztratily v\u016fli bojovat a \u017e\u00edt. Mnohdy se mi tahle v\u016fle zd\u00e1la b\u00fdt a\u017e neskute\u010dn\u00e1! Svrab, v\u0161i roj\u00edc\u00ed se ve st\u0159apat\u00fdch vlasech, vyr\u00e1\u017eky, tyfus \u2026 brutalita dozorc\u016f a hlad postupn\u011b zab\u00edjely v\u00edc a v\u00edc lid\u00ed. Z\u00a0jejich mrtv\u00fdch t\u011bl se ka\u017ed\u00fd den vr\u0161ily vysok\u00e9 hromady\u2026<\/p>\n<p>Jako p\u0159\u00edzniv\u00fd braly sestry p\u0159evoz do Bergen-Belsenu, t\u00e1boru, kde \u00fadajn\u011b nebyly spalovny, tak\u017ee v\u00a0nich nehrozilo zplynov\u00e1n\u00ed. Ve skute\u010dnosti zde v\u0161ak panovaly hor\u0161\u00ed podm\u00ednky ne\u017eli v\u00a0samotn\u00e9 Osv\u011btimi.<\/p>\n<p>Bl\u00ed\u017eil se z\u00e1v\u011br roku 1944, osvobozen\u00ed bylo doslova nadosah, ale p\u0159esto tak daleko\u2026<\/p>\n<p>Pamatuj: \u017eivot je k\u00a0\u017eit\u00ed!<\/p>\n<p>Sestry z\u00a0Osv\u011btimi maj\u00ed stra\u0161n\u011b zaj\u00edmav\u00e9 pozad\u00ed: autorka, Roxane van Iperenov\u00e1, se do vily t\u00b4Hooge Nest nast\u011bhovala a teprve pot\u00e9 zjistila, jak\u00e1 historie se zde psala. Tahle kniha spat\u0159ila sv\u011btlo sv\u011bta po \u0161esti letech jej\u00edho d\u016fkladn\u00e9ho v\u00fdzkumu, p\u00e1tr\u00e1n\u00ed v\u00a0archivech a jin\u00fdch zdroj\u00edch \u010di v\u00fdpov\u011bd\u00edch pam\u011btn\u00edk\u016f. U\u017e jen proto bylo pro m\u011b toto d\u00edlo v\u00fdjime\u010dn\u00e9.<\/p>\n<p>Tahle kniha se mn\u011b v\u016fbec ne\u010detla lehce. \u010casto mn\u011b po tv\u00e1\u0159\u00edch tekly slzy a musela jsem si na chv\u00edli p\u0159i \u010dten\u00ed d\u00e1t pauzu vypln\u011bnou \u010d\u00edmkoli, co pro m\u011b bylo optimisti\u010dt\u011bj\u0161\u00ed. Nev\u00edm, zda si je\u0161t\u011b n\u011bkdy v\u00a0budoucnu dok\u00e1\u017ei st\u011b\u017eovat na to, jak je dne\u0161n\u00ed doba t\u011b\u017ek\u00e1 a nep\u0159\u00edzniv\u00e1. Nen\u00ed. Sestry z\u00a0Osv\u011btimi a d\u00edla jim podobn\u00e1 v\u00e1m to s\u00a0jistotou potvrd\u00ed.<\/p>\n<p>\u00a0<\/p>\n<p><em>autorka recenze: Andrea Simoglu<\/em><\/p>\n<p>Autor:\u00a0Andrea Simoglu<\/p>\n","protected":false},"excerpt":{"rendered":"<p>Vydejte se do dob, kdy sv\u011btem zm\u00edtala 2. sv\u011btov\u00e1 v\u00e1lka. Vyslechn\u011bte pravdiv\u00fd p\u0159\u00edb\u011bh dvou sester, jim\u017e toho v\u00e1lka tolik vzala, a kter\u00e9 i p\u0159esto byly ochotn\u00e9 pom\u00e1hat t\u011bm, kte\u0159\u00ed na tom byli vlastn\u011b \u00fapln\u011b stejn\u011b jako ony samy.<\/p>\n","protected":false},"author":2,"featured_media":325688,"comment_status":"open","ping_status":"open","sticky":false,"template":"","format":"standard","meta":{"_acf_changed":false,"_monsterinsights_skip_tracking":false,"_monsterinsights_sitenote_active":false,"_monsterinsights_sitenote_note":"","_monsterinsights_sitenote_category":0,"_EventAllDay":false,"_EventTimezone":"","_EventStartDate":"","_EventEndDate":"","_EventStartDateUTC":"","_EventEndDateUTC":"","_EventShowMap":false,"_EventShowMapLink":false,"_EventURL":"","_EventCost":"","_EventCostDescription":"","_EventCurrencySymbol":"","_EventCurrencyCode":"","_EventCurrencyPosition":"","_EventDateTimeSeparator":"","_EventTimeRangeSeparator":"","_EventOrganizerID":[],"_EventVenueID":[],"_OrganizerEmail":"","_OrganizerPhone":"","_OrganizerWebsite":"","_VenueAddress":"","_VenueCity":"","_VenueCountry":"","_VenueProvince":"","_VenueState":"","_VenueZip":"","_VenuePhone":"","_VenueURL":"","_VenueStateProvince":"","_VenueLat":"","_VenueLng":"","_VenueShowMap":false,"_VenueShowMapLink":false,"twitterCardType":"","cardImageID":0,"cardImage":"","cardTitle":"","cardDesc":"","cardImageAlt":"","cardPlayer":"","cardPlayerWidth":0,"cardPlayerHeight":0,"cardPlayerStream":"","cardPlayerCodec":"","footnotes":""},"categories":[7],"tags":[21832],"class_list":["post-325687","post","type-post","status-publish","format-standard","has-post-thumbnail","hentry","category-recenze","tag-literarni-kavarna"],"acf":{"related_products":null},"_links":{"self":[{"href":"https:\/\/www.luxor.cz\/blog\/wp-json\/wp\/v2\/posts\/325687","targetHints":{"allow":["GET"]}}],"collection":[{"href":"https:\/\/www.luxor.cz\/blog\/wp-json\/wp\/v2\/posts"}],"about":[{"href":"https:\/\/www.luxor.cz\/blog\/wp-json\/wp\/v2\/types\/post"}],"author":[{"embeddable":true,"href":"https:\/\/www.luxor.cz\/blog\/wp-json\/wp\/v2\/users\/2"}],"replies":[{"embeddable":true,"href":"https:\/\/www.luxor.cz\/blog\/wp-json\/wp\/v2\/comments?post=325687"}],"version-history":[{"count":0,"href":"https:\/\/www.luxor.cz\/blog\/wp-json\/wp\/v2\/posts\/325687\/revisions"}],"wp:featuredmedia":[{"embeddable":true,"href":"https:\/\/www.luxor.cz\/blog\/wp-json\/wp\/v2\/media\/325688"}],"wp:attachment":[{"href":"https:\/\/www.luxor.cz\/blog\/wp-json\/wp\/v2\/media?parent=325687"}],"wp:term":[{"taxonomy":"category","embeddable":true,"href":"https:\/\/www.luxor.cz\/blog\/wp-json\/wp\/v2\/categories?post=325687"},{"taxonomy":"post_tag","embeddable":true,"href":"https:\/\/www.luxor.cz\/blog\/wp-json\/wp\/v2\/tags?post=325687"}],"curies":[{"name":"wp","href":"https:\/\/api.w.org\/{rel}","templated":true}]}}