{"id":325681,"date":"2021-05-05T09:38:38","date_gmt":"2021-05-05T07:38:38","guid":{"rendered":"https:\/\/www.luxor.cz\/blog\/nezarazene\/63227-zivot-burzoazie-z-pera-virginie-woolfove\/"},"modified":"2021-05-05T09:38:38","modified_gmt":"2021-05-05T07:38:38","slug":"63227-zivot-burzoazie-z-pera-virginie-woolfove","status":"publish","type":"post","link":"https:\/\/www.luxor.cz\/blog\/recenze\/63227-zivot-burzoazie-z-pera-virginie-woolfove\/","title":{"rendered":"\u017divot bur\u017eoazie z pera Virginie Woolfov\u00e9"},"content":{"rendered":"<div class=\"g_gh\" data-dot=\"objekt_v_textu\">\n<article class=\"g_gi\" role=\"article\" aria-labelledby=\"accessibility-article\">\n<div class=\"g_gm\" data-dot-data=\"{\">\n<div class=\"f_d-\">\n<div class=\"f_c0\">\n<p class=\"d_c1\">Ob\u0161\u00edrn\u00e1 pr\u00f3za z roku 1937, jej\u00ed\u017e vyd\u00e1n\u00ed p\u0159edch\u00e1zelo posmrtn\u011b vydan\u00e9 novele Mezi akty, se do jist\u00e9 m\u00edry vymyk\u00e1 autor\u010din\u011b modern\u00ed, feministicky lad\u011bn\u00e9 tvorb\u011b.<\/p>\n<\/div>\n<div class=\"f_c0\">\n<p class=\"d_c1\">V duchu klasick\u00fdch rom\u00e1n\u016f viktori\u00e1nsk\u00e9ho obdob\u00ed se d\u011bj rozp\u00edn\u00e1 po n\u011bkolik generac\u00ed Pargiter\u016f, anglick\u00e9ho rodu z vy\u0161\u0161\u00ed spole\u010densk\u00e9 t\u0159\u00eddy. Nam\u00edsto z\u00e1sadn\u00edch \u017eivotn\u00edch ud\u00e1lost\u00ed typick\u00fdch pro rodinnou s\u00e1gu se v\u0161ak Woolfov\u00e1 soust\u0159edila na drobn\u00e9 v\u00fdseky z osudu plukovn\u00edka, jeho um\u00edraj\u00edc\u00ed \u017eeny a sedmi povahov\u011b rozd\u00edln\u00fdch potomk\u016f. Detaily z p\u011bti dek\u00e1d jejich historie or\u00e1movala m\u011bn\u00edc\u00edm se po\u010das\u00edm v z\u00e1vislosti na ro\u010dn\u00edch obdob\u00edch, kter\u00e9 popsala z pohledu Lond\u00fd\u0148an\u016f i venkova.<\/p>\n<\/div>\n<div class=\"f_c0\">\n<p class=\"d_c1\">\u201eCht\u011bla jsem vytvo\u0159it obraz spole\u010dnosti jako celku, vykreslit jednotliv\u00e9 postavy z r\u016fzn\u00fdch \u00fahl\u016f pohledu, uk\u00e1zat jejich m\u00edsto ve spole\u010dnosti, nejen v soukrom\u00e9m \u017eivot\u011b, popsat s\u00edlu zvyk\u016f a tradic, dr\u017eet se p\u0159i zemi pomoc\u00ed dat a fakt\u016f, zachytit celek v prom\u011bnliv\u00e9 atmosf\u00e9\u0159e doby, nakonec propojit v\u0161echny v mnohostrann\u00e9m spole\u010denstv\u00ed a p\u0159en\u00e9st d\u016fraz z p\u0159\u00edtomnosti do budoucnosti,\u201c vysv\u011btlila liter\u00e1tka sv\u016fj z\u00e1m\u011br v dopise adresovan\u00e9m b\u00e1sn\u00edkovi a esejistovi Stephenu Spenderovi z dubna 1937.<\/p>\n<\/div>\n<\/div>\n<\/div>\n<\/article>\n<\/div>\n<div class=\"g_fQ\">\n<div class=\"g_fV\">\n<div class=\"g_fT\">\n<div class=\"d_P\"><a class=\"d_aZ\">Krist\u00fdna \u010ctvrtl\u00edkov\u00e1, Pr\u00e1vo<\/a><\/div>\n<\/div>\n<\/div>\n<\/div>\n<p>Autor:\u00a0Vyb\u00edr\u00e1me z m\u00e9di\u00ed: Novinky.cz<\/p>\n","protected":false},"excerpt":{"rendered":"<p>Roky, posledn\u00ed rom\u00e1n britsk\u00e9 spisovatelky Virginie Woolfov\u00e9 vydan\u00fd za jej\u00edho \u017eivota, pomysln\u011b mapuje jej\u00ed \u00e9ru od sklonku devaten\u00e1ct\u00e9ho do poloviny t\u0159ic\u00e1t\u00fdch let minul\u00e9ho stolet\u00ed. O\u00a0jeho v\u016fbec prvn\u00ed \u010desk\u00fd p\u0159eklad se postaralo nakladatelstv\u00ed Odeon.<\/p>\n","protected":false},"author":2,"featured_media":325682,"comment_status":"open","ping_status":"open","sticky":false,"template":"","format":"standard","meta":{"_acf_changed":false,"_monsterinsights_skip_tracking":false,"_monsterinsights_sitenote_active":false,"_monsterinsights_sitenote_note":"","_monsterinsights_sitenote_category":0,"_EventAllDay":false,"_EventTimezone":"","_EventStartDate":"","_EventEndDate":"","_EventStartDateUTC":"","_EventEndDateUTC":"","_EventShowMap":false,"_EventShowMapLink":false,"_EventURL":"","_EventCost":"","_EventCostDescription":"","_EventCurrencySymbol":"","_EventCurrencyCode":"","_EventCurrencyPosition":"","_EventDateTimeSeparator":"","_EventTimeRangeSeparator":"","_EventOrganizerID":[],"_EventVenueID":[],"_OrganizerEmail":"","_OrganizerPhone":"","_OrganizerWebsite":"","_VenueAddress":"","_VenueCity":"","_VenueCountry":"","_VenueProvince":"","_VenueState":"","_VenueZip":"","_VenuePhone":"","_VenueURL":"","_VenueStateProvince":"","_VenueLat":"","_VenueLng":"","_VenueShowMap":false,"_VenueShowMapLink":false,"twitterCardType":"","cardImageID":0,"cardImage":"","cardTitle":"","cardDesc":"","cardImageAlt":"","cardPlayer":"","cardPlayerWidth":0,"cardPlayerHeight":0,"cardPlayerStream":"","cardPlayerCodec":"","footnotes":""},"categories":[7],"tags":[21832],"class_list":["post-325681","post","type-post","status-publish","format-standard","has-post-thumbnail","hentry","category-recenze","tag-literarni-kavarna"],"acf":{"related_products":null},"_links":{"self":[{"href":"https:\/\/www.luxor.cz\/blog\/wp-json\/wp\/v2\/posts\/325681","targetHints":{"allow":["GET"]}}],"collection":[{"href":"https:\/\/www.luxor.cz\/blog\/wp-json\/wp\/v2\/posts"}],"about":[{"href":"https:\/\/www.luxor.cz\/blog\/wp-json\/wp\/v2\/types\/post"}],"author":[{"embeddable":true,"href":"https:\/\/www.luxor.cz\/blog\/wp-json\/wp\/v2\/users\/2"}],"replies":[{"embeddable":true,"href":"https:\/\/www.luxor.cz\/blog\/wp-json\/wp\/v2\/comments?post=325681"}],"version-history":[{"count":0,"href":"https:\/\/www.luxor.cz\/blog\/wp-json\/wp\/v2\/posts\/325681\/revisions"}],"wp:featuredmedia":[{"embeddable":true,"href":"https:\/\/www.luxor.cz\/blog\/wp-json\/wp\/v2\/media\/325682"}],"wp:attachment":[{"href":"https:\/\/www.luxor.cz\/blog\/wp-json\/wp\/v2\/media?parent=325681"}],"wp:term":[{"taxonomy":"category","embeddable":true,"href":"https:\/\/www.luxor.cz\/blog\/wp-json\/wp\/v2\/categories?post=325681"},{"taxonomy":"post_tag","embeddable":true,"href":"https:\/\/www.luxor.cz\/blog\/wp-json\/wp\/v2\/tags?post=325681"}],"curies":[{"name":"wp","href":"https:\/\/api.w.org\/{rel}","templated":true}]}}