{"id":325679,"date":"2021-05-10T08:19:54","date_gmt":"2021-05-10T06:19:54","guid":{"rendered":"https:\/\/www.luxor.cz\/blog\/nezarazene\/63228-chcete-se-smat-nahlas-prectete-si-knizku-nejhezci-mezi-kravami\/"},"modified":"2021-05-10T08:19:54","modified_gmt":"2021-05-10T06:19:54","slug":"63228-chcete-se-smat-nahlas-prectete-si-knizku-nejhezci-mezi-kravami","status":"publish","type":"post","link":"https:\/\/www.luxor.cz\/blog\/recenze\/63228-chcete-se-smat-nahlas-prectete-si-knizku-nejhezci-mezi-kravami\/","title":{"rendered":"Chcete se sm\u00e1t nahlas? P\u0159e\u010dt\u011bte si kn\u00ed\u017eku Nejhez\u010d\u00ed mezi kr\u00e1vami!"},"content":{"rendered":"<p>Kn\u00ed\u017eku napsala pan\u00ed Zuzana Hube\u0148\u00e1kov\u00e1 a\u00a0Nejhez\u010d\u00ed mezi kr\u00e1vami\u00a0je prvn\u00ed kn\u00ed\u017eka, kterou jsem od n\u00ed \u010detla. Autorka u\u017e m\u00e1 na kont\u011b ale kn\u00ed\u017eek n\u011bkolik, tak\u017ee po seps\u00e1n\u00ed recenze objedn\u00e1v\u00e1m ty ostatn\u00ed. A to mysl\u00edm naprosto v\u00e1\u017en\u011b.<\/p>\n<p>Lehkost, vtip a nads\u00e1zka, se kterou pan\u00ed Hube\u0148\u00e1kov\u00e1 na str\u00e1nk\u00e1ch sv\u00e9 knihy kraluje, je \u00fa\u017easn\u00e1. P\u0159ipomn\u011bla mi \u0159adu vlastn\u00edch z\u00e1\u017eitk\u016f, proto\u017ee je velmi snadn\u00e9 se s n\u00ed ztoto\u017enit. Um\u00ed p\u0159esn\u011b vystihnout situace, kter\u00e9 zn\u00e1 nejedna man\u017eelka nebo maminka ze sv\u00e9ho \u017eivota. A to v\u0161e s humorem.<\/p>\n<p>Jestli jste se zastavili u n\u00e1zvu, nebojte, nen\u00ed to \u017e\u00e1dn\u00e1 ur\u00e1\u017eka \u017eensk\u00e9ho pohlav\u00ed, jeden z fejeton\u016f mluv\u00ed o skute\u010dn\u00fdch krav\u00e1ch, tak\u017ee klid. Ale z \u017een, mu\u017e\u016f, d\u011bt\u00ed i zv\u00ed\u0159at si um\u00ed pan\u00ed Hube\u0148\u00e1kov\u00e1 d\u011blat legraci osto\u0161est a p\u0159itom takovou, jak\u00e1 nikoho neuraz\u00ed. Ani cimprlicha ne. Tahle kn\u00ed\u017eka mi te\u010f bude st\u00e1t po boku knih jako je Saturnin nebo s\u00e9rie Aristokratek od Ev\u017eena Bo\u010dka. Vesel\u00e9 a vtipn\u00e9 knihy j\u00e1 toti\u017e up\u0159\u00edmn\u011b miluju a v m\u00e9 knihovn\u011b nesm\u00ed chyb\u011bt.<\/p>\n<p>D\u00e9lka jednotliv\u00fdch fejeton\u016f se r\u016fzn\u00ed, od velmi kr\u00e1tk\u00fdch po del\u0161\u00ed, ale v\u0161echny se kr\u00e1sn\u011b \u010dtou. Kn\u00ed\u017eku\u00a0Nejhez\u010d\u00ed mezi kr\u00e1vami\u00a0m\u00e1te p\u0159e\u010dtenou jako nic a najednou pot\u0159ebujete dal\u0161\u00ed kn\u00ed\u017eku od pan\u00ed Hube\u0148\u00e1kov\u00e9, proto\u017ee zjist\u00edte, jak r\u00e1di se vlastn\u011b sm\u011bjete. Nejv\u00edc se pochopiteln\u011b budou sm\u00e1t man\u017eelky a maminky, t\u011bm kn\u00ed\u017eku doporu\u010duji jako relaxa\u010dn\u00ed pom\u016fcku pro klidn\u00e9 ve\u010dery, a\u017e ulo\u017e\u00ed d\u011bti a man\u017eela. J\u00e1 ji \u010detla skoro v jednom kuse, brala ji sebou kam jsem se jen hnula, bre\u010dela u n\u00ed sm\u00edchy a sm\u00e1la se nahlas. D\u011bti cht\u011bly, abych jim \u010detla pas\u00e1\u017ee u kter\u00fdch se tak \u0159ehn\u00edm, ale tady jsem brzy poznala, \u017ee maminkovsk\u00e9mu a man\u017eelsk\u00e9mu humoru p\u0159\u00edli\u0161 neporozum\u00ed. ,,A\u017e vyrostete a budete m\u00edt d\u011bti, dostanete tuhle kn\u00ed\u017eku ode m\u011b darem. To u\u017e j\u00ed budete rozum\u011bt a to se n\u011bco nasm\u011bjete!\u201d slibuji jim.<\/p>\n<p>Jedin\u00e9, co mi v kn\u00ed\u017ece chyb\u00ed, je z\u00e1lo\u017ekov\u00e1 \u0161\u0148\u016frka, ale to nen\u00ed nic, s \u010d\u00edm bych si nemohla poradit. Str\u00e1nky zakl\u00e1d\u00e1m pap\u00edrov\u00fdmi z\u00e1lo\u017ekami i mnohem kreativn\u011bj\u0161\u00edmi kousky, jako jsou slo\u017eenky, dopisy nebo n\u00e1kupn\u00ed seznamy, kter\u00e9 pak za boha nemohu dohledat.\u00a0<\/p>\n<p>Barbora Cirklov\u00e1<\/p>\n<p>Autor:\u00a0Barbora Cirklov\u00e1<\/p>\n","protected":false},"excerpt":{"rendered":"<p>Vyb\u00edrala jsem naslepo. Zaujal m\u011b n\u00e1zev kn\u00ed\u017eky\u00a0Nejhez\u010d\u00ed mezi kr\u00e1vami. To bude asi n\u011bjak\u00e1 sranda! A taky \u017ee jo.<\/p>\n","protected":false},"author":2,"featured_media":325680,"comment_status":"open","ping_status":"open","sticky":false,"template":"","format":"standard","meta":{"_acf_changed":false,"_monsterinsights_skip_tracking":false,"_monsterinsights_sitenote_active":false,"_monsterinsights_sitenote_note":"","_monsterinsights_sitenote_category":0,"_EventAllDay":false,"_EventTimezone":"","_EventStartDate":"","_EventEndDate":"","_EventStartDateUTC":"","_EventEndDateUTC":"","_EventShowMap":false,"_EventShowMapLink":false,"_EventURL":"","_EventCost":"","_EventCostDescription":"","_EventCurrencySymbol":"","_EventCurrencyCode":"","_EventCurrencyPosition":"","_EventDateTimeSeparator":"","_EventTimeRangeSeparator":"","_EventOrganizerID":[],"_EventVenueID":[],"_OrganizerEmail":"","_OrganizerPhone":"","_OrganizerWebsite":"","_VenueAddress":"","_VenueCity":"","_VenueCountry":"","_VenueProvince":"","_VenueState":"","_VenueZip":"","_VenuePhone":"","_VenueURL":"","_VenueStateProvince":"","_VenueLat":"","_VenueLng":"","_VenueShowMap":false,"_VenueShowMapLink":false,"twitterCardType":"","cardImageID":0,"cardImage":"","cardTitle":"","cardDesc":"","cardImageAlt":"","cardPlayer":"","cardPlayerWidth":0,"cardPlayerHeight":0,"cardPlayerStream":"","cardPlayerCodec":"","footnotes":""},"categories":[7],"tags":[21832],"class_list":["post-325679","post","type-post","status-publish","format-standard","has-post-thumbnail","hentry","category-recenze","tag-literarni-kavarna"],"acf":{"related_products":null},"_links":{"self":[{"href":"https:\/\/www.luxor.cz\/blog\/wp-json\/wp\/v2\/posts\/325679","targetHints":{"allow":["GET"]}}],"collection":[{"href":"https:\/\/www.luxor.cz\/blog\/wp-json\/wp\/v2\/posts"}],"about":[{"href":"https:\/\/www.luxor.cz\/blog\/wp-json\/wp\/v2\/types\/post"}],"author":[{"embeddable":true,"href":"https:\/\/www.luxor.cz\/blog\/wp-json\/wp\/v2\/users\/2"}],"replies":[{"embeddable":true,"href":"https:\/\/www.luxor.cz\/blog\/wp-json\/wp\/v2\/comments?post=325679"}],"version-history":[{"count":0,"href":"https:\/\/www.luxor.cz\/blog\/wp-json\/wp\/v2\/posts\/325679\/revisions"}],"wp:featuredmedia":[{"embeddable":true,"href":"https:\/\/www.luxor.cz\/blog\/wp-json\/wp\/v2\/media\/325680"}],"wp:attachment":[{"href":"https:\/\/www.luxor.cz\/blog\/wp-json\/wp\/v2\/media?parent=325679"}],"wp:term":[{"taxonomy":"category","embeddable":true,"href":"https:\/\/www.luxor.cz\/blog\/wp-json\/wp\/v2\/categories?post=325679"},{"taxonomy":"post_tag","embeddable":true,"href":"https:\/\/www.luxor.cz\/blog\/wp-json\/wp\/v2\/tags?post=325679"}],"curies":[{"name":"wp","href":"https:\/\/api.w.org\/{rel}","templated":true}]}}