{"id":325677,"date":"2021-05-10T15:51:29","date_gmt":"2021-05-10T13:51:29","guid":{"rendered":"https:\/\/www.luxor.cz\/blog\/nezarazene\/63230-perka-dratky-kolecka\/"},"modified":"2021-05-10T15:51:29","modified_gmt":"2021-05-10T13:51:29","slug":"63230-perka-dratky-kolecka","status":"publish","type":"post","link":"https:\/\/www.luxor.cz\/blog\/recenze\/63230-perka-dratky-kolecka\/","title":{"rendered":"P\u00e9rka, dr\u00e1tky, kole\u010dka Martiny M\u00e1lkov\u00e9"},"content":{"rendered":"<p>D\u00e1 se \u0159\u00edci, \u017ee rom\u00e1nu \u017eensk\u00e9ho, i kdy\u017e nepochybuji, \u017ee pr\u00e1v\u011b tuhle kn\u00ed\u017eku si r\u00e1di p\u0159e\u010dtou i mu\u017ei. Nejedn\u00e1 se toti\u017e o romantickou epizodku s uvzdychan\u00fdmi \u010di r\u016f\u017eov\u011b zasn\u011bn\u00fdmi pas\u00e1\u017eemi a cuker\u00ednov\u00fdm happyendem, naopak \u2013 autorka zde vyu\u017eila jedine\u010dnou zbra\u0148 &#8211; lehce zdrsn\u011bn\u00fd styl s postupn\u00fdm odhalov\u00e1n\u00edm souvislost\u00ed, vygradovan\u00fdm v nar\u016fstaj\u00edc\u00edm nap\u011bt\u00ed do ne\u010dekan\u00e9ho konce. Jak n\u00e1m\u011bt, tak zpracov\u00e1n\u00ed a v neposledn\u00ed \u0159ad\u011b i vyu\u017eit\u00ed \u0159ady pro mnoh\u00e9 zdaleka nevy\u0159e\u0161en\u00fdch problematick\u00fdch probl\u00e9m\u016f ned\u00e1vn\u00e9 doby jsou dokladem autor\u010dina zr\u00e1n\u00ed, jej\u00edho posunu v nadstavb\u011b jist\u00e9 psychologick\u00e9 i p\u0159ijateln\u00e9 filozofick\u00e9 roviny. V rozboru situac\u00ed, vztah\u016f a m\u011bn\u00edc\u00edch se pocit\u016f nelze textu up\u0159\u00edt ur\u010ditou hloubku, \u010demu\u017e napom\u00e1h\u00e1 i pou\u017eit\u00e1 a dob\u0159e zvl\u00e1dnut\u00e1 ich-forma vypr\u00e1v\u011bn\u00ed hlavn\u00ed \u017eensk\u00e9 postavy. Stejn\u011b p\u016fsobiv\u00e9 jsou pak i plastick\u00e9 a p\u0159itom p\u0159i zemi se dr\u017e\u00edc\u00ed popisy d\u011bje, z n\u011bho\u017e citliv\u00fd \u010dten\u00e1\u0159 spolehliv\u011b vyc\u00edt\u00ed, \u017ee se neodvratn\u011b bl\u00ed\u017e\u00ed k zat\u00edm jen tu\u0161en\u00e9mu zlomu. Autenticitu zvolen\u00e9ho t\u00e9matu nen\u00e1padn\u011b, ale p\u0159esto v\u00fdrazn\u011b podtrhuj\u00ed i pou\u017eit\u00e9 citace z divadeln\u00edch her \u010di skv\u011ble zapadaj\u00edc\u00edch b\u00e1sn\u00ed.<\/p>\n<p>Tentokr\u00e1t si Martina M\u00e1lkov\u00e1 vybrala pro svou knihu prost\u0159ed\u00ed divadeln\u00ed, ve kter\u00e9m se pohybuje s nespornou znalost\u00ed detail\u016f tohoto zvl\u00e1\u0161tn\u00edho magick\u00e9ho sv\u011bta, jeho z\u00e1kulis\u00ed i vz\u00e1jemn\u00fdch propojen\u00ed, co\u017e dok\u00e1\u017ee bez p\u0159\u00edkras vst\u0159eb\u00e1vat i v jejich syrov\u00e9 realit\u011b. A jej\u00ed hlavn\u00ed hrdinka, st\u00e1rnouc\u00ed here\u010dka M\u00edna Ma\u0161lov\u00e1, p\u0159i nikoliv bezbolestn\u00e9m strh\u00e1v\u00e1n\u00ed n\u00e1plast\u00ed pokrytectv\u00ed a p\u0159edst\u00edr\u00e1n\u00ed ne\u0161et\u0159\u00ed ani samu sebe. Dokonce ani sv\u00e9ho milovan\u00e9ho, o sedm let mlad\u0161\u00edho partnera Vojtu, kter\u00fd pro ni znamen\u00e1 ve st\u00e1le n\u00e1ro\u010dn\u011bj\u0161\u00edm v\u00edru d\u011bn\u00ed jistotu k op\u0159en\u00ed a p\u0159e\u017eit\u00ed. Jako p\u0159\u00edjemn\u00fd kontrast a odleh\u010den\u00ed k z\u00e1va\u017enosti t\u00e9matu p\u016fsob\u00ed pak dialogy, veden\u00e9 s vtipem a neopomenutelnou d\u00e1vkou nadhledu, uhlazuj\u00edc\u00ed pohodov\u00fdm zklidn\u011bn\u00edm ostny vyvstal\u00fdch a zpo\u010d\u00e1tku nezodpov\u011bzen\u00fdch ot\u00e1zek.\u00a0\u00a0<\/p>\n<p>Ve sv\u00e9m vypr\u00e1v\u011bn\u00ed se jako v postupn\u011b odlupovan\u00fdch pl\u00e1stech let vrac\u00ed ze sou\u010dasnosti st\u00e1le hloub\u011bji do dob sv\u00e9ho d\u011btstv\u00ed, ml\u00e1d\u00ed i rok\u016f, kter\u00e9 p\u0159edch\u00e1zely v\u0161emu, co pr\u00e1v\u011b v t\u00e9to chv\u00edli intenzivn\u011b pro\u017e\u00edv\u00e1 a c\u00edt\u00ed. Vyvol\u00e1v\u00e1 si vzpom\u00ednky na svou babi\u010dku \u2013 ve sv\u00e9 dob\u011b popul\u00e1rn\u00ed here\u010dku, na laskav\u00e9ho otce a starostlivou nekomplikovanou maminku, na svoji sestru Jolu, s n\u00ed\u017e spole\u010dn\u011b zd\u011bdily po babi\u010dce l\u00e1sku k herectv\u00ed &#8211; a odtud tak\u00e9 poch\u00e1z\u00ed jejich \u0159\u00edkanka, za\u010d\u00ednaj\u00edc\u00ed slovy titulu knihy a kon\u010d\u00edc\u00ed p\u0159\u00edslibem: bude ze mne here\u010dka&#8230; A stalo se, i kdy\u017e Jola pak nabrala \u0161patn\u00fd v\u00edtr do plachet, M\u00edna ji nedok\u00e1zala zavrhnout a zcela vygumovat ze sv\u00e9ho \u017eivota. Jej\u00ed vztah k mlad\u0161\u00ed sest\u0159e byl nedefinovatelnou sm\u011bsic\u00ed p\u0159\u00edchylnosti, l\u00e1sky, nen\u00e1visti i odpu\u0161t\u011bn\u00ed.<\/p>\n<p>Jako spodn\u00ed nit v\u0161ech systematicky rozkr\u00fdvan\u00fdch skute\u010dnost\u00ed se M\u00ednin\u00fdm zd\u00e1nliv\u011b nevzru\u0161iv\u00fdm l\u00ed\u010den\u00edm vine strach. Strach z d\u011bdi\u010dnosti mat\u010diny choroby, kter\u00e1 komplikovala M\u00ednin i Vojt\u016fv \u017eivot a byla i p\u0159\u00ed\u010dinou mat\u010dina konce, dovede M\u00ednu k bl\u00e1zniv\u00e9mu kroku, i tentokr\u00e1t realizovan\u00e9mu s Vojtovou\u00a0 podporou. A pr\u00e1v\u011b to se stane otev\u0159enou rozjezdovou plochou pro nar\u016fstaj\u00edc\u00ed pochyby a jimi sp\u0159\u00e1dan\u00e9 bolestn\u00e9 a t\u00ed\u017eiv\u00e9 domn\u011bnky, kter\u00e9 nezadr\u017eiteln\u011b sp\u011bj\u00ed do p\u0159ekvapiv\u00e9ho vy\u00fast\u011bn\u00ed&#8230;<\/p>\n<p>\u00a0<\/p>\n<p>Autor:\u00a0Hana Hosnedlov\u00e1<\/p>\n","protected":false},"excerpt":{"rendered":"<p><strong>P\u00e9rka, dr\u00e1tky, kole\u010dka<\/strong> \u2013 zn\u00ed to jako d\u011btsk\u00e9 rozpo\u010d\u00edt\u00e1vadlo, ale ve skute\u010dnosti jde o n\u00e1zev nov\u00e9 knihy <strong>Martiny M\u00e1lkov\u00e9<\/strong>. Kn\u00ed\u017eka nese podtitul<strong> <em>Dv\u011b sestry, jedna role, jeden mu\u017e<\/em><\/strong>, co\u017e i v \u00faspoprn\u00e9 zkratce vystihuje daleko ob\u0161\u00edrn\u011bj\u0161\u00ed obsah tohoto rom\u00e1nu.<\/p>\n","protected":false},"author":2,"featured_media":325678,"comment_status":"open","ping_status":"open","sticky":false,"template":"","format":"standard","meta":{"_acf_changed":false,"_monsterinsights_skip_tracking":false,"_monsterinsights_sitenote_active":false,"_monsterinsights_sitenote_note":"","_monsterinsights_sitenote_category":0,"_EventAllDay":false,"_EventTimezone":"","_EventStartDate":"","_EventEndDate":"","_EventStartDateUTC":"","_EventEndDateUTC":"","_EventShowMap":false,"_EventShowMapLink":false,"_EventURL":"","_EventCost":"","_EventCostDescription":"","_EventCurrencySymbol":"","_EventCurrencyCode":"","_EventCurrencyPosition":"","_EventDateTimeSeparator":"","_EventTimeRangeSeparator":"","_EventOrganizerID":[],"_EventVenueID":[],"_OrganizerEmail":"","_OrganizerPhone":"","_OrganizerWebsite":"","_VenueAddress":"","_VenueCity":"","_VenueCountry":"","_VenueProvince":"","_VenueState":"","_VenueZip":"","_VenuePhone":"","_VenueURL":"","_VenueStateProvince":"","_VenueLat":"","_VenueLng":"","_VenueShowMap":false,"_VenueShowMapLink":false,"twitterCardType":"","cardImageID":0,"cardImage":"","cardTitle":"","cardDesc":"","cardImageAlt":"","cardPlayer":"","cardPlayerWidth":0,"cardPlayerHeight":0,"cardPlayerStream":"","cardPlayerCodec":"","footnotes":""},"categories":[7],"tags":[21832],"class_list":["post-325677","post","type-post","status-publish","format-standard","has-post-thumbnail","hentry","category-recenze","tag-literarni-kavarna"],"acf":{"related_products":null},"_links":{"self":[{"href":"https:\/\/www.luxor.cz\/blog\/wp-json\/wp\/v2\/posts\/325677","targetHints":{"allow":["GET"]}}],"collection":[{"href":"https:\/\/www.luxor.cz\/blog\/wp-json\/wp\/v2\/posts"}],"about":[{"href":"https:\/\/www.luxor.cz\/blog\/wp-json\/wp\/v2\/types\/post"}],"author":[{"embeddable":true,"href":"https:\/\/www.luxor.cz\/blog\/wp-json\/wp\/v2\/users\/2"}],"replies":[{"embeddable":true,"href":"https:\/\/www.luxor.cz\/blog\/wp-json\/wp\/v2\/comments?post=325677"}],"version-history":[{"count":0,"href":"https:\/\/www.luxor.cz\/blog\/wp-json\/wp\/v2\/posts\/325677\/revisions"}],"wp:featuredmedia":[{"embeddable":true,"href":"https:\/\/www.luxor.cz\/blog\/wp-json\/wp\/v2\/media\/325678"}],"wp:attachment":[{"href":"https:\/\/www.luxor.cz\/blog\/wp-json\/wp\/v2\/media?parent=325677"}],"wp:term":[{"taxonomy":"category","embeddable":true,"href":"https:\/\/www.luxor.cz\/blog\/wp-json\/wp\/v2\/categories?post=325677"},{"taxonomy":"post_tag","embeddable":true,"href":"https:\/\/www.luxor.cz\/blog\/wp-json\/wp\/v2\/tags?post=325677"}],"curies":[{"name":"wp","href":"https:\/\/api.w.org\/{rel}","templated":true}]}}