{"id":325673,"date":"2021-05-13T07:49:45","date_gmt":"2021-05-13T05:49:45","guid":{"rendered":"https:\/\/www.luxor.cz\/blog\/nezarazene\/63233-a-pak-rekl-sbohem\/"},"modified":"2021-05-13T07:49:45","modified_gmt":"2021-05-13T05:49:45","slug":"63233-a-pak-rekl-sbohem","status":"publish","type":"post","link":"https:\/\/www.luxor.cz\/blog\/recenze\/63233-a-pak-rekl-sbohem\/","title":{"rendered":"A pak \u0159ekl: \u201eSbohem.\u201c"},"content":{"rendered":"<p>Bernhard Schlink je n\u011bmeck\u00fd autor, kter\u00fd je u n\u00e1s zn\u00e1m\u00fd p\u0159edev\u0161\u00edm d\u00edky sv\u00e9mu rom\u00e1nu P\u0159ed\u010d\u00edta\u010d, kter\u00fd byl i zfilmov\u00e1n v\u00a0hlavn\u00ed roli s\u00a0Kate Winsletovou. Velk\u00fd \u00fasp\u011bch u n\u00e1s za\u017eil i jeho rom\u00e1n Olga z\u00a0roku 2019, kde se autor v\u011bnuje n\u011bmeck\u00e9 historii 20. stolet\u00ed.<\/p>\n<p>Jeho nov\u00e1 kniha Barvy lou\u010den\u00ed je ov\u0161em jin\u00e1. Je to toti\u017e sb\u00edrka obsahuj\u00edc\u00ed dev\u011bt pov\u00eddek, kter\u00e9 spojuje t\u00e9ma lou\u010den\u00ed. Autor si zde pokl\u00e1d\u00e1 ot\u00e1zku, pro koho samotn\u00fd akt lou\u010den\u00ed vlastn\u011b je. Je sp\u00ed\u0161e pro \u010dlov\u011bka, kter\u00fd odch\u00e1z\u00ed, nebo pro toho, kdo z\u016fst\u00e1v\u00e1? Toto t\u00e9ma zpracov\u00e1v\u00e1 v\u00a0ka\u017ed\u00e9 pov\u00eddce zcela odli\u0161n\u011b a ka\u017ed\u00fd jeho hrdina i situace jsou jin\u00e9. Jin\u00e9 jsou i samotn\u00e9 akty a v\u00fdznamy lou\u010den\u00ed. N\u011bkdy je to zcela intimn\u00ed a osobn\u00ed z\u00e1le\u017eitost, ale jindy je ono lou\u010den\u00ed sp\u00ed\u0161e formalitou nezbytnou k\u00a0dal\u0161\u00edmu posunu. M\u016f\u017ee se dokonce st\u00e1t, \u017ee \u010dlov\u011bk se lou\u010d\u00ed i p\u0159es to, \u017ee z\u016fst\u00e1v\u00e1 a vlastn\u011b jde sp\u00ed\u0161e o jeho vnit\u0159n\u00ed boj a uv\u011bdom\u011bn\u00ed.<\/p>\n<p>Barvy lou\u010den\u00ed se dot\u00fdkaj\u00ed z\u00e1sadn\u00edho t\u00e9matu, kter\u00e9 je spojen\u00e9 s\u00a0lidsk\u00fdm \u017eivotem a pro ka\u017ed\u00e9ho je nevyhnuteln\u00e9. Autor se neboj\u00ed j\u00edt do hloubky a stav\u011bt p\u0159ed \u010dten\u00e1\u0159e lou\u010den\u00ed v\u00a0jeho nejr\u016fzn\u011bj\u0161\u00edch podob\u00e1ch. V\u00a0t\u00e9to knize je opravdu velk\u00e1 variabilita r\u016fzn\u00fdch \u017eivotn\u00edch p\u0159\u00edb\u011bh\u016f, tak\u017ee ka\u017ed\u00fd si v\u00a0n\u00ed najde to sv\u00e9.<\/p>\n<p>Bernhard Schlink v\u00a0pov\u00eddk\u00e1ch pou\u017e\u00edv\u00e1 p\u0159i vypr\u00e1v\u011bn\u00ed ich \u2013 formu, co\u017e \u010dten\u00e1\u0159i jist\u011b pom\u016f\u017ee, aby se vc\u00edtil do postav a pro\u017e\u00edval s\u00a0nimi jejich z\u00e1sadn\u00ed \u017eivotn\u00ed chv\u00edle. A\u0165 u\u017e je vyprav\u011b\u010dem postar\u0161\u00ed informatik, kluk objevuj\u00edc\u00ed kr\u00e1sy \u017eivota nebo intelektu\u00e1l ve st\u0159edn\u00edch letech, kter\u00fd se sna\u017e\u00ed znovu obnovit l\u00e1sku k\u00a0jedn\u00e9 \u017een\u011b, v\u017edy si d\u00edky autorov\u011b stylu dok\u00e1\u017eete s\u00a0postavami vytvo\u0159it pouto.<\/p>\n<p>P\u0159i pov\u00eddk\u00e1ch b\u00fdv\u00e1 \u010dasto probl\u00e9m, \u017ee kv\u016fli sv\u00e9mu kr\u00e1tk\u00e9mu rozsahu m\u016f\u017eou \u010dten\u00e1\u0159i p\u0159ipadat jaksi nekompletn\u00ed, nedokon\u010den\u00e9. To se ov\u0161em Schlinkov\u00fdch pov\u00eddek net\u00fdk\u00e1. Autor v\u00a0nich \u0159ekl v\u0161e, co m\u011blo b\u00fdt \u0159e\u010deno.<\/p>\n<p>Barvy lou\u010den\u00ed jsou zaj\u00edmav\u00fdm pohledem na t\u00e9ma, se kter\u00fdm se lid\u00e9 setk\u00e1vaj\u00ed dnes a denn\u011b a ukazuje n\u00e1m, jak jej lze pro\u017e\u00edvat a zvl\u00e1dat. Pokud m\u00e1te tedy chu\u0165 zamyslet se nad lou\u010den\u00edm spolu s autorem a pro\u017e\u00edt zaj\u00edmav\u00e9 \u017eivotn\u00ed situace, kter\u00e9 jsou ale vlastn\u011b celkem norm\u00e1ln\u00ed, ur\u010dit\u011b s\u00e1hn\u011bte po Barv\u00e1ch lou\u010den\u00ed.<\/p>\n<p>\u00a0<\/p>\n<p>Kristina Heklov\u00e1 (@kristi_cte)<\/p>\n<p>Autor:\u00a0Kristina Heklov\u00e1<\/p>\n","protected":false},"excerpt":{"rendered":"<p>Samota je n\u011bco, co d\u011bs\u00ed spoustu lid\u00ed. N\u011bkdy je ale hor\u0161\u00ed to, co j\u00ed p\u0159edch\u00e1z\u00ed. Lou\u010den\u00ed. Pro koho je vlastn\u011b lou\u010den\u00ed d\u016fle\u017eit\u00e9? Pro toho, kdo odch\u00e1z\u00ed nebo pro toho, kdo z\u016fst\u00e1v\u00e1 s\u00e1m?<\/p>\n","protected":false},"author":2,"featured_media":325674,"comment_status":"open","ping_status":"open","sticky":false,"template":"","format":"standard","meta":{"_acf_changed":false,"_monsterinsights_skip_tracking":false,"_monsterinsights_sitenote_active":false,"_monsterinsights_sitenote_note":"","_monsterinsights_sitenote_category":0,"_EventAllDay":false,"_EventTimezone":"","_EventStartDate":"","_EventEndDate":"","_EventStartDateUTC":"","_EventEndDateUTC":"","_EventShowMap":false,"_EventShowMapLink":false,"_EventURL":"","_EventCost":"","_EventCostDescription":"","_EventCurrencySymbol":"","_EventCurrencyCode":"","_EventCurrencyPosition":"","_EventDateTimeSeparator":"","_EventTimeRangeSeparator":"","_EventOrganizerID":[],"_EventVenueID":[],"_OrganizerEmail":"","_OrganizerPhone":"","_OrganizerWebsite":"","_VenueAddress":"","_VenueCity":"","_VenueCountry":"","_VenueProvince":"","_VenueState":"","_VenueZip":"","_VenuePhone":"","_VenueURL":"","_VenueStateProvince":"","_VenueLat":"","_VenueLng":"","_VenueShowMap":false,"_VenueShowMapLink":false,"twitterCardType":"","cardImageID":0,"cardImage":"","cardTitle":"","cardDesc":"","cardImageAlt":"","cardPlayer":"","cardPlayerWidth":0,"cardPlayerHeight":0,"cardPlayerStream":"","cardPlayerCodec":"","footnotes":""},"categories":[7],"tags":[21832],"class_list":["post-325673","post","type-post","status-publish","format-standard","has-post-thumbnail","hentry","category-recenze","tag-literarni-kavarna"],"acf":{"related_products":null},"_links":{"self":[{"href":"https:\/\/www.luxor.cz\/blog\/wp-json\/wp\/v2\/posts\/325673","targetHints":{"allow":["GET"]}}],"collection":[{"href":"https:\/\/www.luxor.cz\/blog\/wp-json\/wp\/v2\/posts"}],"about":[{"href":"https:\/\/www.luxor.cz\/blog\/wp-json\/wp\/v2\/types\/post"}],"author":[{"embeddable":true,"href":"https:\/\/www.luxor.cz\/blog\/wp-json\/wp\/v2\/users\/2"}],"replies":[{"embeddable":true,"href":"https:\/\/www.luxor.cz\/blog\/wp-json\/wp\/v2\/comments?post=325673"}],"version-history":[{"count":0,"href":"https:\/\/www.luxor.cz\/blog\/wp-json\/wp\/v2\/posts\/325673\/revisions"}],"wp:featuredmedia":[{"embeddable":true,"href":"https:\/\/www.luxor.cz\/blog\/wp-json\/wp\/v2\/media\/325674"}],"wp:attachment":[{"href":"https:\/\/www.luxor.cz\/blog\/wp-json\/wp\/v2\/media?parent=325673"}],"wp:term":[{"taxonomy":"category","embeddable":true,"href":"https:\/\/www.luxor.cz\/blog\/wp-json\/wp\/v2\/categories?post=325673"},{"taxonomy":"post_tag","embeddable":true,"href":"https:\/\/www.luxor.cz\/blog\/wp-json\/wp\/v2\/tags?post=325673"}],"curies":[{"name":"wp","href":"https:\/\/api.w.org\/{rel}","templated":true}]}}