{"id":325671,"date":"2021-05-14T10:28:39","date_gmt":"2021-05-14T08:28:39","guid":{"rendered":"https:\/\/www.luxor.cz\/blog\/nezarazene\/63234-sila-lasky-z-minulosti\/"},"modified":"2021-05-14T10:28:39","modified_gmt":"2021-05-14T08:28:39","slug":"63234-sila-lasky-z-minulosti","status":"publish","type":"post","link":"https:\/\/www.luxor.cz\/blog\/recenze\/63234-sila-lasky-z-minulosti\/","title":{"rendered":"S\u00edla l\u00e1sky z minulosti"},"content":{"rendered":"<p>Hlavn\u00ed hrdinka p\u0159\u00edb\u011bhu je Anne Galagherov\u00e1, kter\u00e1 vyr\u016fstala s\u00a0d\u011bde\u010dkem a r\u00e1da poslouchala jeho p\u0159\u00edb\u011bhy o star\u00e9m Irsku. S\u00a0d\u011bde\u010dkem Eoinem m\u011bla kr\u00e1sn\u00fd vztah, a proto ji jeho smrt hodn\u011b zas\u00e1hne. Rozhodne se mu splnit posledn\u00ed p\u0159\u00e1n\u00ed a vyd\u00e1v\u00e1 se do Irska rozpr\u00e1\u0161it jeho popel. Stane se v\u0161ak n\u011bco podivn\u00e9ho a Anne se probouz\u00ed na stejn\u00e9m m\u00edst\u011b, ale v\u00a0jin\u00e9m \u010dase. N\u00e1hle se toti\u017e nach\u00e1z\u00ed v\u00a0pov\u00e1le\u010dn\u00e9m Irsku v\u00a0roce 1921, kter\u00e9 rozhodn\u011b nen\u00ed bezpe\u010dn\u00e9, zvl\u00e1\u0161\u0165 kdy\u017e mus\u00ed p\u0159ijmout identitu \u017eeny, kter\u00e1 je pova\u017eov\u00e1na za mrtvou. Navzdory v\u0161em okolnostem se stane n\u011bco, co Anne opravdu ne\u010dekala, zamiluje se. Jen\u017ee m\u00e1 l\u00e1ska v\u00a0minulosti n\u011bjakou budoucnost?<\/p>\n<p>\u00a0V\u00edtr to v\u00ed \u010dten\u00e1\u0159i nab\u00edz\u00ed na t\u00e9m\u011b\u0159 400 stran\u00e1ch historick\u00fd rom\u00e1n, kter\u00fd si ho bezpochyby z\u00edsk\u00e1 svou \u010dtivost\u00ed a lehkost\u00ed. Cel\u00e1 kniha je ps\u00e1na m\u00edsty a\u017e poetick\u00fdm stylem mnohdy s\u00a0n\u00e1dechem melancholie. Pokud pat\u0159\u00edte mezi milovn\u00edci cit\u00e1t\u016f v\u00a0knih\u00e1ch, p\u0159ijdete si na sv\u00e9, jeliko\u017e zde je jich hned n\u011bkolik, kter\u00e9 stoj\u00ed za pozna\u010den\u00ed. Stavebn\u00edm kamenem p\u0159\u00edb\u011bhu je vztah Anne a jej\u00edho d\u011bde\u010dka. \u010cten\u00e1\u0159i je hned jasn\u00e9, jak moc pro sebe znamenali. Kapitoly Anne jsou prokl\u00e1d\u00e1ny den\u00edkov\u00fdmi z\u00e1pisky, kter\u00e9 byly p\u0159\u00edjemn\u00fdm zpest\u0159en\u00edm a dod\u00e1valy zase jin\u00fd pohled na p\u0159\u00edb\u011bh. Ne\u010dekejte, \u017ee jedna akce bude st\u0159\u00eddat druhou, p\u0159\u00edb\u011bh plyne pozvoln\u011b a st\u00e1le si dr\u017e\u00ed svoje tempo. Postavy budete pozn\u00e1vat postupn\u011b, ale ne p\u0159\u00edli\u0161 do hloubky. I tak si k\u00a0nim ale dok\u00e1\u017eete vytvo\u0159it v\u00a0pr\u016fb\u011bhu \u010dten\u00ed vztah.<\/p>\n<p>Na knize je ur\u010dit\u011b nejzaj\u00edmav\u011bj\u0161\u00ed t\u00e9ma cestov\u00e1n\u00ed \u010dasem. Cel\u00fd p\u0159\u00edb\u011bh p\u016fsob\u00ed dost uv\u011b\u0159iteln\u011b a \u010dten\u00e1\u0159e k\u00a0sob\u011b dok\u00e1\u017ee p\u0159ipoutat. A\u010dkoliv je milostn\u00e1 linka od za\u010d\u00e1tku patrn\u00e1, st\u00e1le budete v\u00a0nap\u011bt\u00ed, jak to cel\u00e9 dopadne, proto\u017ee p\u00e1r, kter\u00fd od sebe d\u011bl\u00ed n\u011bkolik desetilet\u00ed, rozhodn\u011b nebude m\u00edt na r\u016f\u017e\u00edch ustl\u00e1no. P\u0159\u00edb\u011bh je sice historick\u00e1 fikce, ale p\u0159edkl\u00e1d\u00e1 spoustu ot\u00e1zek, nad kter\u00fdmi se lze zamyslet i dnes. Dominantou p\u0159\u00edb\u011bhu je prost\u0159ed\u00ed Irska. Autorka poodhaluje historii takov\u00fdm zp\u016fsobem, \u017ee si budete sami cht\u00edt zjistit dal\u0161\u00ed informace a b\u00e1dat nad t\u00edm, co se doopravdy stalo. Pokud u\u017e n\u011bjak\u00e9 pov\u011bdom\u00ed o historii Irska kolem roku 1921 m\u00e1te, zcela ur\u010dit\u011b to umocn\u00ed v\u00e1\u0161 \u010dten\u00e1\u0159sk\u00fd z\u00e1\u017eitek.<\/p>\n<p>Pokud m\u00e1te r\u00e1di historick\u00e9 a romantick\u00e9 p\u0159\u00edb\u011bhy, V\u00edtr to v\u00ed v\u00e1s nadchne. Z\u00e1rove\u0148 knihu ocen\u00ed ka\u017ed\u00fd, kdo chce nahl\u00e9dnout do historie Irska. Jestli\u017ee jste \u010dten\u00e1\u0159, kter\u00fd nerad \u010dek\u00e1 na pokra\u010dov\u00e1n\u00ed knih, V\u00edtr to v\u00ed je stand alone, tak\u017ee \u017e\u00e1dn\u00e9 \u010dek\u00e1n\u00ed nen\u00ed nutn\u00e9 na rozd\u00edl od s\u00e9rie Cizinka, ke kter\u00e9 je kniha v\u00a0zahrani\u010d\u00ed \u010dasto p\u0159irovn\u00e1v\u00e1na. V\u00edtr to v\u00ed je jednou z\u00a0t\u011bch knih, kter\u00e1 za\u010d\u00edn\u00e1 nen\u00e1padn\u011b, ale \u010d\u00edm d\u00e9le \u010dtete, t\u00edm v\u00edce v\u00e1s bav\u00ed a po do\u010dten\u00ed ve v\u00e1s bude rezonovat je\u0161t\u011b n\u011bjakou dobu.<\/p>\n<p>\u00a0<\/p>\n<p>Petra Pil\u00e1tov\u00e1<\/p>\n<p>Autor:\u00a0Petra Pil\u00e1tov\u00e1<\/p>\n","protected":false},"excerpt":{"rendered":"<p>S\u00a0tvorbou Amy Harmonov\u00e9 se \u010de\u0161t\u00ed \u010dten\u00e1\u0159i mohli sezn\u00e1mit v knih\u00e1ch Me\u010d a pt\u00e1\u010dek a Z\u00a0p\u00edsku a popela. Na za\u010d\u00e1tku kv\u011btna na kni\u017en\u00ed pulty zav\u00edtala autor\u010dina dal\u0161\u00ed kniha s n\u00e1zvem V\u00edtr to v\u00ed.<\/p>\n","protected":false},"author":2,"featured_media":325672,"comment_status":"open","ping_status":"open","sticky":false,"template":"","format":"standard","meta":{"_acf_changed":false,"_monsterinsights_skip_tracking":false,"_monsterinsights_sitenote_active":false,"_monsterinsights_sitenote_note":"","_monsterinsights_sitenote_category":0,"_EventAllDay":false,"_EventTimezone":"","_EventStartDate":"","_EventEndDate":"","_EventStartDateUTC":"","_EventEndDateUTC":"","_EventShowMap":false,"_EventShowMapLink":false,"_EventURL":"","_EventCost":"","_EventCostDescription":"","_EventCurrencySymbol":"","_EventCurrencyCode":"","_EventCurrencyPosition":"","_EventDateTimeSeparator":"","_EventTimeRangeSeparator":"","_EventOrganizerID":[],"_EventVenueID":[],"_OrganizerEmail":"","_OrganizerPhone":"","_OrganizerWebsite":"","_VenueAddress":"","_VenueCity":"","_VenueCountry":"","_VenueProvince":"","_VenueState":"","_VenueZip":"","_VenuePhone":"","_VenueURL":"","_VenueStateProvince":"","_VenueLat":"","_VenueLng":"","_VenueShowMap":false,"_VenueShowMapLink":false,"twitterCardType":"","cardImageID":0,"cardImage":"","cardTitle":"","cardDesc":"","cardImageAlt":"","cardPlayer":"","cardPlayerWidth":0,"cardPlayerHeight":0,"cardPlayerStream":"","cardPlayerCodec":"","footnotes":""},"categories":[7],"tags":[21832],"class_list":["post-325671","post","type-post","status-publish","format-standard","has-post-thumbnail","hentry","category-recenze","tag-literarni-kavarna"],"acf":{"related_products":null},"_links":{"self":[{"href":"https:\/\/www.luxor.cz\/blog\/wp-json\/wp\/v2\/posts\/325671","targetHints":{"allow":["GET"]}}],"collection":[{"href":"https:\/\/www.luxor.cz\/blog\/wp-json\/wp\/v2\/posts"}],"about":[{"href":"https:\/\/www.luxor.cz\/blog\/wp-json\/wp\/v2\/types\/post"}],"author":[{"embeddable":true,"href":"https:\/\/www.luxor.cz\/blog\/wp-json\/wp\/v2\/users\/2"}],"replies":[{"embeddable":true,"href":"https:\/\/www.luxor.cz\/blog\/wp-json\/wp\/v2\/comments?post=325671"}],"version-history":[{"count":0,"href":"https:\/\/www.luxor.cz\/blog\/wp-json\/wp\/v2\/posts\/325671\/revisions"}],"wp:featuredmedia":[{"embeddable":true,"href":"https:\/\/www.luxor.cz\/blog\/wp-json\/wp\/v2\/media\/325672"}],"wp:attachment":[{"href":"https:\/\/www.luxor.cz\/blog\/wp-json\/wp\/v2\/media?parent=325671"}],"wp:term":[{"taxonomy":"category","embeddable":true,"href":"https:\/\/www.luxor.cz\/blog\/wp-json\/wp\/v2\/categories?post=325671"},{"taxonomy":"post_tag","embeddable":true,"href":"https:\/\/www.luxor.cz\/blog\/wp-json\/wp\/v2\/tags?post=325671"}],"curies":[{"name":"wp","href":"https:\/\/api.w.org\/{rel}","templated":true}]}}