{"id":325669,"date":"2021-05-15T21:08:23","date_gmt":"2021-05-15T19:08:23","guid":{"rendered":"https:\/\/www.luxor.cz\/blog\/nezarazene\/63235-boj-dobra-a-zla-v-hlubinach-temneho-veku\/"},"modified":"2021-05-15T21:08:23","modified_gmt":"2021-05-15T19:08:23","slug":"63235-boj-dobra-a-zla-v-hlubinach-temneho-veku","status":"publish","type":"post","link":"https:\/\/www.luxor.cz\/blog\/recenze\/63235-boj-dobra-a-zla-v-hlubinach-temneho-veku\/","title":{"rendered":"Boj dobra a zla v hlubin\u00e1ch temn\u00e9ho v\u011bku"},"content":{"rendered":"<p>Konkr\u00e9tn\u011b na p\u0159elom des\u00e1t\u00e9ho a\u00a0jeden\u00e1ct\u00e9ho stolet\u00ed. Kniha d\u011bjov\u011b p\u0159edch\u00e1z\u00ed jeho t\u0159i velmi \u00fasp\u011b\u0161n\u00e9 historick\u00e9 bestsellery Pil\u00ed\u0159e zem\u011b, Na v\u011bky v\u011bk\u016f a\u00a0Ohniv\u00fd sloup.<\/p>\n<div class=\"f_c0\">\n<p class=\"d_c1\">V na\u0161ich zem\u00edch tehdy vl\u00e1dl Boleslav II., kter\u00fd nastoupil na tr\u016fn po bratrovrahovi Boleslavovi I. Ani p\u0159i \u010dten\u00ed t\u00e9to knihy rozhodn\u011b nenabudeme dojmu, \u017ee na anglick\u00e9m pob\u0159e\u017e\u00ed byl \u017eivot pro lidi jednodu\u0161\u0161\u00ed. Angli\u010dan\u00e9 permanentn\u011b bojovali s polodivok\u00fdmi Vel\u0161any p\u0159ich\u00e1zej\u00edc\u00edmi ze z\u00e1padn\u00ed strany.<\/p>\n<\/div>\n<div class=\"f_c0\">\n<p class=\"d_c1\">Museli tak\u00e9 \u010delit agresivn\u00edm n\u00e1jezd\u016fm Viking\u016f, kte\u0159\u00ed \u010das od \u010dasu vyplenili jejich osady \u010di m\u011bsta. Ti pro n\u011b p\u0159edstavovali mnohem v\u011bt\u0161\u00ed nebezpe\u010d\u00ed, proto\u017ee tito v\u00e1le\u010dn\u00edci p\u0159iplouvali na rychl\u00fdch lod\u00edch od normansk\u00e9ho pob\u0159e\u017e\u00ed a po dobyt\u00ed ko\u0159isti zase mizeli nezn\u00e1mo kam, ani\u017e se dali pochytat \u010di jinak eliminovat.<\/p>\n<\/div>\n<div class=\"f_c0\">\n<p class=\"d_c1\">Autor vystav\u011bl d\u011bj jako p\u0159\u00edb\u011bhy t\u0159\u00ed hrdin\u016f, jejich\u017e osudy se \u010dasem propoj\u00ed. Ka\u017ed\u00fd z nich si s sebou nese k\u0159\u00ed\u017e n\u011bjak\u00e9ho traumatu z minulosti \u010di p\u0159\u00edtomnosti. Prvn\u00ed hrdina, stavitel lod\u00ed Edgar, p\u0159i\u0161el p\u0159i vikinsk\u00e9m n\u00e1jezdu o svou \u017eivotn\u00ed l\u00e1sku. Normansk\u00e1 princezna Ragna, provdan\u00e1 za anglick\u00e9ho ealdormana (rodov\u00e9ho n\u00e1\u010deln\u00edka anglosask\u00fdch kmen\u016f a spr\u00e1vce hrabstv\u00ed), mus\u00ed tvrd\u011b bojovat proti vlivn\u00fdm \u010dlen\u016fm man\u017eelovy rodiny. Posledn\u00edm hrdinou je mnich Aldred, jen\u017e m\u00e1 z ml\u00e1d\u00ed mravnostn\u00ed vroubek. P\u0159es to v\u0161echno si ale v sob\u011b ka\u017ed\u00fd z nich nese sen, kter\u00fd tou\u017e\u00ed st\u016fj co st\u016fj splnit.<\/p>\n<\/div>\n<div class=\"f_c0\">\n<p class=\"d_c1\">I kdy\u017e m\u00e1 laik p\u0159edstavu, \u017ee v takzvan\u00e9m temn\u00e9m v\u011bku byli lid\u00e9 mnohem agresivn\u011bj\u0161\u00ed, daleko v\u00edce intrikovali a jejich \u017eivot visel prakticky na vl\u00e1sku, s ka\u017edou p\u0159e\u010dtenou str\u00e1nkou zjist\u00ed, \u017ee naturel lid\u00ed se b\u011bhem v\u011bk\u016f nikterak nezm\u011bnil. Agresivita, chamtivost, touha po moci \u010di v\u011b\u010dn\u00e1 neukojiteln\u00e1 sexu\u00e1ln\u00ed \u017e\u00e1dostivost byly hnac\u00edm motorem lidsk\u00e9ho kon\u00e1n\u00ed tehdy a jsou i dnes.<\/p>\n<\/div>\n<div class=\"f_c0\">\n<p class=\"d_c1\">Kdy\u017e Follett na jednom m\u00edst\u011b p\u00ed\u0161e, \u017ee p\u0159isti\u017een\u00fd dareb\u00e1k m\u016f\u017ee b\u00fdt \u010dasto mor\u00e1ln\u011b pobou\u0159en, jako by p\u0159e\u010dinem bylo jeho odhalen\u00ed a nikoli jeho p\u016fvodn\u00ed proh\u0159e\u0161ek, m\u00e1me intenzivn\u00ed pocit, \u017ee tohle p\u0159ece velice dob\u0159e zn\u00e1me.<\/p>\n<p class=\"d_c1\">\u00a0<\/p>\n<p class=\"d_c1\">Jan \u0160\u00edda, Pr\u00e1vo<\/p>\n<\/div>\n<p>Autor:\u00a0Vyb\u00edr\u00e1me z m\u00e9di\u00ed: Novinky.cz<\/p>\n","protected":false},"excerpt":{"rendered":"<p>V\u00edce ne\u017e sedmisetstr\u00e1nkov\u00e1 publikace Ve\u010der a jitro vel\u0161sk\u00e9ho autora Kena Folletta zav\u00e1d\u00ed do Anglie v dob\u011b, kdy starov\u011bk voln\u011b p\u0159ech\u00e1zel v ran\u00fd st\u0159edov\u011bk.<\/p>\n","protected":false},"author":2,"featured_media":325670,"comment_status":"open","ping_status":"open","sticky":false,"template":"","format":"standard","meta":{"_acf_changed":false,"_monsterinsights_skip_tracking":false,"_monsterinsights_sitenote_active":false,"_monsterinsights_sitenote_note":"","_monsterinsights_sitenote_category":0,"_EventAllDay":false,"_EventTimezone":"","_EventStartDate":"","_EventEndDate":"","_EventStartDateUTC":"","_EventEndDateUTC":"","_EventShowMap":false,"_EventShowMapLink":false,"_EventURL":"","_EventCost":"","_EventCostDescription":"","_EventCurrencySymbol":"","_EventCurrencyCode":"","_EventCurrencyPosition":"","_EventDateTimeSeparator":"","_EventTimeRangeSeparator":"","_EventOrganizerID":[],"_EventVenueID":[],"_OrganizerEmail":"","_OrganizerPhone":"","_OrganizerWebsite":"","_VenueAddress":"","_VenueCity":"","_VenueCountry":"","_VenueProvince":"","_VenueState":"","_VenueZip":"","_VenuePhone":"","_VenueURL":"","_VenueStateProvince":"","_VenueLat":"","_VenueLng":"","_VenueShowMap":false,"_VenueShowMapLink":false,"twitterCardType":"","cardImageID":0,"cardImage":"","cardTitle":"","cardDesc":"","cardImageAlt":"","cardPlayer":"","cardPlayerWidth":0,"cardPlayerHeight":0,"cardPlayerStream":"","cardPlayerCodec":"","footnotes":""},"categories":[7],"tags":[21832],"class_list":["post-325669","post","type-post","status-publish","format-standard","has-post-thumbnail","hentry","category-recenze","tag-literarni-kavarna"],"acf":{"related_products":null},"_links":{"self":[{"href":"https:\/\/www.luxor.cz\/blog\/wp-json\/wp\/v2\/posts\/325669","targetHints":{"allow":["GET"]}}],"collection":[{"href":"https:\/\/www.luxor.cz\/blog\/wp-json\/wp\/v2\/posts"}],"about":[{"href":"https:\/\/www.luxor.cz\/blog\/wp-json\/wp\/v2\/types\/post"}],"author":[{"embeddable":true,"href":"https:\/\/www.luxor.cz\/blog\/wp-json\/wp\/v2\/users\/2"}],"replies":[{"embeddable":true,"href":"https:\/\/www.luxor.cz\/blog\/wp-json\/wp\/v2\/comments?post=325669"}],"version-history":[{"count":0,"href":"https:\/\/www.luxor.cz\/blog\/wp-json\/wp\/v2\/posts\/325669\/revisions"}],"wp:featuredmedia":[{"embeddable":true,"href":"https:\/\/www.luxor.cz\/blog\/wp-json\/wp\/v2\/media\/325670"}],"wp:attachment":[{"href":"https:\/\/www.luxor.cz\/blog\/wp-json\/wp\/v2\/media?parent=325669"}],"wp:term":[{"taxonomy":"category","embeddable":true,"href":"https:\/\/www.luxor.cz\/blog\/wp-json\/wp\/v2\/categories?post=325669"},{"taxonomy":"post_tag","embeddable":true,"href":"https:\/\/www.luxor.cz\/blog\/wp-json\/wp\/v2\/tags?post=325669"}],"curies":[{"name":"wp","href":"https:\/\/api.w.org\/{rel}","templated":true}]}}