{"id":325667,"date":"2021-05-17T15:54:07","date_gmt":"2021-05-17T13:54:07","guid":{"rendered":"https:\/\/www.luxor.cz\/blog\/nezarazene\/63236-7-duvodu-proc-si-precist-novinku-spolu-a-kazdy-zvlast\/"},"modified":"2021-05-17T15:54:07","modified_gmt":"2021-05-17T13:54:07","slug":"63236-7-duvodu-proc-si-precist-novinku-spolu-a-kazdy-zvlast","status":"publish","type":"post","link":"https:\/\/www.luxor.cz\/blog\/recenze\/63236-7-duvodu-proc-si-precist-novinku-spolu-a-kazdy-zvlast\/","title":{"rendered":"7 d\u016fvod\u016f, pro\u010d si p\u0159e\u010d\u00edst novinku Spolu a ka\u017ed\u00fd zvl\u00e1\u0161\u0165"},"content":{"rendered":"<p><strong>1.Zvednete si n\u00e1ladu<\/strong><\/p>\n<p>Sice se v\u00e1m m\u016f\u017ee zd\u00e1t trochu zvl\u00e1\u0161tn\u00ed, \u017ee \u010dten\u00ed o koronavirov\u00e9 situaci v\u00e1m m\u016f\u017ee vykouzlit \u00fasm\u011bv na rtech, ale v\u00a0knize Spolu a ka\u017ed\u00fd zvl\u00e1\u0161\u0165 to mo\u017en\u00e9 je. V\u0161echny pov\u00eddky jsou toti\u017e neskute\u010dn\u011b mil\u00e9, laskav\u00e9 a n\u011bkter\u00e9 i dost vtipn\u00e9. A takov\u00e9to odreagov\u00e1n\u00ed dle m\u00e9ho v\u0161ichni pot\u0159ebujeme.<\/p>\n<p>\u00a0<\/p>\n<p><strong>2.Zjist\u00edte, \u017ee v tom nejste sami<\/strong><\/p>\n<p>A\u010d jsou p\u0159\u00edb\u011bhy pln\u00e9 roztomilosti, samoz\u0159ejm\u011b ukazuj\u00ed i negativn\u00ed str\u00e1nky \u017eivota, kter\u00fd se v\u0161em v\u00a0p\u0159ede\u0161l\u00fdch m\u011bs\u00edc\u00edch oto\u010dil vzh\u016fru nohama. Auto\u0159i prost\u0159ednictv\u00edm hlavn\u00edch postav umo\u017e\u0148uj\u00ed nahl\u00e9dnout do pocit\u016f teenager\u016f a tak\u00e9 p\u00ed\u0161\u00ed o tom, s \u010d\u00edm v\u0161\u00edm se mus\u00ed nejen pr\u00e1v\u011b te\u010f pot\u00fdkat. V\u00a0knize se tak najde naprosto ka\u017ed\u00fd a zjist\u00ed, \u017ee to maj\u00ed v\u0161ichni na cel\u00e9m sv\u011bt\u011b podobn\u011b.<\/p>\n<p>\u00a0<\/p>\n<p><strong>3.Knihu p\u0159e\u010dtete za jedno odpoledne<\/strong><\/p>\n<p>U\u017e dlouho se mi nestalo, \u017ee by se n\u011bjak\u00e1 kniha \u010detla tak dob\u0159e. D\u00edky pom\u011brn\u011b kr\u00e1tk\u00fdm pov\u00eddk\u00e1m budete hned na konci, i kdy\u017e byste vlastn\u011b r\u00e1di pokra\u010dovali i d\u00e1le. Autor\u016fm se t\u00e9ma povedlo zpracovat bravurn\u011b a d\u00edky jejich spisovatelsk\u00fdm zku\u0161enostem i velice \u010dtiv\u011b, co\u017e je jedno z\u00a0nejv\u011bt\u0161\u00edch plus\u016f knihy.<\/p>\n<p><strong>\u00a0<\/strong><\/p>\n<p><strong>4.Ka\u017ed\u00fd si najde sv\u016fj obl\u00edben\u00fd p\u0159\u00edb\u011bh <\/strong><\/p>\n<p>Na sb\u00edrk\u00e1ch miluji to, \u017ee si v\u00a0nich ka\u017ed\u00fd \u010dten\u00e1\u0159 najde sv\u00e9 obl\u00edben\u00e9 p\u0159\u00edb\u011bhy, ale samoz\u0159ejm\u011b i ty slab\u0161\u00ed. Ka\u017ed\u00fd m\u00e1 tak jin\u00fd vkus a pokud mu nesedne jedna pov\u00eddka, m\u016f\u017ee mu sednout ta dal\u0161\u00ed. Podle m\u011b se tak ur\u010dit\u011b nem\u016f\u017ee st\u00e1t, \u017ee byste nem\u011bli sv\u00e9ho favorita! T\u0159eba na prvn\u00edm m\u00edst\u011b m\u00e9ho \u017eeb\u0159\u00ed\u010dku je pov\u00eddka Jednou, kter\u00e1 byla fantastick\u00e1.<\/p>\n<p>\u00a0<\/p>\n<p><strong>5.Ob\u00e1lka je prost\u011b bo\u017e\u00ed! <\/strong><\/p>\n<p>Co si budeme, kdo by nemiloval poveden\u00e9 ob\u00e1lky? Spolu a ka\u017ed\u00fd zvl\u00e1\u0161\u0165 ji m\u00e1 n\u00e1dhernou, nav\u00edc se na ni zam\u011b\u0159te p\u0159i \u010dten\u00ed, souvis\u00ed s\u00a0n\u011bkter\u00fdmi pov\u00eddkami. M\u016f\u017eete si tak spojovat r\u016fzn\u00e9 souvislosti a p\u0159edstavovat si postavy je\u0161t\u011b detailn\u011bji.<\/p>\n<p><strong>\u00a0<\/strong><\/p>\n<p><strong>6.Ve sb\u00edrce je mo\u017en\u00e1 pov\u00eddka od va\u0161eho obl\u00edben\u00e9ho autora<\/strong><\/p>\n<p>Nev\u00edm jak vy, ale pokud m\u00e1 sv\u016fj text v\u00a0n\u011bjak\u00e9 sb\u00edrce m\u016fj obl\u00edben\u00fd autor \u010di autorka, mus\u00edm ji m\u00edt. V\u00a0t\u00e9to p\u0159eva\u017euje v\u00edce spisovatel\u016f, kter\u00fdm vy\u0161la kniha v\u00a0zahrani\u010dn\u00ed, m\u00e1 tu ale pov\u00eddku nap\u0159. Erin A. Craigov\u00e1, kter\u00e1 napsala D\u016fm soli a smutku, nebo tak\u00e9 Rachel Lippincottov\u00e1, od n\u00ed\u017e jste u\u017e mohli \u010d\u00edst P\u011bt krok\u016f od sebe.<\/p>\n<p>\u00a0<\/p>\n<p><strong>7.Ka\u017ed\u00e1 pov\u00eddka je origin\u00e1ln\u00ed<\/strong><\/p>\n<p>Nemus\u00edte se b\u00e1t, \u017ee by se p\u0159\u00edb\u011bhy opakovaly a tzv. \u201evykr\u00e1daly,\u201c ka\u017ed\u00e1 pov\u00eddka je sv\u00fdm zp\u016fsobem jin\u00e1 a origin\u00e1ln\u00ed. Rozhodn\u011b tedy nebudete \u010d\u00edst o tom sam\u00e9m po\u0159\u00e1d dokola.<\/p>\n<p>\u00a0<\/p>\n<p>V\u011b\u0159\u00edm, \u017ee v\u00e1s d\u016fvody p\u0159esv\u011bd\u010dily a \u017ee se v\u00e1m bude kniha l\u00edbit!<\/p>\n<p>A pokud byste se cht\u011bli do spole\u010dn\u00e9ho \u010dten\u00ed s\u00a0Yoli zapojit p\u0159\u00ed\u0161t\u011b, sledujte Instagram nakladatelstv\u00ed, kde se to n\u00e1sledn\u011b dozv\u00edte.<\/p>\n<p>\u00a0<\/p>\n<p>Patrik K\u0159\u00ed\u017e<\/p>\n<p>(@bookbypatrik)<\/p>\n<p>\u00a0<\/p>\n<p>Autor:\u00a0Patrik K\u0159\u00ed\u017e<\/p>\n","protected":false},"excerpt":{"rendered":"<p>O young adult sb\u00edrce Spolu a ka\u017ed\u00fd zvl\u00e1\u0161\u0165 u\u017e jste pravd\u011bpodobn\u011b sly\u0161eli, ned\u00e1vno se nap\u0159. \u010detla ve spole\u010dn\u00e9m \u010dten\u00ed s\u00a0Yoli. Pokud v\u00e1s alespo\u0148 trochu zaujala, p\u0159e\u010dt\u011bte si n\u011bkolik d\u016fvod\u016f, pro\u010d se do knihy pustit.<\/p>\n","protected":false},"author":2,"featured_media":325668,"comment_status":"open","ping_status":"open","sticky":false,"template":"","format":"standard","meta":{"_acf_changed":false,"_monsterinsights_skip_tracking":false,"_monsterinsights_sitenote_active":false,"_monsterinsights_sitenote_note":"","_monsterinsights_sitenote_category":0,"_EventAllDay":false,"_EventTimezone":"","_EventStartDate":"","_EventEndDate":"","_EventStartDateUTC":"","_EventEndDateUTC":"","_EventShowMap":false,"_EventShowMapLink":false,"_EventURL":"","_EventCost":"","_EventCostDescription":"","_EventCurrencySymbol":"","_EventCurrencyCode":"","_EventCurrencyPosition":"","_EventDateTimeSeparator":"","_EventTimeRangeSeparator":"","_EventOrganizerID":[],"_EventVenueID":[],"_OrganizerEmail":"","_OrganizerPhone":"","_OrganizerWebsite":"","_VenueAddress":"","_VenueCity":"","_VenueCountry":"","_VenueProvince":"","_VenueState":"","_VenueZip":"","_VenuePhone":"","_VenueURL":"","_VenueStateProvince":"","_VenueLat":"","_VenueLng":"","_VenueShowMap":false,"_VenueShowMapLink":false,"twitterCardType":"","cardImageID":0,"cardImage":"","cardTitle":"","cardDesc":"","cardImageAlt":"","cardPlayer":"","cardPlayerWidth":0,"cardPlayerHeight":0,"cardPlayerStream":"","cardPlayerCodec":"","footnotes":""},"categories":[7],"tags":[21832],"class_list":["post-325667","post","type-post","status-publish","format-standard","has-post-thumbnail","hentry","category-recenze","tag-literarni-kavarna"],"acf":{"related_products":null},"_links":{"self":[{"href":"https:\/\/www.luxor.cz\/blog\/wp-json\/wp\/v2\/posts\/325667","targetHints":{"allow":["GET"]}}],"collection":[{"href":"https:\/\/www.luxor.cz\/blog\/wp-json\/wp\/v2\/posts"}],"about":[{"href":"https:\/\/www.luxor.cz\/blog\/wp-json\/wp\/v2\/types\/post"}],"author":[{"embeddable":true,"href":"https:\/\/www.luxor.cz\/blog\/wp-json\/wp\/v2\/users\/2"}],"replies":[{"embeddable":true,"href":"https:\/\/www.luxor.cz\/blog\/wp-json\/wp\/v2\/comments?post=325667"}],"version-history":[{"count":0,"href":"https:\/\/www.luxor.cz\/blog\/wp-json\/wp\/v2\/posts\/325667\/revisions"}],"wp:featuredmedia":[{"embeddable":true,"href":"https:\/\/www.luxor.cz\/blog\/wp-json\/wp\/v2\/media\/325668"}],"wp:attachment":[{"href":"https:\/\/www.luxor.cz\/blog\/wp-json\/wp\/v2\/media?parent=325667"}],"wp:term":[{"taxonomy":"category","embeddable":true,"href":"https:\/\/www.luxor.cz\/blog\/wp-json\/wp\/v2\/categories?post=325667"},{"taxonomy":"post_tag","embeddable":true,"href":"https:\/\/www.luxor.cz\/blog\/wp-json\/wp\/v2\/tags?post=325667"}],"curies":[{"name":"wp","href":"https:\/\/api.w.org\/{rel}","templated":true}]}}