{"id":325661,"date":"2021-05-21T12:15:39","date_gmt":"2021-05-21T10:15:39","guid":{"rendered":"https:\/\/www.luxor.cz\/blog\/nezarazene\/63242-vzdy-je-nadeje\/"},"modified":"2021-05-21T12:15:39","modified_gmt":"2021-05-21T10:15:39","slug":"63242-vzdy-je-nadeje","status":"publish","type":"post","link":"https:\/\/www.luxor.cz\/blog\/recenze\/63242-vzdy-je-nadeje\/","title":{"rendered":"V\u017edy je nad\u011bje!"},"content":{"rendered":"<p>Ulrike Schweikert, n\u011bmeck\u00e1 spisovatelka, kter\u00e9 v\u00a0jej\u00ed rodn\u00e9 zemi vy\u0161la nejedna \u00fasp\u011b\u0161n\u00e1 kniha a Nemocnice Charit\u00e9 se \u0159ad\u00ed mezi n\u011b. <\/p>\n<p>Berl\u00edn, tehdy hlavn\u00ed m\u011bsto Pruska, zachvacuje cholera.<br \/>P\u00ed\u0161e se rok 1831, a pr\u00e1v\u011b sem se autorka rozhodla zasadit sv\u016fj p\u0159\u00edb\u011bh.<\/p>\n<p>Cholera je ale jen po\u010d\u00e1tkem v\u0161eho.. <\/p>\n<p>Nen\u00ed to prvn\u00ed ani posledn\u00ed bezmoc lidstva, kterou pro\u017e\u00edv\u00e1me. Tehdy l\u00e9ka\u0159i ani nem\u011bli tolik prost\u0159edk\u016f k\u00a0tomu, aby zjistili, jak se vlastn\u011b \u010dlov\u011bk touto hrozivou nemoc\u00ed nakaz\u00ed. <br \/>Zda se p\u0159en\u00e1\u0161\u00ed nemoc z\u00a0\u010dlov\u011bka na \u010dlov\u011bka nebo ne.<\/p>\n<p>P\u0159izn\u00e1m se, \u017ee hned od za\u010d\u00e1tku nebylo \u010dten\u00ed lehk\u00e9 a\u0165 u\u017e kv\u016fli popis\u016fm chirurgick\u00fdch z\u00e1krok\u016f, kter\u00e9 jsou tu velice podrobn\u00e9, ale postup Cholery a opat\u0159en\u00ed proti t\u00e9to nemoci mi p\u0159ipomn\u011bl situaci na\u0161ich posledn\u00edch m\u011bs\u00edc\u016f. Z\u00e1rove\u0148 jsem si ale uv\u011bdomila, \u017ee jednou mus\u00ed v\u0161e skon\u010dit.<\/p>\n<p>Nad\u011bje a osud je opravdu velice v\u00fdsti\u017en\u00fd podtitul tohoto historick\u00e9ho rom\u00e1nu.<\/p>\n<p>O spoust\u011b nemoc\u00edch a metod\u00e1ch, co se t\u00fd\u010de medic\u00edny jsem nem\u011bla do dnes ani pon\u011bt\u00ed. Nap\u0159\u00edklad hore\u010dka OMLADNIC, nebo jak dlouho l\u00e9ka\u0159i \u0159e\u0161ili sn\u011b\u0165, kter\u00e1 jim br\u00e1nila mnohdy ve v\u0161em, co cht\u011bli d\u00e1le u pacient\u016f podniknout. Tak\u00e9 se tu hovo\u0159\u00ed o operac\u00edch vybo\u010den\u00e9 nohy, krku a o oprav\u011b zraku, tedy konkr\u00e9tn\u011b \u0161ilh\u00e1n\u00ed. <\/p>\n<p>Nebudete se dozv\u00eddat jen o chirurgick\u00e9m odd\u011blen\u00ed, i kdy\u017e to je tu velice dominantn\u00ed, ale je tu za\u0159azeno i odd\u011blen\u00ed porodn\u00ed, psychiatrie a p\u0159izn\u00e1m se, \u017ee u popisu n\u011bkter\u00fdch postup\u016f se mi a\u017e zatajoval dech a sv\u00edralo se v\u0161e v\u00a0t\u011ble. <\/p>\n<p>I kdy\u017e si mnohdy p\u0159ijdete jako v\u00a0n\u011bjak\u00e9 pozorovateln\u011b medik\u016f, v\u0161emu lze rozum\u011bt. Autorka m\u00e1 velmi srozumiteln\u00fd a p\u0159\u00edjemn\u00fd styl psan\u00ed.<\/p>\n<p>Je nutn\u00e9 si b\u011bhem \u010dten\u00ed knihy uv\u011bdomit, \u017ee ve\u0161ker\u00e9 operace prob\u00edhaly bez nark\u00f3zy tedy usp\u00e1n\u00ed, a pacient byl pln\u011b p\u0159i v\u011bdom\u00ed. Bylo pot\u0159eba v\u00edcero siln\u00fdch mu\u017e\u016f, aby pacienta dr\u017eelo v nehybnosti. Tak\u00e9 je opravdu skv\u011bl\u00e9, \u017ee se tu pohybujeme na skute\u010dn\u00fdch m\u00edstech, ale tak\u00e9 tu potk\u00e1v\u00e1me skute\u010dn\u00e9 postavy, kter\u00e9 m\u011bly obzvl\u00e1\u0161\u0165 v\u00a0historii medic\u00edny velk\u00e9 slovo. <\/p>\n<p>A tak\u00e9 nesm\u00edme zapomenout, \u017ee v t\u011bchto letech nem\u011bly \u017eeny \u017e\u00e1dn\u00e9 slovo. Nemohly se st\u00e1t l\u00e9ka\u0159em, nemohly se vzd\u011bl\u00e1vat jako mu\u017ei. Tedy \u017eeny tu potk\u00e1v\u00e1me hlavn\u011b jako matky a man\u017eelky, ale v nemocnici p\u0159edev\u0161\u00edm jako o\u0161et\u0159ovatelky. N\u011bkter\u00e9 p\u0159ich\u00e1zely p\u0159\u00edmo z\u00a0ulice. K\u00a0pacient\u016fm se chovaly hrub\u011b a\u00a0zotavov\u00e1n\u00ed jim zrovna neusnad\u0148ovaly. Na\u0161ly se tu ale i v\u00fdjimky a i v\u00a0t\u011bchto \u010dasech byla ta mo\u017enost, \u017ee pokud si \u010dlov\u011bk, tedy \u00a0\u017eena \u0161la tvrd\u011b za sv\u00fdm, mohla dos\u00e1hnout nemal\u00fdch \u00fasp\u011bch\u016f, ale hlavn\u011b mohla doj\u00edt k uzn\u00e1n\u00ed a v\u00e1\u017eenosti.<\/p>\n<p>Ale abych nezapomn\u011bla, proto\u017ee nad\u0161en\u00ed z\u00a0informac\u00ed ohledn\u011b medic\u00edny bylo velik\u00e9. Do\u010dk\u00e1me se tu i milostn\u00fdch z\u00e1pletek.<\/p>\n<p>Jak lehce se z\u00a0p\u0159\u00e1telstv\u00ed dok\u00e1\u017ee st\u00e1t zak\u00e1zan\u00e1 l\u00e1ska, a jak lehce cht\u00ed\u010d a touha po tom druh\u00e9m dok\u00e1\u017ee ud\u011blat v\u00a0na\u0161ich srdc\u00edch velkou d\u00edru plnou smutku, kter\u00e1 nelze ni\u010d\u00edm jin\u00fdm vyplnit, ne\u017e tou onou zak\u00e1zanou l\u00e1skou.<\/p>\n<p>I kdy\u017e jsem se ze zahrani\u010dn\u00edch koment\u00e1\u0159\u016f do\u010detla, \u017ee jsou tyhle l\u00e1skou zapln\u011bn\u00e9 d\u011bjov\u00e9 linky p\u0159edv\u00eddateln\u00e9, dovol\u00edm si nesouhlasit. <br \/>Bylo kr\u00e1sn\u00e9 \u010d\u00edst o tom, jak i v\u00a0nelehk\u00fdch dob\u00e1ch kvete l\u00e1ska. Proto\u017ee ta kvete nejen v\u00a0ka\u017ed\u00e9m v\u011bku ale i v\u00a0\u010dase, kter\u00fd si nevyb\u00edr\u00e1. <\/p>\n<p>Pokud v\u00e1s te\u010f napad\u00e1 ot\u00e1zka, jak v knize pozn\u00e1te, kdo byl skute\u010dn\u00fd, a co se hlavn\u011b v historii medic\u00edny skute\u010dn\u011b ud\u00e1lo, nemus\u00edte se b\u00e1t dohled\u00e1v\u00e1n\u00ed a t\u00e1p\u00e1n\u00ed. Autorka si pro v\u00e1s na konci p\u0159ipravila vysv\u011btlen\u00ed, se kter\u00fdm jsem byla moc spokojen\u00e1.<\/p>\n<p>Mohla bych tu vypr\u00e1v\u011bt a vypr\u00e1v\u011bt, ale to u\u017e bych v\u00e1m prozradila mnoh\u00e9. <br \/>Na konci chci jen dodat, \u017ee tak jak to plat\u00ed i v\u00a0dne\u0161n\u00ed dob\u011b.. v\u017edy jde poznat, kdo svoji pr\u00e1ci d\u011bl\u00e1, proto\u017ee chce, a kdo svoji pr\u00e1ci vykon\u00e1v\u00e1, proto\u017ee mus\u00ed. <\/p>\n<p>Petra Sklen\u00e1\u0159ov\u00e1<\/p>\n<p>Autor:\u00a0Petra Sklen\u00e1\u0159ov\u00e1<\/p>\n","protected":false},"excerpt":{"rendered":"<p>Nad\u011bje je v\u017edy. V\u00a0ka\u017ed\u00e9m z\u00a0n\u00e1s i v\u00a0t\u011bch nejtemn\u011bj\u0161\u00edch \u010dasech.\u00a0 <br \/>\u010cas v\u0161e zahoj\u00ed, \u010dasem se v\u0161e uk\u00e1\u017ee a pr\u00e1v\u011b \u010das hraje v\u00a0na\u0161ich \u017eivotech velkou roli.<br \/>Pokud se mus\u00edme rozhodnout pro n\u011bco d\u016fle\u017eit\u00e9ho, neodkl\u00e1dejme nic ani minutu..<\/p>\n","protected":false},"author":2,"featured_media":325662,"comment_status":"open","ping_status":"open","sticky":false,"template":"","format":"standard","meta":{"_acf_changed":false,"_monsterinsights_skip_tracking":false,"_monsterinsights_sitenote_active":false,"_monsterinsights_sitenote_note":"","_monsterinsights_sitenote_category":0,"_EventAllDay":false,"_EventTimezone":"","_EventStartDate":"","_EventEndDate":"","_EventStartDateUTC":"","_EventEndDateUTC":"","_EventShowMap":false,"_EventShowMapLink":false,"_EventURL":"","_EventCost":"","_EventCostDescription":"","_EventCurrencySymbol":"","_EventCurrencyCode":"","_EventCurrencyPosition":"","_EventDateTimeSeparator":"","_EventTimeRangeSeparator":"","_EventOrganizerID":[],"_EventVenueID":[],"_OrganizerEmail":"","_OrganizerPhone":"","_OrganizerWebsite":"","_VenueAddress":"","_VenueCity":"","_VenueCountry":"","_VenueProvince":"","_VenueState":"","_VenueZip":"","_VenuePhone":"","_VenueURL":"","_VenueStateProvince":"","_VenueLat":"","_VenueLng":"","_VenueShowMap":false,"_VenueShowMapLink":false,"twitterCardType":"","cardImageID":0,"cardImage":"","cardTitle":"","cardDesc":"","cardImageAlt":"","cardPlayer":"","cardPlayerWidth":0,"cardPlayerHeight":0,"cardPlayerStream":"","cardPlayerCodec":"","footnotes":""},"categories":[7],"tags":[21832],"class_list":["post-325661","post","type-post","status-publish","format-standard","has-post-thumbnail","hentry","category-recenze","tag-literarni-kavarna"],"acf":{"related_products":null},"_links":{"self":[{"href":"https:\/\/www.luxor.cz\/blog\/wp-json\/wp\/v2\/posts\/325661","targetHints":{"allow":["GET"]}}],"collection":[{"href":"https:\/\/www.luxor.cz\/blog\/wp-json\/wp\/v2\/posts"}],"about":[{"href":"https:\/\/www.luxor.cz\/blog\/wp-json\/wp\/v2\/types\/post"}],"author":[{"embeddable":true,"href":"https:\/\/www.luxor.cz\/blog\/wp-json\/wp\/v2\/users\/2"}],"replies":[{"embeddable":true,"href":"https:\/\/www.luxor.cz\/blog\/wp-json\/wp\/v2\/comments?post=325661"}],"version-history":[{"count":0,"href":"https:\/\/www.luxor.cz\/blog\/wp-json\/wp\/v2\/posts\/325661\/revisions"}],"wp:featuredmedia":[{"embeddable":true,"href":"https:\/\/www.luxor.cz\/blog\/wp-json\/wp\/v2\/media\/325662"}],"wp:attachment":[{"href":"https:\/\/www.luxor.cz\/blog\/wp-json\/wp\/v2\/media?parent=325661"}],"wp:term":[{"taxonomy":"category","embeddable":true,"href":"https:\/\/www.luxor.cz\/blog\/wp-json\/wp\/v2\/categories?post=325661"},{"taxonomy":"post_tag","embeddable":true,"href":"https:\/\/www.luxor.cz\/blog\/wp-json\/wp\/v2\/tags?post=325661"}],"curies":[{"name":"wp","href":"https:\/\/api.w.org\/{rel}","templated":true}]}}