{"id":325653,"date":"2021-05-24T14:59:54","date_gmt":"2021-05-24T12:59:54","guid":{"rendered":"https:\/\/www.luxor.cz\/blog\/nezarazene\/63249-michal-viewegh-zruseny-rok-denik-2020\/"},"modified":"2021-05-24T14:59:54","modified_gmt":"2021-05-24T12:59:54","slug":"63249-michal-viewegh-zruseny-rok-denik-2020","status":"publish","type":"post","link":"https:\/\/www.luxor.cz\/blog\/recenze\/63249-michal-viewegh-zruseny-rok-denik-2020\/","title":{"rendered":"Michal Viewegh: Zru\u0161en\u00fd rok \u2013 Den\u00edk 2020."},"content":{"rendered":"<p>Jen\u017ee\u2026 objevily se hlasy, \u017ee pr\u00fd n\u00e1m ten Michal sl\u00e1bne. \u017de to nen\u00ed ono. Marn\u011b rozv\u00edj\u00ed sy\u017eet, jeho postavy u\u017e nejsou tak vtipn\u00e9, jeho post\u0159eh\u016fm chyb\u00ed glanc a \u0161mrnc Old\u0159icha Nov\u00e9ho.<\/p>\n<p>Kde\u017ee. Viewegh ve sv\u00e9m \u010dtvrt\u00e9m den\u00edku nab\u00edr\u00e1 na s\u00edle. P\u00ed\u0161e uvoln\u011bn\u011b, p\u0159irozen\u011b, trpce, agresivn\u011b, vtipn\u011b, v\u011bcn\u011b. M\u011bl jsem probl\u00e9m tu kn\u00ed\u017eku odkl\u00e1dat, co\u017e nen\u00ed b\u011b\u017en\u00fd p\u0159\u00edstup liter\u00e1rn\u00edho komparatisty \u2013 amat\u00e9ra. Abych byl p\u0159esn\u00fd; v\u00ed se, \u017ee Viewegh publikoval dv\u011b knihy obsahuj\u00edc\u00ed den\u00edkovou formu z\u00e1pisk\u016f. Prvn\u00edm byl B\u00e1je\u010dn\u00fd rok (Druh\u00e9 m\u011bsto, 2006), o p\u011bt let pozd\u011bji se jednalo o Dal\u0161\u00ed b\u00e1je\u010dn\u00fd rok (Druh\u00e9 m\u011bsto, 2011). Jenom\u017ee je tu je\u0161t\u011b t\u0159et\u00ed z\u00e1\u0159ez, tu\u0161\u00edm, \u017ee u Miroslava Pavla v Liter\u00e1rn\u00edch novin\u00e1ch kdysi v 90. letech. Jednalo se o Den\u00ed\u010dek spisovatele, kr\u00e1tkodob\u00fd po\u010din.<\/p>\n<p>Podotknu, \u017ee na B\u00e1je\u010dn\u00fd rok jsem si ned\u00e1vno vzpomn\u011bl. Nebo\u0165 jak v\u0161echno za\u010d\u00edn\u00e1, tak i kon\u010d\u00ed. Na ten den\u00edk jsem si vzpomn\u011bl, jeliko\u017e v n\u011bm Michal Viewegh mnohokr\u00e1t zm\u00ednil sv\u016fj boj proti bulv\u00e1ru. Jmenovit\u011b \u0161lo o tehdej\u0161\u00edho \u0161\u00e9fredaktora Aha! Ond\u0159eje H\u00f6ppnera. Ten 19. b\u0159ezna 2021 zem\u0159el. Vzpomn\u011bl jsem si taky na Pavlovy Liter\u00e1rky. Navzdory ohromn\u00e9 tradici sahaj\u00edc\u00ed do t\u0159ic\u00e1t\u00fdch let 20. stolet\u00ed skon\u010dily v kv\u011btnu roku 2020 svou pou\u0165. \u201ePlak\u00e1ty d\u00e9\u0161\u0165 strh z n\u00e1ro\u017e\u00ed a posledn\u00ed aplaus u\u017e ztich\u00b4&#8230;&#8220; Jeliko\u017e v\u0161echny zainteresovan\u00e9 osoby zn\u00e1m, nebo jsem je znal, p\u0159i\u0161lo mi chv\u00edlemi l\u00edto, jak\u00fd to cel\u00e9 vzalo konec. Ale o tom a\u017e jindy.<\/p>\n<p>\u201eVe\u010der vypiju sedmi\u010dku v\u00edna, tak\u017ee pak v noci mus\u00edm j\u00edt t\u0159ikr\u00e1t \u010d\u016frat&#8230; Moje prostata je star\u00e1 panna zjevn\u011b zhrzen\u00e1 z toho, \u017ee jsem si j\u00ed v\u00edc ne\u017e pades\u00e1t let nev\u0161\u00edmal, co\u017e mi nyn\u00ed \u0161kodolib\u011b p\u0159ipom\u00edn\u00e1 &#8211; paradoxn\u011b v dob\u011b, kdy jsem se o ni kone\u010dn\u011b zaj\u00edmat za\u010dal&#8230; Inu \u017eensk\u00e1!\u201c<\/p>\n<p>Te\u010f sedmkr\u00e1t nej o\u010dima nakladatele. V\u0161ak taky ruku na srdce, koho si spoj\u00edte s den\u00edkem? Jist\u011b, Kafku, ale to je jin\u00e1 k\u00e1va. Pokud uberu trudomyslnost, napadaj\u00ed m\u011b pouze t\u0159i jm\u00e9na. Vacul\u00edk\u016fv \u010cesk\u00fd sn\u00e1\u0159 (1983 v Torontu), Chaunova Smrt re\u017eis\u00e9ra (ERM, 1995) a den\u00edk s podtitulem 18+ Karla Hynka M\u00e1chy. Chaun\u016fv den\u00edk mi doporu\u010dil on s\u00e1m p\u0159ed mnoha lety, \u010d\u00edst to ne\u0161lo, omlouv\u00e1m se. Ludv\u00edk Vacul\u00edk, s n\u00edm\u017e jsem je\u0161t\u011b za \u017eivota mluvil, byl na sv\u00e9 d\u00edlo hrd\u00fd. Byl jsem tehdy moc mlad\u00fd na to ch\u00e1pat smysl a v\u00e1hu slov. Na M\u00e1chu jsem si vzpomn\u011bl, proto\u017ee je ve\u010der.<\/p>\n<p>Nejlep\u0161\u00ed, nejprod\u00e1van\u011bj\u0161\u00ed i nejpopul\u00e1rn\u011bj\u0161\u00ed mu\u017esk\u00fd autor po n\u011bkolika letech op\u011bt p\u0159ich\u00e1z\u00ed s nejosobn\u011bj\u0161\u00edm a nejotev\u0159en\u011bj\u0161\u00edm \u017e\u00e1nrem, s den\u00edkem. Rok 2020 byl pro valnou \u010d\u00e1st obyvatel t\u00e9to planety z\u0159ejm\u011b t\u00edm nejpodivn\u011bj\u0161\u00edm, a bohu\u017eel mnohdy i t\u00edm nejbolestiv\u011bj\u0161\u00edm obdob\u00edm, jak\u00e9 kdy za\u017eili. Rokem, na kter\u00fd bychom mo\u017en\u00e1 v\u0161ichni r\u00e1di zapomn\u011bli, a p\u0159esto toho tolik zm\u011bnil a snad n\u00e1s i n\u011bco nau\u010dil. Pod\u00edvejte se na rok 2020 o\u010dima spisovatele. T\u0159i sta \u0161edes\u00e1t p\u011bt dn\u00ed v \u017eivot\u011b Michala Viewegha, t\u0159i sta \u0161edes\u00e1t p\u011bt dn\u00ed v \u017eivot\u011b \u010desk\u00e9 spole\u010dnosti.<\/p>\n<p>Abych za\u010dal od podlahy. Koronavirus hraje v aktu\u00e1ln\u00edm den\u00edku (Ikar, 2021) minoritn\u00ed, a\u017e zanedbatelnou roli. Viewegh, pravideln\u011b sarkastick\u00fd a\u017e z\u00e1dum\u010div\u00fd, stav\u00ed pandemii mimo sv\u016fj \u017eeb\u0159\u00ed\u010dek hodnot. V n\u011bm nad\u00e1le zauj\u00edm\u00e1 prvn\u00ed m\u00edsto rodina (dcery, matka, brat\u0159i), b\u00fdval\u00e1 man\u017eelka Veronika, sou\u010dasn\u00e1 kamar\u00e1dka Monika, S\u00e1zava, pes, p\u0159\u00e1tel\u00e9. Krom toho se nevyh\u00fdb\u00e1 ni\u010demu, co pat\u0159\u00ed k \u017eivotu: sex, pr\u00e1\u0161ky, nemoci, alkohol, tr\u00e1va, deprese, kr\u00e1tk\u00e9 radosti, nespavost, absence \u010dehosi, co p\u0159inese \u0161t\u011bst\u00ed.<\/p>\n<p>Cel\u00fd jeho text je tak prazvl\u00e1\u0161tn\u011b zmixovan\u00fd do neuchopiteln\u00e9 formy, \u017ee ho op\u011bt nedovedu trefn\u011b srovnat. Co\u017e je ov\u0161em v dan\u00e9m \u017e\u00e1nru v\u00edtan\u00e9 krit\u00e9rium.<\/p>\n<p>Viewegh ve sv\u00e9 knize, mimochodem op\u011bt v kr\u00e1sn\u00e9 grafick\u00e9 podob\u011b jako i p\u0159ede\u0161l\u00e1 tvorba Euromedie (Zp\u00e1tky ve h\u0159e, B\u00e1je\u010dn\u00e1 l\u00e9ta pod psa, Mu\u017e a \u017eena, P\u0159ev\u00e1\u017en\u011b zdvo\u0159il\u00fd Leopold&#8230;), l\u00ed\u010d\u00ed den po dni tak, \u017ee nad t\u00edm nen\u00ed t\u0159eba p\u0159em\u00fd\u0161let. Sled ud\u00e1lost\u00ed dopl\u0148uje nenapodobiteln\u00e1 j\u00edzlivost na v\u0161echny strany, sebe nevyj\u00edmaje. Spisovatel \u0161krt\u00e1 tabu, ka\u0161le na z\u00e1brany (erekce, alkohol, deprese), co (kdo) mu vad\u00ed, otev\u0159en\u011b \u0159ekne. Pokud m\u00e1 tohle b\u00fdt spisovatel na \u00fastupu, pak si nechci p\u0159edstavit, jak vypad\u00e1 opak. V plej\u00e1d\u011b posledn\u00edch d\u011bl Michala Viewegha, \u010detl jsem v\u0161echny, se mi jeho den\u00edk l\u00edbil nejv\u00edc. Svou prozai\u010dnost\u00ed, otev\u0159enost\u00ed, up\u0159\u00edmnost\u00ed, ze kter\u00e9 m\u00edsty mraz\u00ed, a p\u0159edev\u0161\u00edm rozsahem. Den\u00edk je to tak akor\u00e1t, a\u010dkoli jeho \u010d\u00e1st slou\u017e\u00ed coby p\u0159ipomenut\u00ed status\u016f na Facebooku. Ty jsou hozen\u00e9 do kurz\u00edvy. Na sv\u00e9 si p\u0159ijde ka\u017ed\u00fd. A ka\u017ed\u00fd, kdo p\u0159ijde, si i n\u011bco odnese. V \u010dele s exman\u017eelkou, s\u00e1zavsk\u00fdm starostou Koldcsiterem a vydavatelem Martinem Reinerem. Jen douf\u00e1m, \u017ee jeho \u00fadajn\u00e9 pozn\u00e1mky proti \u017did\u016fm, kter\u00e9 Viewegh n\u00e1padn\u011b podtrhuje, vych\u00e1z\u00ed z fabulace a na\u0161tvanosti.<\/p>\n<p>Vzpom\u00edn\u00e1m si na jedno odpoledne p\u0159ed zhruba sedmn\u00e1cti lety. Na Spo\u0159ilov\u011b tehdy post\u00e1val Jarda Hutka a j\u00e1. Kou\u0159ili jsme a mluvili. P\u0159ich\u00e1zela Sa\u0161a Berkov\u00e1 a Michal Viewegh. Jakmile se objevil na \u0161koln\u00edm \u00b4dvo\u0159e\u00b4, okam\u017eit\u011b se p\u0159ipojil k houfu spolu\u017ea\u010dek. Byly z n\u011bho paf. On se sm\u00e1l, obj\u00edmal, mluvil a mluvil. My to cel\u00e9 u\u017easle pozorovali. Pachu\u0165, na\u0161tvanost, \u017e\u00e1rlivost? Nic takov\u00e9ho. V tichu jsme u cigarety p\u0159em\u00fd\u0161leli nad t\u00edm jeho darem mluvit a zaujmout.<\/p>\n<p>Navzdory prod\u011blan\u00fdm zdravotn\u00edm pot\u00ed\u017e\u00edm a n\u00e1ro\u010dn\u00e9 medikaci uzn\u00e1v\u00e1m, \u017ee ten dar dosud neztratil.<\/p>\n<p>\u00a0<\/p>\n<p>76 %<\/p>\n<p>Autor: Zden\u011bk Svoboda<\/p>\n<p>\u00a0<\/p>\n<p>Zdroj: <a href=\"https:\/\/www.krajskelisty.cz\/kultura\/25653-recenze-michal-viewegh-zruseny-rok-denik-2020-ze-tenhle-autor-ztraci-na-sile-zapomente-a-rychle.htm\" target=\"_blank\" rel=\"noopener\">https:\/\/www.krajskelisty.cz\/kultura\/25653-recenze-michal-viewegh-zruseny-rok-denik-2020-ze-tenhle-autor-ztraci-na-sile-zapomente-a-rychle.htm<\/a><\/p>\n<p>\u00a0<\/p>\n<p>\u00a0<\/p>\n<p>\u00a0<\/p>\n<p>Autor:\u00a0Vyb\u00edr\u00e1me z m\u00e9di\u00ed: Krajsk\u00e9 listy.cz<\/p>\n","protected":false},"excerpt":{"rendered":"<p>\u017de tenhle autor ztr\u00e1c\u00ed na s\u00edle? Zapome\u0148te. A rychle. P\u0159edstavovat ho nemus\u00edm. A\u00a0pokud bych cht\u011bl b\u00fdt velice konceptu\u00e1ln\u00ed, t\u00edmto tvrzen\u00edm bych mohl rovnou skon\u010dit. Ono je toti\u017e dost vypov\u00eddaj\u00edc\u00ed m\u00edt takov\u00e9 jm\u00e9no v liter\u00e1rn\u00edm sv\u011bt\u011b.<\/p>\n","protected":false},"author":2,"featured_media":325654,"comment_status":"open","ping_status":"open","sticky":false,"template":"","format":"standard","meta":{"_acf_changed":false,"_monsterinsights_skip_tracking":false,"_monsterinsights_sitenote_active":false,"_monsterinsights_sitenote_note":"","_monsterinsights_sitenote_category":0,"_EventAllDay":false,"_EventTimezone":"","_EventStartDate":"","_EventEndDate":"","_EventStartDateUTC":"","_EventEndDateUTC":"","_EventShowMap":false,"_EventShowMapLink":false,"_EventURL":"","_EventCost":"","_EventCostDescription":"","_EventCurrencySymbol":"","_EventCurrencyCode":"","_EventCurrencyPosition":"","_EventDateTimeSeparator":"","_EventTimeRangeSeparator":"","_EventOrganizerID":[],"_EventVenueID":[],"_OrganizerEmail":"","_OrganizerPhone":"","_OrganizerWebsite":"","_VenueAddress":"","_VenueCity":"","_VenueCountry":"","_VenueProvince":"","_VenueState":"","_VenueZip":"","_VenuePhone":"","_VenueURL":"","_VenueStateProvince":"","_VenueLat":"","_VenueLng":"","_VenueShowMap":false,"_VenueShowMapLink":false,"twitterCardType":"","cardImageID":0,"cardImage":"","cardTitle":"","cardDesc":"","cardImageAlt":"","cardPlayer":"","cardPlayerWidth":0,"cardPlayerHeight":0,"cardPlayerStream":"","cardPlayerCodec":"","footnotes":""},"categories":[7],"tags":[21832],"class_list":["post-325653","post","type-post","status-publish","format-standard","has-post-thumbnail","hentry","category-recenze","tag-literarni-kavarna"],"acf":{"related_products":null},"_links":{"self":[{"href":"https:\/\/www.luxor.cz\/blog\/wp-json\/wp\/v2\/posts\/325653","targetHints":{"allow":["GET"]}}],"collection":[{"href":"https:\/\/www.luxor.cz\/blog\/wp-json\/wp\/v2\/posts"}],"about":[{"href":"https:\/\/www.luxor.cz\/blog\/wp-json\/wp\/v2\/types\/post"}],"author":[{"embeddable":true,"href":"https:\/\/www.luxor.cz\/blog\/wp-json\/wp\/v2\/users\/2"}],"replies":[{"embeddable":true,"href":"https:\/\/www.luxor.cz\/blog\/wp-json\/wp\/v2\/comments?post=325653"}],"version-history":[{"count":0,"href":"https:\/\/www.luxor.cz\/blog\/wp-json\/wp\/v2\/posts\/325653\/revisions"}],"wp:featuredmedia":[{"embeddable":true,"href":"https:\/\/www.luxor.cz\/blog\/wp-json\/wp\/v2\/media\/325654"}],"wp:attachment":[{"href":"https:\/\/www.luxor.cz\/blog\/wp-json\/wp\/v2\/media?parent=325653"}],"wp:term":[{"taxonomy":"category","embeddable":true,"href":"https:\/\/www.luxor.cz\/blog\/wp-json\/wp\/v2\/categories?post=325653"},{"taxonomy":"post_tag","embeddable":true,"href":"https:\/\/www.luxor.cz\/blog\/wp-json\/wp\/v2\/tags?post=325653"}],"curies":[{"name":"wp","href":"https:\/\/api.w.org\/{rel}","templated":true}]}}