{"id":325651,"date":"2021-05-26T08:48:47","date_gmt":"2021-05-26T06:48:47","guid":{"rendered":"https:\/\/www.luxor.cz\/blog\/nezarazene\/63250-nejhezci-dny-rodiny-sorensonovy\/"},"modified":"2021-05-26T08:48:47","modified_gmt":"2021-05-26T06:48:47","slug":"63250-nejhezci-dny-rodiny-sorensonovy","status":"publish","type":"post","link":"https:\/\/www.luxor.cz\/blog\/recenze\/63250-nejhezci-dny-rodiny-sorensonovy\/","title":{"rendered":"Nejhez\u010d\u00ed dny rodiny Sorensonovy"},"content":{"rendered":"<p>Pokud milujete rodinn\u00e9 s\u00e1gy, tahle kniha v\u00e1m nesm\u00ed uniknout. A jestli tenhle liter\u00e1rn\u00ed \u017e\u00e1nr zrovna nemus\u00edte, pak v\u011b\u0159te, \u017ee Nejhez\u010d\u00ed dny na\u0161ich \u017eivot\u016f v\u00e1s mile p\u0159ekvap\u00ed.<\/p>\n<p><strong>David a Marilyn<\/strong><\/p>\n<p>David Sorenson a Marilyn Connollyov\u00e1 jsou nerozlu\u010dn\u00e1 dvojka, man\u017eel\u00e9, kte\u0159\u00ed stoj\u00ed bok po boku v\u00a0dobr\u00e9m i zl\u00e9m. Jsou vzorem dokonal\u00e9ho man\u017eelstv\u00ed a partnery, kter\u00e9 spojuje \u010dty\u0159icet spole\u010dn\u00fdch let. Zamilovali se do sebe v\u00a0sedmdes\u00e1t\u00fdch letech. Poprv\u00e9 se potkali zcela n\u00e1hodou na univerzit\u011b, kde oba studovali. Vzali se, vychovali \u010dty\u0159i dcery, pro\u0161li kr\u00e1sn\u00fdmi dny i t\u011b\u017ek\u00fdm obdob\u00edm, ale po\u0159\u00e1d jsou spolu. I po t\u011bch dlouh\u00fdch letech, kter\u00e9 prov\u011b\u0159ily pevnost jejich l\u00e1sky, je m\u016f\u017eete ob\u010das na\u010dapat, jak se l\u00edbaj\u00ed ve \u0161pajzu nebo jak jeden druh\u00e9ho \u0161k\u00e1dl\u00ed b\u011bhem va\u0159en\u00ed rodinn\u00e9 ve\u010de\u0159e.<\/p>\n<p>David po ukon\u010den\u00ed vysoko\u0161kolsk\u00fdch studi\u00ed za\u010dne pracovat jako l\u00e9ka\u0159. Jeho \u017eena Marilyn mus\u00ed kv\u016fli nepl\u00e1novan\u00e9mu t\u011bhotenstv\u00ed studium p\u0159eru\u0161it, nicm\u00e9n\u011b pl\u00e1nuje, \u017ee na n\u011bj po porodu op\u011bt nav\u00e1\u017ee. V\u00a0tu chv\u00edli v\u016fbec netu\u0161\u00ed, \u017ee jej\u00ed pl\u00e1ny ztroskotaj\u00ed z\u00e1hy pot\u00e9, co se dozv\u00ed, \u017ee \u010dek\u00e1 sv\u00e9 druh\u00e9 d\u00edt\u011b. A pak dal\u0161\u00ed a nakonec je\u0161t\u011b jedno, a\u017e se z\u00a0n\u00ed nakonec stane m\u00e1ma na pln\u00fd \u00favazek.<\/p>\n<p>Jejich \u010dty\u0159i dcery jsou kr\u00e1sn\u00e9, \u00fasp\u011b\u0161n\u00e9, od mali\u010dka podporovan\u00e9 sv\u00fdmi miluj\u00edc\u00edmi rodi\u010di: vzd\u011blan\u00fdm a starostliv\u00fdm otcem a rodin\u011b pln\u011b oddanou maminkou.<\/p>\n<p>P\u0159esto, \u017ee jim bylo poskytnuto prakticky v\u0161e, co d\u011bti mohou k\u00a0\u017eivotu pot\u0159ebovat, neust\u00e1le spolu v\u00e1l\u010d\u00ed a bojuj\u00ed. Nakonec se jim p\u0159i v\u0161ech t\u011bch sv\u00e1rech a neshod\u00e1ch poda\u0159\u00ed vyhrabat tajemstv\u00ed z\u00a0d\u00e1vn\u00e9 minulosti, kter\u00e9 m\u016f\u017ee v\u00a0podstat\u011b zni\u010dit \u00fapln\u011b v\u0161echno, co Sorensonovi cel\u00e9 ty roky tak poctiv\u011b budovali.<\/p>\n<p><strong>Nevypo\u010ditateln\u00e1 Wendy, \u00fazkostliv\u00e1 Violet, neurotick\u00e1 Liza a lehkov\u00e1\u017en\u00e1 Grace<\/strong><\/p>\n<p>Ka\u017ed\u00e1 ze \u010dty\u0159 dcer Sorensonov\u00fdch bojuje s\u00a0jin\u00fdmi d\u00e9mony a ka\u017ed\u00e1 je p\u0159\u00edmo diametr\u00e1ln\u011b odli\u0161n\u00e1 od zbyl\u00fdch t\u0159\u00ed sester\u2026<\/p>\n<p>Jako prvn\u00ed a nejstar\u0161\u00ed se Davidovi a Marilyn narodila Wendy \u2013 v\u00a0d\u011btstv\u00ed zm\u00edtan\u00e1 z\u00e1chvaty zu\u0159ivosti, pozd\u011bji propadaj\u00edc\u00ed anorexii a nyn\u00ed ovdov\u011bl\u00e1, poznamenan\u00e1 ranami osudu, vyb\u00edj\u00ed si sv\u00e9 bol\u00edstky v\u00a0alkoholu a sexu s\u00a0n\u00e1hodn\u00fdmi zn\u00e1mostmi.<\/p>\n<p>Pr\u00e1vni\u010dka Violet \u017eije na prvn\u00ed dojem naprosto spokojen\u011b: je \u00fasp\u011b\u0161n\u00e1 v\u00a0pr\u00e1ci i doma, m\u00e1 man\u017eela a dva kr\u00e1sn\u00e9 syny. O tom t\u0159et\u00edm ale dlouho nikdo nev\u00ed, a p\u0159esto se jednoho dne objev\u00ed. Minulost Violet nemilosrdn\u011b do\u017eene a j\u00ed nezb\u00fdv\u00e1 nic jin\u00e9ho, ne\u017e se s\u00a0n\u00ed n\u011bjak poprat, i kdy\u017e je to neskute\u010dn\u011b t\u00edsniv\u00fd boj.<\/p>\n<p>Liza je v\u00a0kari\u00e9\u0159e nem\u00e9n\u011b \u00fasp\u011b\u0161n\u00e1. Je profesorkou a v\u00a0pr\u00e1ci se j\u00ed da\u0159\u00ed. Jej\u00ed osobn\u00ed \u017eivot u\u017e ale tak moc r\u016f\u017eov\u00fd nen\u00ed. Jej\u00ed man\u017eel p\u0159i\u0161el o pr\u00e1ci, sv\u016fj voln\u00fd \u010das tr\u00e1v\u00ed hran\u00edm po\u010d\u00edta\u010dov\u00fdch her, sp\u00e1nkem a bojem se stup\u0148uj\u00edc\u00ed se depres\u00ed. V\u00edc ne\u017e podporuj\u00edc\u00edm man\u017eelem je pro ni vlastn\u011b d\u00edt\u011btem, pro kter\u00e9 mus\u00ed b\u00fdt ch\u00e1paj\u00edc\u00ed oporou. Pr\u00e1v\u011b v\u00a0t\u00e9hle ne zrovna p\u0159\u00edzniv\u00e9 situaci ot\u011bhotn\u00ed a ona si nen\u00ed ani trochu jist\u00e1, zda chce sv\u00e9 d\u00edt\u011b vychov\u00e1vat pr\u00e1v\u011b s\u00a0t\u00edm, kdo je jeho otcem. Krom\u011b toho tak trochu zap\u0159\u00ed\u010din\u00ed odhalen\u00ed jedn\u00e9 dost temn\u00e9 \u010d\u00e1sti minulosti jejich rodiny.<\/p>\n<p>A nejmlad\u0161\u00ed Grace vlastn\u011b \u017eije ve l\u017ei, kterou se sna\u017e\u00ed sv\u00e9 rodi\u010de op\u00e1jet, jak to jen jde. Nedostala se na pr\u00e1va, \u017eiv\u00ed se mizern\u011b placen\u00fdmi brig\u00e1dami a kdy\u017e se chce \u201eroz\u0161oupnout\u201c, koup\u00ed si jednou za t\u0159i m\u011bs\u00edce avok\u00e1do nebo tamp\u00f3ny z\u00a0bio bavlny. Sv\u00fdm rodi\u010d\u016fm v\u0161ak samoz\u0159ejm\u011b tvrd\u00ed n\u011bco jin\u00e9ho. V\u00a0jej\u00edch o\u010d\u00edch je \u00fasp\u011b\u0161n\u00e1 studentka pr\u00e1v.<\/p>\n<p>V\u0161echny \u010dty\u0159i jsou tolik rozd\u00edln\u00e9, a p\u0159itom v\u0161echny spojuj\u00ed obavy z\u00a0toho, \u017ee nikdy nenajdou nikoho, koho by mohly milovat natolik, nakolik se jejich vlastn\u00ed rodi\u010de milovali navz\u00e1jem.<\/p>\n<p><strong>\u017d\u00edt pro ty nejhez\u010d\u00ed dny<\/strong><\/p>\n<p>V\u00a0p\u0159\u00edb\u011bhu se st\u0159\u00eddaj\u00ed kapitoly popisuj\u00edc\u00ed sou\u010dasnou dobu a minulost \u2013 a ta pomalu, ale neust\u00e1le sm\u011b\u0159uje pr\u00e1v\u011b k\u00a0sou\u010dasnosti. \u010cten\u00e1\u0159 je tak dr\u017een v\u00a0nap\u011bt\u00ed, proto\u017ee tu\u0161\u00ed, \u017ee se k\u00a0n\u011b\u010demu zl\u00e9mu schyluje, \u017ee z\u00e1kout\u00ed, kter\u00e1 m\u011bla z\u016fstat nav\u011bky neodhalen\u00e1, se \u010d\u00edm d\u00e1l t\u00edm v\u00edc odkr\u00fdvaj\u00ed.<\/p>\n<p>Cel\u00fd p\u0159\u00edb\u011bh je jako mozaika. Jej\u00ed d\u00edlky tvo\u0159\u00ed l\u00e1ska dvou lid\u00ed, rodi\u010dovstv\u00ed, dosp\u00edv\u00e1n\u00ed dcer, nev\u011bra, nen\u00e1vist, z\u00e1\u0161\u0165, ale z\u00e1rove\u0148 i radost a pospolitost. Tenhle v\u00edcegenera\u010dn\u00ed rom\u00e1n v\u00e1m zkr\u00e1tka poskytne \u00fapln\u011b v\u0161echno. A vy na konci zjist\u00edte, \u017ee nic sice nen\u00ed r\u016f\u017eov\u00e9, a \u017ee \u017e\u00e1dn\u00e9 man\u017eelstv\u00ed nen\u00ed bez trn\u016f, ale taky to, \u017ee d\u00edky t\u011bm nejhez\u010d\u00edm dn\u016fm na\u0161ich \u017eivot\u016f stoj\u00ed zato ust\u00e1t dny \u0161patn\u00e9.<\/p>\n<p>Andrea Simoglu<\/p>\n<p>\u00a0<\/p>\n<p>Autor:\u00a0Andrea Simoglu<\/p>\n","protected":false},"excerpt":{"rendered":"<p>Nejhez\u010d\u00ed dny na\u0161ich \u017eivot\u016f potvrzuj\u00ed, \u017ee nic nen\u00ed takov\u00e9, jak se na prvn\u00ed pohled zd\u00e1. Tahle rodinn\u00e1 s\u00e1ga odkr\u00fdv\u00e1 stinn\u00e9 str\u00e1nky, temn\u00e9 kouty i tajemstv\u00ed minulosti. Miluj\u00edc\u00ed man\u017eel\u00e9 a \u010dty\u0159i \u00fa\u017easn\u00e9 dcery \u2026 na prvn\u00ed pohled. Co ale odhal\u00edme pod povrchem?<\/p>\n","protected":false},"author":2,"featured_media":325652,"comment_status":"open","ping_status":"open","sticky":false,"template":"","format":"standard","meta":{"_acf_changed":false,"_monsterinsights_skip_tracking":false,"_monsterinsights_sitenote_active":false,"_monsterinsights_sitenote_note":"","_monsterinsights_sitenote_category":0,"_EventAllDay":false,"_EventTimezone":"","_EventStartDate":"","_EventEndDate":"","_EventStartDateUTC":"","_EventEndDateUTC":"","_EventShowMap":false,"_EventShowMapLink":false,"_EventURL":"","_EventCost":"","_EventCostDescription":"","_EventCurrencySymbol":"","_EventCurrencyCode":"","_EventCurrencyPosition":"","_EventDateTimeSeparator":"","_EventTimeRangeSeparator":"","_EventOrganizerID":[],"_EventVenueID":[],"_OrganizerEmail":"","_OrganizerPhone":"","_OrganizerWebsite":"","_VenueAddress":"","_VenueCity":"","_VenueCountry":"","_VenueProvince":"","_VenueState":"","_VenueZip":"","_VenuePhone":"","_VenueURL":"","_VenueStateProvince":"","_VenueLat":"","_VenueLng":"","_VenueShowMap":false,"_VenueShowMapLink":false,"twitterCardType":"","cardImageID":0,"cardImage":"","cardTitle":"","cardDesc":"","cardImageAlt":"","cardPlayer":"","cardPlayerWidth":0,"cardPlayerHeight":0,"cardPlayerStream":"","cardPlayerCodec":"","footnotes":""},"categories":[7],"tags":[21832],"class_list":["post-325651","post","type-post","status-publish","format-standard","has-post-thumbnail","hentry","category-recenze","tag-literarni-kavarna"],"acf":{"related_products":null},"_links":{"self":[{"href":"https:\/\/www.luxor.cz\/blog\/wp-json\/wp\/v2\/posts\/325651","targetHints":{"allow":["GET"]}}],"collection":[{"href":"https:\/\/www.luxor.cz\/blog\/wp-json\/wp\/v2\/posts"}],"about":[{"href":"https:\/\/www.luxor.cz\/blog\/wp-json\/wp\/v2\/types\/post"}],"author":[{"embeddable":true,"href":"https:\/\/www.luxor.cz\/blog\/wp-json\/wp\/v2\/users\/2"}],"replies":[{"embeddable":true,"href":"https:\/\/www.luxor.cz\/blog\/wp-json\/wp\/v2\/comments?post=325651"}],"version-history":[{"count":0,"href":"https:\/\/www.luxor.cz\/blog\/wp-json\/wp\/v2\/posts\/325651\/revisions"}],"wp:featuredmedia":[{"embeddable":true,"href":"https:\/\/www.luxor.cz\/blog\/wp-json\/wp\/v2\/media\/325652"}],"wp:attachment":[{"href":"https:\/\/www.luxor.cz\/blog\/wp-json\/wp\/v2\/media?parent=325651"}],"wp:term":[{"taxonomy":"category","embeddable":true,"href":"https:\/\/www.luxor.cz\/blog\/wp-json\/wp\/v2\/categories?post=325651"},{"taxonomy":"post_tag","embeddable":true,"href":"https:\/\/www.luxor.cz\/blog\/wp-json\/wp\/v2\/tags?post=325651"}],"curies":[{"name":"wp","href":"https:\/\/api.w.org\/{rel}","templated":true}]}}