{"id":325647,"date":"2021-06-03T08:54:36","date_gmt":"2021-06-03T06:54:36","guid":{"rendered":"https:\/\/www.luxor.cz\/blog\/nezarazene\/63256-pansky-dum-pribeh-chude-sluzebne-a-bohateho-tovarnika\/"},"modified":"2021-06-03T08:54:36","modified_gmt":"2021-06-03T06:54:36","slug":"63256-pansky-dum-pribeh-chude-sluzebne-a-bohateho-tovarnika","status":"publish","type":"post","link":"https:\/\/www.luxor.cz\/blog\/recenze\/63256-pansky-dum-pribeh-chude-sluzebne-a-bohateho-tovarnika\/","title":{"rendered":"Pansk\u00fd d\u016fm: p\u0159\u00edb\u011bh chud\u00e9 slu\u017eebn\u00e9 a bohat\u00e9ho tov\u00e1rn\u00edka"},"content":{"rendered":"<p><strong>Cesta do pansk\u00e9ho domu<\/strong><\/p>\n<p>P\u00ed\u0161e se rok 1913, ocit\u00e1me se v\u00a0Augsburgu a do vypuknut\u00ed prvn\u00ed sv\u011btov\u00e9 v\u00e1lky zb\u00fdv\u00e1 jeden jedin\u00fd rok. Marie Hofgartnerov\u00e1, mladi\u010dk\u00e1, teprve osmn\u00e1ctilet\u00e1 d\u00edvka, n\u00e1s postupn\u011b cel\u00fdm p\u0159\u00edb\u011bhem prov\u00e1z\u00ed jako hlavn\u00ed hrdinka. Sv\u016fj dosavadn\u00ed \u017eivot str\u00e1vila v\u00a0m\u00edstn\u00edm sirot\u010dinci, nau\u010dila se proto nespol\u00e9hat na druh\u00e9 a b\u00fdt samostatn\u00e1. Pracovala zpo\u010d\u00e1tku jako pomocnice v\u00a0r\u016fzn\u00fdch dom\u00e1cnostech, ale proto\u017ee se neb\u00e1la ozvat, c\u00edtila-li v\u016f\u010di sob\u011b k\u0159ivdu, p\u0159\u00edli\u0161 dlouho nikde nezakotvila. Jako \u0161vadlena v\u00a0tov\u00e1rn\u011b se c\u00edtila trochu l\u00e9pe, ale tahle pr\u00e1ce zase nesv\u011bd\u010dila jej\u00edmu zdrav\u00ed.<\/p>\n<p>V\u00a0moment\u011b, kdy se situace nevyv\u00edj\u00ed zrovna p\u0159\u00edzniv\u011b, p\u0159ich\u00e1z\u00ed na sc\u00e9nu tov\u00e1rn\u00edk Melzer, patron sirot\u010dince. Nab\u00edz\u00ed Marii m\u00edsto ve sv\u00e9m dom\u011b, kde by mohla pracovat jako pomocnice v\u00a0kuchyni. A tak se ocit\u00e1me v\u00a0onom pansk\u00e9m dom\u011b.<\/p>\n<p><strong>M\u00edsto v\u00a0\u017eivot\u011b Melzer\u016f<\/strong><\/p>\n<p>Zpo\u010d\u00e1tku si Marie v\u00a0rodin\u011b Melzer\u016f hled\u00e1 svoje m\u00edsto jen hodn\u011b t\u011b\u017eko. Jako by sem v\u016fbec nepat\u0159ila. Tov\u00e1rn\u00edk Melzer m\u00e1 t\u0159i d\u011bti: Lisu, Kitty a Paula. Kitty je nadan\u00e1 mal\u00ed\u0159ka a slu\u017eebnou Marii si vybere za sv\u016fj model. Mariiny v\u00fdjime\u010dnosti si v\u0161imne jako jedna z\u00a0prvn\u00edch a z\u00e1hy se z\u00a0t\u011bchto dvou d\u00edvek stanou velmi dobr\u00e9 kamar\u00e1dky. Kr\u00e1sa Marie tak\u00e9 nez\u016fstane bez pov\u0161imnut\u00ed: do Marie se brzy zamiluje Paul, bratr Kitty a tov\u00e1rn\u00edk\u016fv syn.<\/p>\n<p>Jenom\u017ee nic nen\u00ed tak jednoduch\u00e9, jak se zd\u00e1. Marie skr\u00fdv\u00e1 tajemstv\u00ed, kter\u00e9 se zpo\u010d\u00e1tku st\u00e1le v\u00edce spl\u00e9t\u00e1, m\u00edsto aby se odhalovalo. Stoj\u00ed p\u0159ed n\u00e1mi plno ot\u00e1zek: co se stalo s\u00a0Mariinou matkou? Kdo je jej\u00edm otcem? Jak\u00e9 v\u011bci n\u011bkte\u0159\u00ed lid\u00e9 p\u0159ed Mari\u00ed z\u00e1m\u011brn\u011b taj\u00ed? Postupn\u011b za\u010d\u00edn\u00e1me ch\u00e1pat, \u017ee ono tajemstv\u00ed n\u011bjak souvis\u00ed se samotn\u00fdm tov\u00e1rn\u00edkem Melzerem. Jenom\u017ee jak?<\/p>\n<p><strong>V\u00edc ne\u017e romantika<\/strong><\/p>\n<p>Kdy\u017e jsem tuhle knihu za\u010dala \u010d\u00edst, \u010dekala jsem historickou s\u00e1gu plnou romantiky. \u00dapln\u011b od pravdy tahle teorie vzd\u00e1len\u00e1 nen\u00ed, ov\u0161em kniha v\u00e1m nab\u00eddne mnohem v\u00edc. V\u00a0p\u0159\u00edb\u011bhu najdete nap\u011bt\u00ed i p\u0159\u00edb\u011bhy skv\u011ble vykreslen\u00fdch postav. Nem\u011bla jsem pot\u00ed\u017ee ztoto\u017enit se se samotnou Mari\u00ed a jej\u00ed p\u0159\u00edb\u011bh m\u011b dr\u017eel v\u00a0nap\u011bt\u00ed zejm\u00e9na od druh\u00e9 poloviny knihy a\u017e do jej\u00edho konce. V\u0161echno, o \u010dem jsem si dlouho myslela, \u017ee je to \u00fapln\u011b jasn\u00e9, nakonec bylo zcela jinak.<\/p>\n<p>Hodn\u011b se mi l\u00edbil styl, jak\u00fdm je p\u0159\u00edb\u011bh vypr\u00e1v\u011bn\u00fd: jednoduch\u00fd, ale z\u00e1rove\u0148 \u010dtiv\u00fd. Dohromady s\u00a0p\u0159\u00edb\u011bhem samotn\u00fdm, kter\u00fd je nesm\u00edrn\u011b zaj\u00edmav\u00fd, vytv\u00e1\u0159\u00ed jedine\u010dnou knihu!<\/p>\n<p>Vyzdvihnout ur\u010dit\u011b mus\u00edm prokreslen\u00ed charakter\u016f jednotliv\u00fdch postav. Prim p\u0159itom hraje l\u00e1ska a romantika, ale z\u00e1rove\u0148 se jako tenk\u00e9 nitky p\u0159\u00edb\u011bhem t\u00e1hnou rodinn\u00e1 pouta, osobn\u00ed \u010dest a touha dozv\u011bd\u011bt se pravdu. D\u00edky skv\u011bl\u00e9mu prokreslen\u00ed postav nem\u00e1te v\u016fbec probl\u00e9m vc\u00edtit se do jejich charakter\u016f a jedn\u00e1n\u00ed. Jako byste v\u00a0pansk\u00e9m dom\u011b sami \u017eili.<\/p>\n<p>Z\u00e1rove\u0148 se mi l\u00edbilo historick\u00e9 pozad\u00ed p\u0159\u00edb\u011bhu. Odehr\u00e1v\u00e1 se vlastn\u011b b\u011bhem jednoho roku (podzim 1913 \u2013 \u010derven 1914). M\u00e1me mo\u017enost nahl\u00e9dnout nejen do prost\u0159ed\u00ed rodiny Melzerovy, ale i fungov\u00e1n\u00ed tehdej\u0161\u00ed spole\u010dnosti. Jsme sv\u011bdky toho, jak spole\u010dnost pomalu v\u0159e, jak se vyhrocuj\u00ed soci\u00e1ln\u00ed probl\u00e9my a jak kyp\u00ed politick\u00e9 d\u011bn\u00ed, avizuj\u00edc nevyhnutelnost sv\u011btov\u00e9ho konfliktu. O to v\u00edc na m\u011b dol\u00e9hala laxnost \u010dlen\u016f rodiny Melzer\u016f k\u00a0t\u011bmto historick\u00fdm okolnostem. Jako by si p\u0159ich\u00e1zej\u00edc\u00ed v\u00e1lku v\u016fbec nep\u0159ipou\u0161t\u011bli. Ale \u010dten\u00e1\u0159 p\u0159itom v\u00ed, \u017ee p\u0159ijde.<\/p>\n<p>Anne Jacobsov\u00e1 prvn\u00edm d\u00edlem Pansk\u00e9ho domu na\u010drtla skv\u011blou osu cel\u00e9 s\u00e9rie. Po jeho p\u0159e\u010dten\u00ed jsem se stra\u0161n\u011b t\u011b\u0161ila na dal\u0161\u00ed d\u00edly. Sice jsem m\u011bla jistou p\u0159edstavu o tom, jak se osudy jednotliv\u00fdch hrdin\u016f budou vyv\u00edjet, ale n\u011bkde v\u00a0hloubi du\u0161e jsem tu\u0161ila, \u017ee se d\u011bj bude ub\u00edrat jinam, ne\u017e p\u0159edpokl\u00e1d\u00e1m \u2013 a nepletla jsem se.<\/p>\n<p>Autorka recenze: Andrea Simoglu<\/p>\n<p>\u00a0<\/p>\n<p>Autor:\u00a0Andrea Simoglu<\/p>\n","protected":false},"excerpt":{"rendered":"<p>Ob\u00e1lka knihy slibuj\u00edc\u00ed n\u011b\u017enou romanci v\u00a0kulis\u00e1ch honosn\u00e9ho s\u00eddla nab\u00eddne mnohem v\u00edc: p\u0159\u00edb\u011bh pln\u00fd emoc\u00ed na pozad\u00ed d\u011bjinn\u00fdch ud\u00e1lost\u00ed po\u010d\u00e1tku 20. stolet\u00ed. P\u0159eneste se v\u00a0\u010dase a pro\u017eijte vypr\u00e1v\u011bn\u00ed Marie, chud\u00e9 slu\u017eebn\u00e9 v\u00a0kr\u00e1sn\u00e9m pansk\u00e9m s\u00eddle.<\/p>\n","protected":false},"author":2,"featured_media":325648,"comment_status":"open","ping_status":"open","sticky":false,"template":"","format":"standard","meta":{"_acf_changed":false,"_monsterinsights_skip_tracking":false,"_monsterinsights_sitenote_active":false,"_monsterinsights_sitenote_note":"","_monsterinsights_sitenote_category":0,"_EventAllDay":false,"_EventTimezone":"","_EventStartDate":"","_EventEndDate":"","_EventStartDateUTC":"","_EventEndDateUTC":"","_EventShowMap":false,"_EventShowMapLink":false,"_EventURL":"","_EventCost":"","_EventCostDescription":"","_EventCurrencySymbol":"","_EventCurrencyCode":"","_EventCurrencyPosition":"","_EventDateTimeSeparator":"","_EventTimeRangeSeparator":"","_EventOrganizerID":[],"_EventVenueID":[],"_OrganizerEmail":"","_OrganizerPhone":"","_OrganizerWebsite":"","_VenueAddress":"","_VenueCity":"","_VenueCountry":"","_VenueProvince":"","_VenueState":"","_VenueZip":"","_VenuePhone":"","_VenueURL":"","_VenueStateProvince":"","_VenueLat":"","_VenueLng":"","_VenueShowMap":false,"_VenueShowMapLink":false,"twitterCardType":"","cardImageID":0,"cardImage":"","cardTitle":"","cardDesc":"","cardImageAlt":"","cardPlayer":"","cardPlayerWidth":0,"cardPlayerHeight":0,"cardPlayerStream":"","cardPlayerCodec":"","footnotes":""},"categories":[7],"tags":[21832],"class_list":["post-325647","post","type-post","status-publish","format-standard","has-post-thumbnail","hentry","category-recenze","tag-literarni-kavarna"],"acf":{"related_products":null},"_links":{"self":[{"href":"https:\/\/www.luxor.cz\/blog\/wp-json\/wp\/v2\/posts\/325647","targetHints":{"allow":["GET"]}}],"collection":[{"href":"https:\/\/www.luxor.cz\/blog\/wp-json\/wp\/v2\/posts"}],"about":[{"href":"https:\/\/www.luxor.cz\/blog\/wp-json\/wp\/v2\/types\/post"}],"author":[{"embeddable":true,"href":"https:\/\/www.luxor.cz\/blog\/wp-json\/wp\/v2\/users\/2"}],"replies":[{"embeddable":true,"href":"https:\/\/www.luxor.cz\/blog\/wp-json\/wp\/v2\/comments?post=325647"}],"version-history":[{"count":0,"href":"https:\/\/www.luxor.cz\/blog\/wp-json\/wp\/v2\/posts\/325647\/revisions"}],"wp:featuredmedia":[{"embeddable":true,"href":"https:\/\/www.luxor.cz\/blog\/wp-json\/wp\/v2\/media\/325648"}],"wp:attachment":[{"href":"https:\/\/www.luxor.cz\/blog\/wp-json\/wp\/v2\/media?parent=325647"}],"wp:term":[{"taxonomy":"category","embeddable":true,"href":"https:\/\/www.luxor.cz\/blog\/wp-json\/wp\/v2\/categories?post=325647"},{"taxonomy":"post_tag","embeddable":true,"href":"https:\/\/www.luxor.cz\/blog\/wp-json\/wp\/v2\/tags?post=325647"}],"curies":[{"name":"wp","href":"https:\/\/api.w.org\/{rel}","templated":true}]}}