{"id":325645,"date":"2021-06-07T11:42:54","date_gmt":"2021-06-07T09:42:54","guid":{"rendered":"https:\/\/www.luxor.cz\/blog\/nezarazene\/63257-chlapec-krtek-liska-a-kun-aneb-poklad-do-kazde-knihovnicky\/"},"modified":"2021-06-07T11:42:54","modified_gmt":"2021-06-07T09:42:54","slug":"63257-chlapec-krtek-liska-a-kun-aneb-poklad-do-kazde-knihovnicky","status":"publish","type":"post","link":"https:\/\/www.luxor.cz\/blog\/recenze\/63257-chlapec-krtek-liska-a-kun-aneb-poklad-do-kazde-knihovnicky\/","title":{"rendered":"Chlapec, krtek, li\u0161ka a k\u016f\u0148 aneb Poklad do ka\u017ed\u00e9 knihovni\u010dky"},"content":{"rendered":"<p>N\u011bkomu by na mysl mohl vyvstat nap\u0159\u00edklad Mal\u00fd princ a jin\u00e9mu zas Jonathan Livingston Racek. A p\u0159esn\u011b TAKOV\u00dd poklad je Chlapec, krtek, li\u0161ka a k\u016f\u0148.<\/p>\n<p><em>\u201eMysl\u00edm, \u017ee divo\u010dina je trochu jako \u017eivot \u2013 n\u011bkdy d\u011bsiv\u00e1, ale kr\u00e1sn\u00e1.\u201c<\/em><\/p>\n<p><strong>Balada o \u017eivot\u011b<\/strong><\/p>\n<p>Kniha Chlapec, krtek, li\u0161ka a k\u016f\u0148 vypr\u00e1v\u00ed o kr\u00e1s\u00e1ch \u017eivota. Je n\u00e1dhernou baladou o laskavosti, obav\u00e1ch, nad\u011bji, zranitelnosti, p\u0159\u00e1telstv\u00ed i l\u00e1sce. Prost\u0159ednictv\u00edm rozhovor\u016f mezi \u010dty\u0159mi n\u00e1hodn\u00fdmi p\u0159\u00e1teli z\u00a0lidsk\u00e9 i zv\u00ed\u0159ec\u00ed \u0159\u00ed\u0161e nab\u00edz\u00ed autor v\u00fdjime\u010dn\u00fd \u010dten\u00e1\u0159sk\u00fd po\u017eitek, kter\u00fd je vhodn\u00fd pro kohokoliv. Nehled\u011b na sv\u016fj v\u011bk. Ty nejmen\u0161\u00ed donut\u00ed autor, Charlie Mackesy, se pt\u00e1t, a n\u00e1s star\u0161\u00ed zas se zastavit, zamyslet a odpov\u00eddat. Sob\u011b i druh\u00fdm.\u00a0<\/p>\n<p><strong>Byla nebyla. Na severu Anglie kdysi chladn\u00e1 krut\u00e1 zima<\/strong><\/p>\n<p>Za unik\u00e1tn\u00edm p\u0159\u00edb\u011bhem mal\u00e9ho chlapce, mlsn\u00e9ho krtka, ostra\u017eit\u00e9 li\u0161ky a n\u011b\u017en\u00e9ho kon\u011b stoj\u00ed Charlie Mackesy, kter\u00fd o sob\u011b \u0159\u00edk\u00e1, \u017ee se narodil b\u011bhem velmi chladn\u00e9 zimy na severu Anglie. Nikdy nestudoval um\u011bleckou \u0161kolu, ale po n\u011bkolik m\u011bs\u00edc\u016f se u\u010dil v\u00a0Americe od mal\u00ed\u0159e portr\u00e9t\u016f. Charlieho tvorbu m\u016f\u017eete naj\u00edt nejen v\u00a0knih\u00e1ch, ale tak\u00e9 na ve\u0159ejn\u00fdch prostranstv\u00edch, a to nap\u0159\u00edklad v\u00a0Lond\u00fdn\u011b, ale i jinde po cel\u00e9m sv\u011bt\u011b. Te\u010f ale zp\u00e1tky k\u00a0jeho knize.<\/p>\n<p><strong>Chlapec, krtek, li\u0161ka a k\u016f\u0148<\/strong><\/p>\n<p>P\u0159\u00edb\u011bh o zv\u011bdav\u00e9m chlapci a jeho t\u0159ech zv\u00ed\u0159ec\u00edch p\u0159\u00e1tel\u00edch vypr\u00e1v\u00ed autor nejen prost\u0159ednictv\u00edm dialog\u016f, ale tak\u00e9 skrze podmaniv\u00e9 a naprosto jedine\u010dn\u00e9 ilustrace vytvo\u0159en\u00e9 tu\u0161\u00ed. Pr\u00e1v\u011b ty zdob\u00ed ka\u017edou stranu v\u00a0knize a podtrhuj\u00ed samotn\u00e9mu p\u0159\u00edb\u011bhu onu unik\u00e1tnost. \u00a0<\/p>\n<p><em>\u201eRozhodnout se, jak se k\u00a0v\u011bcem postav\u00edme. To je jedna z\u00a0na\u0161ich nejv\u011bt\u0161\u00edch svobod.\u201c<\/em><\/p>\n<p>P\u0159\u00edb\u011bh o \u010dty\u0159ech p\u0159\u00e1tel\u00edch spat\u0159il sv\u011btlo sv\u011bta v\u00a0roce 2019 a stal se celosv\u011btovou senzac\u00ed. Jednozna\u010dn\u00fdm fenom\u00e9nem. Sv\u00e9 \u010dten\u00e1\u0159e si bleskurychle z\u00edskal t\u00e9m\u011b\u0159 po cel\u00e9m sv\u011bt\u011b nap\u0159\u00ed\u010d v\u0161emi generacemi. Chlapec, krtek, li\u0161ka a k\u016f\u0148<strong> <\/strong>je \u00f3dou o \u017eivot\u011b, v\u010detn\u011b obav i kr\u00e1s, kter\u00e9 k\u00a0n\u011bmu neodmysliteln\u011b pat\u0159\u00ed. Nab\u00edz\u00ed mnoho dechberouc\u00edch ilustrac\u00ed, hlubok\u00fdch my\u0161lenek, ale tak\u00e9 t\u011bch, kter\u00e9 jsou zcela zjevn\u00e9, jen je t\u0159eba si je \u010das od \u010dasu zkr\u00e1tka a dob\u0159e p\u0159ipomenout.<\/p>\n<p><strong>Do kter\u00e9koliv knihovni\u010dky <\/strong><\/p>\n<p>Chlapec, krtek, li\u0161ka a k\u016f\u0148 je skvost, liter\u00e1rn\u00ed poklad, kter\u00fd by m\u011bl m\u00edt ve sv\u00e9 sb\u00edrce nejen bibliofil, ale tak\u00e9 ten nejmlad\u0161\u00ed z\u00a0n\u00e1s.<\/p>\n<p>\u00a0<\/p>\n<p>Barbora Mike\u0161ov\u00e1 @bunburistka<\/p>\n<p>\u00a0<\/p>\n<p>Autor:\u00a0Barbora Mike\u0161ov\u00e1<\/p>\n","protected":false},"excerpt":{"rendered":"<p>Vybav\u00edte si knihu, kter\u00e1 na v\u00e1s ud\u011blala dojem? Nejenom takovou, kter\u00e1 v\u00e1m vykouzlila \u00fasm\u011bv na tv\u00e1\u0159i a t\u0159eba v\u00e1s rozesmutnila. Ale tu, kter\u00e1 v\u00e1mi hluboce rezonovala a o n\u00ed\u017e jste s\u00a0naprostou jistotou v\u011bd\u011bli, \u017ee jste ji pr\u00e1v\u011b v\u00a0TEN osudn\u00fd moment m\u011bli dr\u017eet v\u00a0rukou, listovat j\u00ed a \u010d\u00edst ji?<\/p>\n","protected":false},"author":2,"featured_media":325646,"comment_status":"open","ping_status":"open","sticky":false,"template":"","format":"standard","meta":{"_acf_changed":false,"_monsterinsights_skip_tracking":false,"_monsterinsights_sitenote_active":false,"_monsterinsights_sitenote_note":"","_monsterinsights_sitenote_category":0,"_EventAllDay":false,"_EventTimezone":"","_EventStartDate":"","_EventEndDate":"","_EventStartDateUTC":"","_EventEndDateUTC":"","_EventShowMap":false,"_EventShowMapLink":false,"_EventURL":"","_EventCost":"","_EventCostDescription":"","_EventCurrencySymbol":"","_EventCurrencyCode":"","_EventCurrencyPosition":"","_EventDateTimeSeparator":"","_EventTimeRangeSeparator":"","_EventOrganizerID":[],"_EventVenueID":[],"_OrganizerEmail":"","_OrganizerPhone":"","_OrganizerWebsite":"","_VenueAddress":"","_VenueCity":"","_VenueCountry":"","_VenueProvince":"","_VenueState":"","_VenueZip":"","_VenuePhone":"","_VenueURL":"","_VenueStateProvince":"","_VenueLat":"","_VenueLng":"","_VenueShowMap":false,"_VenueShowMapLink":false,"twitterCardType":"","cardImageID":0,"cardImage":"","cardTitle":"","cardDesc":"","cardImageAlt":"","cardPlayer":"","cardPlayerWidth":0,"cardPlayerHeight":0,"cardPlayerStream":"","cardPlayerCodec":"","footnotes":""},"categories":[7],"tags":[21832],"class_list":["post-325645","post","type-post","status-publish","format-standard","has-post-thumbnail","hentry","category-recenze","tag-literarni-kavarna"],"acf":{"related_products":null},"_links":{"self":[{"href":"https:\/\/www.luxor.cz\/blog\/wp-json\/wp\/v2\/posts\/325645","targetHints":{"allow":["GET"]}}],"collection":[{"href":"https:\/\/www.luxor.cz\/blog\/wp-json\/wp\/v2\/posts"}],"about":[{"href":"https:\/\/www.luxor.cz\/blog\/wp-json\/wp\/v2\/types\/post"}],"author":[{"embeddable":true,"href":"https:\/\/www.luxor.cz\/blog\/wp-json\/wp\/v2\/users\/2"}],"replies":[{"embeddable":true,"href":"https:\/\/www.luxor.cz\/blog\/wp-json\/wp\/v2\/comments?post=325645"}],"version-history":[{"count":0,"href":"https:\/\/www.luxor.cz\/blog\/wp-json\/wp\/v2\/posts\/325645\/revisions"}],"wp:featuredmedia":[{"embeddable":true,"href":"https:\/\/www.luxor.cz\/blog\/wp-json\/wp\/v2\/media\/325646"}],"wp:attachment":[{"href":"https:\/\/www.luxor.cz\/blog\/wp-json\/wp\/v2\/media?parent=325645"}],"wp:term":[{"taxonomy":"category","embeddable":true,"href":"https:\/\/www.luxor.cz\/blog\/wp-json\/wp\/v2\/categories?post=325645"},{"taxonomy":"post_tag","embeddable":true,"href":"https:\/\/www.luxor.cz\/blog\/wp-json\/wp\/v2\/tags?post=325645"}],"curies":[{"name":"wp","href":"https:\/\/api.w.org\/{rel}","templated":true}]}}