{"id":325637,"date":"2021-06-11T09:01:01","date_gmt":"2021-06-11T07:01:01","guid":{"rendered":"https:\/\/www.luxor.cz\/blog\/nezarazene\/63269-fenomen-jmenem-bridgertonovi\/"},"modified":"2021-06-11T09:01:01","modified_gmt":"2021-06-11T07:01:01","slug":"63269-fenomen-jmenem-bridgertonovi","status":"publish","type":"post","link":"https:\/\/www.luxor.cz\/blog\/recenze\/63269-fenomen-jmenem-bridgertonovi\/","title":{"rendered":"Fenom\u00e9n jm\u00e9nem Bridgertonovi"},"content":{"rendered":"<p>Je to jen p\u00e1r t\u00fddn\u016f, co V\u00e9voda a j\u00e1, prvn\u00ed d\u00edl obl\u00edben\u00e9 s\u00e9rie, zahltil knihkupectv\u00ed. Rom\u00e1n u n\u00e1s znovu vy\u0161el v\u00a0souvislosti se seri\u00e1lem na Netflixu, a to rovnou i s\u00a0n\u00e1dhernou filmovou ob\u00e1lkou. A proto\u017ee se jedn\u00e1 o s\u00e9rii, kterou si \u010dten\u00e1\u0159i spole\u010dn\u011b s\u00a0div\u00e1ky po cel\u00e9m sv\u011bt\u011b velmi obl\u00edbili, reedice dal\u0161\u00edch d\u00edl\u016f na sebe nesm\u011bla nechat dlouho \u010dekat.<\/p>\n<p><strong>F jako floutek a flamendr<\/strong><\/p>\n<p>Druh\u00fdm d\u00edlem se op\u011bt navrac\u00edme do rodiny Bridgerton\u016f, kde je st\u00e1le plno nezadan\u00fdch sli\u010dn\u00fdch d\u00edvek i pohledn\u00fdch ml\u00e1denc\u016f. Tentokr\u00e1t se v\u0161ak nevrac\u00edme za mladi\u010dkou Daphne a charismatick\u00fdm Simonem, ale za jej\u00edm bratrem, Anthonym Bridgertonem, nejstar\u0161\u00edm synem z cel\u00e9 rodiny. A proto\u017ee ten m\u00e1 sv\u00e1 ml\u00e1deneck\u00e1 l\u00e9ta d\u00e1vno za sebou, a proto\u017ee i on by cht\u011bl m\u00edt potomky, rozhodne se, \u017ee se bez velk\u00fdch okolk\u016f tuto sezonu jednodu\u0161e o\u017een\u00ed. V\u011bc se m\u00e1 ale tak, \u017ee Anthony, coby dosavadn\u00ed floutek a flamendr, m\u00e1 ohledn\u011b sv\u00e9 budouc\u00ed man\u017eelky ur\u010dit\u00e9 krit\u00e9rium. V\u00a0nedalek\u00e9 budoucnosti sice pl\u00e1nuje m\u00edt d\u011bti, ale rozhodn\u011b, rozhodn\u011b se nehodl\u00e1 \u017eenit z\u00a0l\u00e1sky!<\/p>\n<p><strong>Je libo \u010dervenou knihovnu?<\/strong><\/p>\n<p>Autor\u010dinu s\u00e9rii bych se neb\u00e1la ozna\u010dit jako \u010dervenou knihovnu a rozhodn\u011b ji podobn\u00fdm ozna\u010den\u00edm nijak nedevalvuji, ba naopak! Nenapad\u00e1 m\u011b snad \u017e\u00e1dn\u00fd odpo\u010dinkov\u011bj\u0161\u00ed rom\u00e1n, d\u00edky kter\u00e9mu zahod\u00edte starosti b\u011b\u017en\u00e9ho dne daleko za hlavu. V\u00a0rom\u00e1nu se setk\u00e1te se zmi\u0148ovan\u00fdm Anthonym, kr\u00e1skou Edwinou a jej\u00ed miluj\u00edc\u00ed star\u0161\u00ed sestrou Kate. Pr\u00e1v\u011b t\u00e9 se panova\u010dn\u00fd a namy\u0161len\u00fd flamendr ani zdaleka nezamlouv\u00e1.\u00a0 V\u0161echno za\u010dne b\u00fdt o to peprn\u011bj\u0161\u00ed, kdy\u017e se Anthony rozhodne dvo\u0159it nejkr\u00e1sn\u011bj\u0161\u00ed d\u00edvce sez\u00f3ny, a tou samoz\u0159ejm\u011b nen\u00ed nikdo jin\u00fd ne\u017e Edwina. Ani v\u00e1m nemus\u00edm dvakr\u00e1t \u0159\u00edkat, jak Kate zu\u0159\u00ed. Je lep\u0161\u00ed snad ani d\u00e1l nazna\u010dovat, kter\u00fdm sm\u011brem se cel\u00fd p\u0159\u00edb\u011bh bude d\u00e1le vyv\u00edjet.\u00a0<\/p>\n<p><strong>Hate to love<\/strong><\/p>\n<p>Obdobn\u011b jako u prvn\u00edho d\u00edlu si autorka s\u00a0hlavn\u00edmi postavami vyhr\u00e1la. Do p\u0159\u00edb\u011bhu se tak za\u010dtete b\u011bhem prvn\u00edch deseti, patn\u00e1cti stran. Pravd\u011bpodobn\u011b se budu jen opakovat, ale pokud hled\u00e1te ten nejv\u00edc raw odpo\u010dinkov\u00fd rom\u00e1n, hate to love romantiku, l\u00e9pe si zkr\u00e1tka vybrat nem\u016f\u017eete.<\/p>\n<p><strong>Love story, kter\u00e1 nikdy neomrz\u00ed<\/strong><\/p>\n<p>Pokud se v\u00e1m rom\u00e1n V\u00e9voda a j\u00e1 l\u00edbil a Julia Quinn v\u00e1m jako\u017eto autorka cel\u00e9 kni\u017en\u00ed s\u00e9rie sedla, Vikomt, kter\u00fd m\u011b miloval je, jak se v\u00a0dne\u0161n\u00ed dob\u011b \u0159\u00edk\u00e1, pro v\u00e1s jasn\u00e9 must read i must have. A p\u0159esto\u017ee se jedn\u00e1 o druh\u00fd d\u00edl s\u00e9rie, m\u00e1m pro v\u00e1s z\u00e1v\u011brem velmi, velmi pozitivn\u00ed zpr\u00e1vu! Pokud jste od autorky p\u0159ede\u0161l\u00fd d\u00edl ne\u010detli, v\u016fbec ni\u010demu to nevad\u00ed. Ka\u017ed\u00fd z\u00a0p\u0159\u00edb\u011bh\u016f je v\u011bnovan\u00fd jin\u00e9mu ze sourozenc\u016f a v\u00a0ka\u017ed\u00e9m rom\u00e1nu tak jako \u010dten\u00e1\u0159i sledujeme love story jin\u00e9 dvojice.<\/p>\n<p>Jestli m\u00e1te chu\u0165 na pohodov\u00fd odpo\u010dinkov\u00fd rom\u00e1n, u kter\u00e9ho se \u010das od \u010dasu zasm\u011bjete, s\u00a0knihami od americk\u00e9 spisovatelky prost\u011b nem\u016f\u017eete \u0161l\u00e1pnout vedle. Vikomt, kter\u00fd m\u011b miloval je zkr\u00e1tka love story, kter\u00e1 nikdy neomrz\u00ed!<\/p>\n<p>\u00a0<\/p>\n<p>Barbora Mike\u0161ov\u00e1 @bunburistka<\/p>\n<p>\u00a0<\/p>\n<p>Autor:\u00a0Barbora Mike\u0161ov\u00e1<\/p>\n","protected":false},"excerpt":{"rendered":"<p>Fenom\u00e9n jm\u00e9nem Bridgertonovi. Nechce se mi v\u011b\u0159it, \u017ee by n\u011bkdo tuhle senzaci odehr\u00e1vaj\u00edc\u00ed se v\u00a019. stolet\u00ed, kter\u00e1 je nap\u011bchovan\u00e1 romantikou od prvn\u00ed do posledn\u00ed str\u00e1nky, n\u011bjak\u00fdm zp\u016fsobem p\u0159ehl\u00e9dl!<\/p>\n","protected":false},"author":2,"featured_media":325638,"comment_status":"open","ping_status":"open","sticky":false,"template":"","format":"standard","meta":{"_acf_changed":false,"_monsterinsights_skip_tracking":false,"_monsterinsights_sitenote_active":false,"_monsterinsights_sitenote_note":"","_monsterinsights_sitenote_category":0,"_EventAllDay":false,"_EventTimezone":"","_EventStartDate":"","_EventEndDate":"","_EventStartDateUTC":"","_EventEndDateUTC":"","_EventShowMap":false,"_EventShowMapLink":false,"_EventURL":"","_EventCost":"","_EventCostDescription":"","_EventCurrencySymbol":"","_EventCurrencyCode":"","_EventCurrencyPosition":"","_EventDateTimeSeparator":"","_EventTimeRangeSeparator":"","_EventOrganizerID":[],"_EventVenueID":[],"_OrganizerEmail":"","_OrganizerPhone":"","_OrganizerWebsite":"","_VenueAddress":"","_VenueCity":"","_VenueCountry":"","_VenueProvince":"","_VenueState":"","_VenueZip":"","_VenuePhone":"","_VenueURL":"","_VenueStateProvince":"","_VenueLat":"","_VenueLng":"","_VenueShowMap":false,"_VenueShowMapLink":false,"twitterCardType":"","cardImageID":0,"cardImage":"","cardTitle":"","cardDesc":"","cardImageAlt":"","cardPlayer":"","cardPlayerWidth":0,"cardPlayerHeight":0,"cardPlayerStream":"","cardPlayerCodec":"","footnotes":""},"categories":[7],"tags":[21832],"class_list":["post-325637","post","type-post","status-publish","format-standard","has-post-thumbnail","hentry","category-recenze","tag-literarni-kavarna"],"acf":{"related_products":null},"_links":{"self":[{"href":"https:\/\/www.luxor.cz\/blog\/wp-json\/wp\/v2\/posts\/325637","targetHints":{"allow":["GET"]}}],"collection":[{"href":"https:\/\/www.luxor.cz\/blog\/wp-json\/wp\/v2\/posts"}],"about":[{"href":"https:\/\/www.luxor.cz\/blog\/wp-json\/wp\/v2\/types\/post"}],"author":[{"embeddable":true,"href":"https:\/\/www.luxor.cz\/blog\/wp-json\/wp\/v2\/users\/2"}],"replies":[{"embeddable":true,"href":"https:\/\/www.luxor.cz\/blog\/wp-json\/wp\/v2\/comments?post=325637"}],"version-history":[{"count":0,"href":"https:\/\/www.luxor.cz\/blog\/wp-json\/wp\/v2\/posts\/325637\/revisions"}],"wp:featuredmedia":[{"embeddable":true,"href":"https:\/\/www.luxor.cz\/blog\/wp-json\/wp\/v2\/media\/325638"}],"wp:attachment":[{"href":"https:\/\/www.luxor.cz\/blog\/wp-json\/wp\/v2\/media?parent=325637"}],"wp:term":[{"taxonomy":"category","embeddable":true,"href":"https:\/\/www.luxor.cz\/blog\/wp-json\/wp\/v2\/categories?post=325637"},{"taxonomy":"post_tag","embeddable":true,"href":"https:\/\/www.luxor.cz\/blog\/wp-json\/wp\/v2\/tags?post=325637"}],"curies":[{"name":"wp","href":"https:\/\/api.w.org\/{rel}","templated":true}]}}