{"id":325633,"date":"2021-06-14T12:15:37","date_gmt":"2021-06-14T10:15:37","guid":{"rendered":"https:\/\/www.luxor.cz\/blog\/nezarazene\/63271-kdyz-bohatstvi-nestaci\/"},"modified":"2021-06-14T12:15:37","modified_gmt":"2021-06-14T10:15:37","slug":"63271-kdyz-bohatstvi-nestaci","status":"publish","type":"post","link":"https:\/\/www.luxor.cz\/blog\/recenze\/63271-kdyz-bohatstvi-nestaci\/","title":{"rendered":"Kdy\u017e bohatstv\u00ed nesta\u010d\u00ed"},"content":{"rendered":"<p>Kl\u00e1ra Jane\u010dkov\u00e1 je \u010deskou autorkou, kter\u00e1 se m\u016f\u017ee py\u0161nit ji\u017e dvan\u00e1ctou vydanou knihou. Jej\u00ed rom\u00e1ny jsou specifick\u00e9 sv\u00fdmi z\u00e1pletkami, tajemnem a nezbytnou osudovost\u00ed l\u00e1sky. A tak\u00e9 se mus\u00ed nechat, \u017ee jej\u00ed z\u00e1liby, jako je t\u0159eba cestov\u00e1n\u00ed \u010di historie, se nem\u00e1lo odr\u00e1\u017e\u00ed na jej\u00edm posledn\u00edm d\u00edle Francouzsk\u00fd man\u017eel. <\/p>\n<p>Kniha za\u010d\u00edn\u00e1 t\u00e9m\u011b\u0159 koncem, ale ihned po prologu se ocitneme na samotn\u00e9m za\u010d\u00e1tku p\u0159\u00edb\u011bhu, kter\u00fd sah\u00e1 do opravdu d\u00e1vn\u00e9 minulosti hlavn\u00ed postavy Alberta.<\/p>\n<p>Nach\u00e1z\u00edme se v\u00a0roce 1961, kdy jeho otec bojuje u poho\u0159\u00ed Atlas ve v\u00e1lce o Al\u017e\u00edrsko. Podm\u00ednky i boje jsou krut\u00e9 a u\u017e nyn\u00ed v\u0161e, co se d\u011bje, je pro n\u00e1\u0161 p\u0159\u00edb\u011bh opravdu d\u016fle\u017eit\u00e9!<\/p>\n<p>Na l\u00e1sku a spole\u010dn\u00e9 \u0161t\u011bst\u00ed mus\u00ed b\u00fdt dva. A tak se n\u00e1m postupn\u011b do p\u0159\u00edb\u011bhu vm\u00eds\u00ed budouc\u00ed prot\u011bj\u0161ek Alberta. Pozorujeme \u017eivoty dvou lid\u00ed, kter\u00e9 se n\u00e1m jednoho dne protnou. A nutno podotknout, \u017ee ani jeden nevede zrovna \u0161\u0165astn\u00fd \u017eivot, a\u0165 u\u017e kv\u016fli sob\u011b nebo ostatn\u00edm. <\/p>\n<p>Kniha je velice nap\u00ednav\u00e1. Nejv\u00edce se v\u0161ak op\u00edr\u00e1 o jedno v\u00e1\u017en\u00e9 t\u00e9ma, a to je nespokojen\u00e9 man\u017eelstv\u00ed a \u00fatlak velmi bl\u00edzkou osobou.<\/p>\n<p>Je velice jednoduch\u00e9 ob\u011b\u0165 toxick\u00e9ho vztahu odsoudit, a jako nestrann\u00fd pozorovatel radit, ale d\u00edky t\u00e9to knize mi do\u0161lo, jak moc t\u011b\u017ek\u00e9 m\u016f\u017ee b\u00fdt, ocitnout se v\u00a0takov\u00e9 situaci a nem\u00edt tu schopnost odej\u00edt. A\u0165 u\u017e byste opravdu cht\u011bli v\u0161e skon\u010dit nebo na tohle jen pomysleli. <\/p>\n<p>V t\u011bchto chv\u00edl\u00edch je velmi d\u016fle\u017eit\u00e9 neb\u00e1t se \u0159\u00edct si o pomoc. A opravdu, pokud n\u011bco takov\u00e9ho za\u017e\u00edv\u00e1te, mluvte o tom s\u00a0n\u011bk\u00fdm. <\/p>\n<p>Je tu i jedna velice o\u0161emetn\u00e1 v\u011bc. Kolikr\u00e1t nen\u00ed nic tak, jak se na prvn\u00ed pohled zd\u00e1.<\/p>\n<p>To, \u017ee se nap\u0159\u00edklad dan\u00fd p\u00e1r prezentuje tak, \u017ee je \u0161\u0165astn\u00fd, opak je mnohdy pravdou. Ano, pak odchod mus\u00ed b\u00fdt opravdu t\u011b\u017ek\u00fd. Neust\u00e1le m\u00e1me tendenci hledat n\u011bjak\u00e9 omluvy, a hlavn\u011b kdy\u017e u\u017e nejste ve vztahu sami, hled\u00e1te kompromisy, jak v\u0161e je\u0161t\u011b zachr\u00e1nit. <\/p>\n<p>Co je ur\u010dit\u011b velice sympatick\u00e9 a nesm\u00edm na to zapomenout je \u010desk\u00e9 prost\u0159ed\u00ed. I hned bych se cht\u011bla rozjet do Host\u00fdnsk\u00fdch vrch\u016f, ale i celkov\u011b, kniha m\u011b opravdu nal\u00e1kala cestovat.<\/p>\n<p>Snad to bude co nejd\u0159\u00edve re\u00e1ln\u00e9, a to mi p\u0159ipom\u00edn\u00e1 dal\u0161\u00ed zaj\u00edmavost, kter\u00e1 m\u011b v\u00a0knize nadchla.<\/p>\n<p>P\u0159\u00edb\u011bh v\u00a0\u010dase sah\u00e1 a\u017e do roku 2021 a autorka se nezapomn\u011bla zm\u00ednit o viru, kter\u00fd pr\u00e1v\u011b h\u00fdbe sv\u011btem a mysl\u00edm si, \u017ee je to opravdu dob\u0159e.<\/p>\n<p>A\u017e jednou bude tuhle knihu n\u011bkdo \u010d\u00edst, t\u0159eba za 40 let, p\u016fjde si vyhledat, co n\u00e1m tu br\u00e1nilo v\u00a0b\u011b\u017en\u00e9m \u017eivot\u011b. <\/p>\n<p>Nejv\u00edce se mi zamlouvala autor\u010dina lehkost psan\u00ed, ani nev\u00edte jak a jste v\u00a0p\u016flce knihy.\u00a0<\/p>\n<p>Zamotan\u00fd p\u0159\u00edb\u011bh, kter\u00fd se pomalu rozpl\u00e9t\u00e1, se bude l\u00edbit v\u0161em co vyhled\u00e1vaj\u00ed nap\u011bt\u00ed a z\u00e1hady, ale i t\u011bm, kte\u0159\u00ed cht\u011bj\u00ed v\u00a0p\u0159\u00edb\u011bhu i kus romantiky a touhy po prav\u00e9 l\u00e1sce, ke kter\u00e9 je mnohdy hodn\u011b trnit\u00e1 cesta. <\/p>\n<p>Opatrujte sebe i va\u0161e bl\u00edzk\u00e9, proto\u017ee \u017eivot v\u00a0luxusu nen\u00ed v\u0161e a bez l\u00e1sky se dob\u0159e ne\u017eije. <\/p>\n<p>Petra Sklen\u00e1\u0159ov\u00e1<\/p>\n<p>\u00a0<\/p>\n<p>Autor:\u00a0Petra Sklen\u00e1\u0159ov\u00e1<\/p>\n","protected":false},"excerpt":{"rendered":"<p>Co v\u00e1s v\u00a0\u017eivot\u011b donut\u00ed, abyste si na prvn\u00ed stup\u00ednek sv\u00fdch priorit dosadili m\u00edsto l\u00e1sky pen\u00edze? Jak moc jste ochotni ob\u011btovat sv\u00e9 t\u011blo a pak i du\u0161i, pro \u017eivot v\u00a0luxusu? A hlavn\u011b, na jak dlouho? <br \/>Jak dlouho je mo\u017en\u00e9 \u017e\u00edt bez l\u00e1sky..<\/p>\n","protected":false},"author":2,"featured_media":325634,"comment_status":"open","ping_status":"open","sticky":false,"template":"","format":"standard","meta":{"_acf_changed":false,"_monsterinsights_skip_tracking":false,"_monsterinsights_sitenote_active":false,"_monsterinsights_sitenote_note":"","_monsterinsights_sitenote_category":0,"_EventAllDay":false,"_EventTimezone":"","_EventStartDate":"","_EventEndDate":"","_EventStartDateUTC":"","_EventEndDateUTC":"","_EventShowMap":false,"_EventShowMapLink":false,"_EventURL":"","_EventCost":"","_EventCostDescription":"","_EventCurrencySymbol":"","_EventCurrencyCode":"","_EventCurrencyPosition":"","_EventDateTimeSeparator":"","_EventTimeRangeSeparator":"","_EventOrganizerID":[],"_EventVenueID":[],"_OrganizerEmail":"","_OrganizerPhone":"","_OrganizerWebsite":"","_VenueAddress":"","_VenueCity":"","_VenueCountry":"","_VenueProvince":"","_VenueState":"","_VenueZip":"","_VenuePhone":"","_VenueURL":"","_VenueStateProvince":"","_VenueLat":"","_VenueLng":"","_VenueShowMap":false,"_VenueShowMapLink":false,"twitterCardType":"","cardImageID":0,"cardImage":"","cardTitle":"","cardDesc":"","cardImageAlt":"","cardPlayer":"","cardPlayerWidth":0,"cardPlayerHeight":0,"cardPlayerStream":"","cardPlayerCodec":"","footnotes":""},"categories":[7],"tags":[21832],"class_list":["post-325633","post","type-post","status-publish","format-standard","has-post-thumbnail","hentry","category-recenze","tag-literarni-kavarna"],"acf":{"related_products":null},"_links":{"self":[{"href":"https:\/\/www.luxor.cz\/blog\/wp-json\/wp\/v2\/posts\/325633","targetHints":{"allow":["GET"]}}],"collection":[{"href":"https:\/\/www.luxor.cz\/blog\/wp-json\/wp\/v2\/posts"}],"about":[{"href":"https:\/\/www.luxor.cz\/blog\/wp-json\/wp\/v2\/types\/post"}],"author":[{"embeddable":true,"href":"https:\/\/www.luxor.cz\/blog\/wp-json\/wp\/v2\/users\/2"}],"replies":[{"embeddable":true,"href":"https:\/\/www.luxor.cz\/blog\/wp-json\/wp\/v2\/comments?post=325633"}],"version-history":[{"count":0,"href":"https:\/\/www.luxor.cz\/blog\/wp-json\/wp\/v2\/posts\/325633\/revisions"}],"wp:featuredmedia":[{"embeddable":true,"href":"https:\/\/www.luxor.cz\/blog\/wp-json\/wp\/v2\/media\/325634"}],"wp:attachment":[{"href":"https:\/\/www.luxor.cz\/blog\/wp-json\/wp\/v2\/media?parent=325633"}],"wp:term":[{"taxonomy":"category","embeddable":true,"href":"https:\/\/www.luxor.cz\/blog\/wp-json\/wp\/v2\/categories?post=325633"},{"taxonomy":"post_tag","embeddable":true,"href":"https:\/\/www.luxor.cz\/blog\/wp-json\/wp\/v2\/tags?post=325633"}],"curies":[{"name":"wp","href":"https:\/\/api.w.org\/{rel}","templated":true}]}}