{"id":325629,"date":"2021-06-16T10:25:19","date_gmt":"2021-06-16T08:25:19","guid":{"rendered":"https:\/\/www.luxor.cz\/blog\/nezarazene\/63279-pribeh-ktery-se-mohl-stat\/"},"modified":"2021-06-16T10:25:19","modified_gmt":"2021-06-16T08:25:19","slug":"63279-pribeh-ktery-se-mohl-stat","status":"publish","type":"post","link":"https:\/\/www.luxor.cz\/blog\/recenze\/63279-pribeh-ktery-se-mohl-stat\/","title":{"rendered":"P\u0159\u00edb\u011bh, kter\u00fd se mohl st\u00e1t"},"content":{"rendered":"<p>Ana se narodila v Galileji v dob\u00e1ch, kdy \u017eeny nemohly rozhodovat o sv\u00e9m \u017eivot\u011b. Odmala pat\u0159ily mu\u017e\u016fm, nejprve otci, pak man\u017eelovi, kter\u00fd je mohl kdykoli zavrhnout. Pro Anu je takov\u00fd \u017eivot nemysliteln\u00fd. Jej\u00ed touhou je b\u00fdt vid\u011bt a sly\u0161et. Um\u00ed \u010d\u00edst a ps\u00e1t a r\u00e1da by se stala hlasem v\u0161ech tich\u00fdch \u017een, kter\u00e9 samy u\u017e promluvit nemohou. Rodi\u010de ji v\u0161ak zasnoubili s mnohem star\u0161\u00edm vdovcem. Ana d\u011bl\u00e1 v\u0161e pro to, aby se nemusela proti sv\u00e9 v\u016fli vd\u00e1t. Kdy\u017e potk\u00e1 mlad\u00e9ho charismatick\u00e9ho mu\u017ee, kter\u00fd\u00a0ji zaujal nejen zjevem, ale p\u0159edev\u0161\u00edm laskavou\u00a0a klidnou povahou, zamiluje se na prvn\u00ed dobrou. S\u0148atek s nazaretsk\u00fdm tesa\u0159em ji zavede na nov\u00e1 m\u00edsta, Ana pozn\u00e1 l\u00e1sku, ale tak\u00e9 smutek, zradu\u00a0i utrpen\u00ed.<\/p>\n<p>Te\u010f se mo\u017en\u00e1 nadechnete a odm\u00edtnete do knihy jen nahl\u00e9dnout, proto\u017ee na Je\u017e\u00ed\u0161e se ne- sah\u00e1 \u2013 ano, ten \u0161armantn\u00ed tesa\u0159 z Nazaretu nen\u00ed nikdo jin\u00fd ne\u017e syn Bo\u017e\u00ed \u2013 zadr\u017ete. Co kdyby to bylo opravdu trochu jinak? Je\u017e\u00ed\u0161 by i nad\u00e1le k\u00e1zal a \u0161\u00ed\u0159il sv\u00e9 my\u0161lenky mezi prost\u00fd lid, jen\u00a0by byl prost\u011b \u017eenat\u00fd. Pohor\u0161uje v\u00e1s to? Zkuste odhodit p\u0159edsudky a zamyslet se nad t\u00edm, zda by to bylo mo\u017en\u00e9. Nechte Sue Monk Kidd, aby v\u00e1m nab\u00eddla historii lehce alternativn\u00ed, p\u0159esto stoj\u00edc\u00ed na re\u00e1ln\u00fdch z\u00e1kladech. Spisovatelka nijak nesni\u017euje v\u00fdznam Je\u017e\u00ed\u0161e a jeho u\u010den\u00ed ani nem\u011bn\u00ed notoricky zn\u00e1m\u00e1 fakta o jeho \u017eivot\u011b\u00a0a smrti, jen ho nestav\u00ed do role hlavn\u00edho hrdiny. Postavou, j\u00ed\u017e je rom\u00e1n zasv\u011bcen, je pr\u00e1v\u011b Je\u017e\u00ed\u0161ova man\u017eelka Ana. Nen\u00ed typickou z\u00e1stupkyn\u00ed tehdej\u0161\u00edch \u017een pokorn\u011b p\u0159ij\u00edmaj\u00edc\u00edch sv\u016fj \u00fad\u011bl. U\u017e od ran\u00e9ho v\u011bku poci\u0165uje neklid a tou\u017e\u00ed \u017e\u00edt jinak. Svobodn\u011b, bez uzurp\u00e1torstv\u00ed mu\u017e\u016f.<\/p>\n<p>Krom\u011b hlavn\u00edho n\u00e1m\u011btu je rom\u00e1n Kniha tu\u017eeb \u010dtivou sondou do \u017eivota prvn\u00ed poloviny 1. <span style=\"font-size: 11pt;\">stolet\u00ed. \u017divotn\u00ed styl r\u016fzn\u00fdch vrstev tehdej\u0161\u00ed spole\u010dnosti byl v\u00edc ne\u017e rozmanit\u00fd. Z bohat\u011b zdoben\u00fdch dom\u016f a pal\u00e1c\u016f, kde se h\u00fd\u0159\u00ed v\u011bcmi <\/span>i j\u00eddlem, se p\u0159esuneme do chud\u00fdch dom\u00e1cnost\u00ed, v nich\u017e m\u00e1 v\u0161e sv\u016fj pevn\u00fd \u0159\u00e1d a ka\u017ed\u00fd \u010dlen vyhrazen\u00e9 konkr\u00e9tn\u00ed m\u00edsto, stejn\u011b jako misku na pokrm.<\/p>\n<p>Historick\u00e1 freska je odv\u00e1\u017en\u00fdm pohledem na mo\u017en\u00fd man\u017eelsk\u00fd \u017eivot Je\u017e\u00ed\u0161e. Autorka se zam\u011b\u0159ila na obdob\u00ed, kter\u00e9 nen\u00ed v Bibli ani v jin\u00fdch pramenech zaznamen\u00e1no. Je\u017e\u00ed\u0161ovi je kolem dvaceti. Co d\u011blal? Mohl \u017e\u00edt pokojn\u011b v Nazaretu, v\u011bnovat se tesa\u0159in\u011b a p\u0159itom naslouchat bo\u017e\u00edmu vol\u00e1n\u00ed? Pro\u010d vlastn\u011b ne? Sue Monk Kidd v\u00e1s p\u0159esv\u011bd\u010d\u00ed o tom, \u017ee hr\u00e1t si s histori\u00ed m\u016f\u017eeme s \u00factou a respektem k nem\u011bnn\u00fdm dobov\u00fdm re\u00e1li\u00edm. P\u00ed\u0161e poutav\u011b a \u010dtiv\u011b, d\u00edky \u010demu\u017e d\u011bjiny nejsou nudn\u00e9. Um\u00ed podtrhnout d\u016fle\u017eit\u00e9 detaily a jej\u00ed popisy jsou barvit\u00e9.<\/p>\n<p>Pokud m\u00e1te v oblib\u011b rom\u00e1ny Rebeccy Gabl\u00e9 nebo Kena Folleta, bude se v\u00e1m zamlouvat i Sue Monk Kidd a Kniha tu\u017eeb.<\/p>\n<p>\u00a0<\/p>\n<p>Autor: Tereza B\u00e1rtov\u00e1<\/p>\n<p>\u00a0<\/p>\n<p>Autor:\u00a0Vyb\u00edr\u00e1me z m\u00e9di\u00ed: Page<\/p>\n","protected":false},"excerpt":{"rendered":"<p>P\u0159em\u00fd\u0161l\u00edte n\u011bkdy nad t\u00edm, \u017ee se n\u011bkter\u00e9 v\u011bci v historii mohly ud\u00e1t jinak, ne\u017e n\u00e1m \u0159\u00edkaj\u00ed ofici\u00e1ln\u00ed prameny? A jste ochotni takovou variantu p\u0159ijmout?<\/p>\n","protected":false},"author":2,"featured_media":325630,"comment_status":"open","ping_status":"open","sticky":false,"template":"","format":"standard","meta":{"_acf_changed":false,"_monsterinsights_skip_tracking":false,"_monsterinsights_sitenote_active":false,"_monsterinsights_sitenote_note":"","_monsterinsights_sitenote_category":0,"_EventAllDay":false,"_EventTimezone":"","_EventStartDate":"","_EventEndDate":"","_EventStartDateUTC":"","_EventEndDateUTC":"","_EventShowMap":false,"_EventShowMapLink":false,"_EventURL":"","_EventCost":"","_EventCostDescription":"","_EventCurrencySymbol":"","_EventCurrencyCode":"","_EventCurrencyPosition":"","_EventDateTimeSeparator":"","_EventTimeRangeSeparator":"","_EventOrganizerID":[],"_EventVenueID":[],"_OrganizerEmail":"","_OrganizerPhone":"","_OrganizerWebsite":"","_VenueAddress":"","_VenueCity":"","_VenueCountry":"","_VenueProvince":"","_VenueState":"","_VenueZip":"","_VenuePhone":"","_VenueURL":"","_VenueStateProvince":"","_VenueLat":"","_VenueLng":"","_VenueShowMap":false,"_VenueShowMapLink":false,"twitterCardType":"","cardImageID":0,"cardImage":"","cardTitle":"","cardDesc":"","cardImageAlt":"","cardPlayer":"","cardPlayerWidth":0,"cardPlayerHeight":0,"cardPlayerStream":"","cardPlayerCodec":"","footnotes":""},"categories":[7],"tags":[21832],"class_list":["post-325629","post","type-post","status-publish","format-standard","has-post-thumbnail","hentry","category-recenze","tag-literarni-kavarna"],"acf":{"related_products":null},"_links":{"self":[{"href":"https:\/\/www.luxor.cz\/blog\/wp-json\/wp\/v2\/posts\/325629","targetHints":{"allow":["GET"]}}],"collection":[{"href":"https:\/\/www.luxor.cz\/blog\/wp-json\/wp\/v2\/posts"}],"about":[{"href":"https:\/\/www.luxor.cz\/blog\/wp-json\/wp\/v2\/types\/post"}],"author":[{"embeddable":true,"href":"https:\/\/www.luxor.cz\/blog\/wp-json\/wp\/v2\/users\/2"}],"replies":[{"embeddable":true,"href":"https:\/\/www.luxor.cz\/blog\/wp-json\/wp\/v2\/comments?post=325629"}],"version-history":[{"count":0,"href":"https:\/\/www.luxor.cz\/blog\/wp-json\/wp\/v2\/posts\/325629\/revisions"}],"wp:featuredmedia":[{"embeddable":true,"href":"https:\/\/www.luxor.cz\/blog\/wp-json\/wp\/v2\/media\/325630"}],"wp:attachment":[{"href":"https:\/\/www.luxor.cz\/blog\/wp-json\/wp\/v2\/media?parent=325629"}],"wp:term":[{"taxonomy":"category","embeddable":true,"href":"https:\/\/www.luxor.cz\/blog\/wp-json\/wp\/v2\/categories?post=325629"},{"taxonomy":"post_tag","embeddable":true,"href":"https:\/\/www.luxor.cz\/blog\/wp-json\/wp\/v2\/tags?post=325629"}],"curies":[{"name":"wp","href":"https:\/\/api.w.org\/{rel}","templated":true}]}}