{"id":325627,"date":"2021-06-16T10:49:22","date_gmt":"2021-06-16T08:49:22","guid":{"rendered":"https:\/\/www.luxor.cz\/blog\/nezarazene\/63280-odvracena-tvar-lasky\/"},"modified":"2021-06-16T10:49:22","modified_gmt":"2021-06-16T08:49:22","slug":"63280-odvracena-tvar-lasky","status":"publish","type":"post","link":"https:\/\/www.luxor.cz\/blog\/recenze\/63280-odvracena-tvar-lasky\/","title":{"rendered":"Odvr\u00e1cen\u00e1 tv\u00e1\u0159 l\u00e1sky"},"content":{"rendered":"<p>Blythe je \u017eena, kter\u00e1 skr\u00fdv\u00e1 tajemstv\u00ed. Jsou hluboko, stejn\u011b jako jej\u00ed obavy, je\u017e je\u0161t\u011b nevy\u0161ly najevo. Spole\u010dn\u011b se sv\u00fdm mu\u017eem pro\u0161li cel\u00fdm vztahem a\u017e do onoho v\u00fdznamn\u00e9ho kroku. Za\u010dali se sna\u017eit o miminko. Radost to byla neskute\u010dn\u00e1, v\u017edy\u0165 co m\u016f\u017ee b\u00fdt v\u00edc? Jen\u017ee Blythe je na rozpac\u00edch. Oxytocin nefunguje. Miminko pl\u00e1\u010de a nesp\u00ed. Jsou ob\u011b vy\u010derpan\u00e9 a vynervovan\u00e9. \u201eTo se \u010dasem sprav\u00ed, za\u010d\u00e1tky jsou v\u017edycky trochu kru\u0161n\u00e9,\u201c \u0159\u00edkaj\u00ed j\u00ed v\u0161ichni.<\/p>\n<p>Jen\u017ee po\u0159\u00e1d nic. Jako by j\u00ed dcera d\u00e1vala najevo, jak nemo\u017enou matkou je. Jako by ji schv\u00e1ln\u011b tr\u00e1pila. Je to v\u016fbec mo\u017en\u00e9? Blythe poslouch\u00e1 ostatn\u00ed maminky, porovn\u00e1v\u00e1 se s nimi a selh\u00e1v\u00e1 na pln\u00e9 \u010d\u00e1\u0159e. Nebylo by nakonec lep\u0161\u00ed, kdyby se matkou nestala? Jej\u00ed d\u00edt\u011b roste a s n\u00edm i neodbytn\u00fd pocit, \u017ee n\u011bkte\u0159\u00ed lid\u00e9 by prost\u011b d\u011bti m\u00edt nem\u011bli. Ona sama by mohla vypr\u00e1v\u011bt. A to je teprve za\u010d\u00e1tek. P\u0159ich\u00e1z\u00ed odcizen\u00ed, neschopnost, strach. Kolob\u011bh \u017eivota se teprve rozt\u00e1\u010d\u00ed. Co kdy\u017e za to m\u016f\u017ee ona?<\/p>\n<p>Jsou t\u00e9mata, o nich\u017e se moc nemluv\u00ed. I kdy\u017e jist\u00e1 forma osv\u011bty u\u017e funguje. Jde o pocity, kter\u00fdmi se nechlub\u00edme, p\u0159esto\u017ee n\u00e1s s\u017e\u00edraj\u00ed do morku kost\u00ed a d\u011bs\u00ed v\u00edc ne\u017e cokoliv jin\u00e9ho. O to hor\u0161\u00ed to mus\u00ed b\u00fdt v p\u0159\u00edpad\u011b \u010derstv\u00e9 maminky, kter\u00e1 se sna\u017e\u00ed sv\u00e9 d\u00edt\u011b milovat na tis\u00edc procent. A m\u00edsto toho zji\u0161\u0165uje, jak je to n\u00e1ro\u010dn\u00e9, jak si p\u0159ipad\u00e1 ciz\u00ed v t\u00e9hle roli, kter\u00e1 by j\u00ed p\u0159ece m\u011bla b\u00fdt \u0161it\u00e1 na m\u00edru. A pak jsou tu ty podivn\u00e9 n\u00e1hody. Vid\u011bn\u00ed p\u0159es mlhu probd\u011bl\u00fdch noc\u00ed, nejistota v \u00fasudku a d\u011bsiv\u00e9 p\u0159esv\u011bd\u010den\u00ed, kter\u00e9 p\u0159ece nem\u016f\u017ee b\u00fdt spr\u00e1vn\u00e9. Je to genetika, co p\u0159edur\u010duje chov\u00e1n\u00ed lid\u00ed, nebo se zlo prost\u011b stane?<\/p>\n<p>Druh\u00e1 tv\u00e1\u0159 je siln\u00fd p\u0159\u00edb\u011bh. A je to v tomto p\u0159\u00edpad\u011b dost slab\u00e9 a nic ne\u0159\u00edkaj\u00edc\u00ed slovo.<\/p>\n<p>Jde doslova o nervy dr\u00e1saj\u00edc\u00ed \u0161\u00edlenou zpov\u011b\u010f \u010dlov\u011bka, kter\u00fd m\u00e1 kolem sebe sice dost lid\u00ed, ale je na v\u0161echno \u00fapln\u011b s\u00e1m. Bez v\u0161ech p\u0159\u00edkras, tot\u00e1ln\u011b nap\u0159\u00edmo. P\u016fsob\u00ed opravdu znepokojiv\u011b, co\u017e perfektn\u011b podtrhuje zp\u016fsob promluvy. Nulov\u00e9, ale maxim\u00e1ln\u00ed emoce \u010dlov\u011bka absolutn\u011b zdeptan\u00e9ho situac\u00ed.<\/p>\n<p>Ashley Audrain se poda\u0159il mistrovsk\u00fd kousek. Jako by malovala obraz a pou\u017eila v\u0161echny odst\u00edny, kter\u00e9 paleta m\u016f\u017ee nab\u00eddnout. Je tam v\u0161echno, co \u010dek\u00e1te, a daleko v\u00edc, ne\u017e byste si v\u016fbec dok\u00e1zali p\u0159edstavit. Jej\u00ed s\u00edla je nejen v t\u011bch momentech, kdy chcete p\u0159estat \u010d\u00edst, proto\u017ee v\u00edc nezvl\u00e1dnete, ale i v t\u011bch relativn\u011b klidn\u00fdch pas\u00e1\u017e\u00edch, kde se ve v\u00e1s m\u00edch\u00e1 deset emoc\u00ed z\u00e1rove\u0148, a boj\u00edte se, co je\u0161t\u011b p\u0159ijde.<\/p>\n<p>P\u0159\u00edb\u011bh \u010dp\u00ed posedlost\u00ed, z\u00e1vislost\u00ed a d\u011bsem. Je pln\u00fd \u00fazkosti a smutku. Ale je skv\u011ble vykonstruovan\u00fd, emoce siln\u00e9 a opravdov\u00e9. Jakoby na \u010dten\u00e1\u0159e Blythe volala o pomoc. P\u0159itom \u201ejen\u201c pot\u0159ebuje, aby si ji n\u011bkdo poslechl. A je to p\u0159\u00edb\u011bh tak mraziv\u00fd, \u017ee ho do\u010dtete a je\u0161t\u011b chv\u00edli potom se budete pt\u00e1t, jestli ho autorka v\u00e1\u017en\u011b napsala. Proto\u017ee dozn\u00edv\u00e1n\u00ed je dlouh\u00e9.<\/p>\n<p>\u00a0<\/p>\n<p>Autor: Tereza B\u00e1rtov\u00e1<\/p>\n<p>\u00a0<\/p>\n<p>Autor:\u00a0Vyb\u00edr\u00e1me z m\u00e9di\u00ed: Page<\/p>\n","protected":false},"excerpt":{"rendered":"<p>Mate\u0159stv\u00ed je dar. Ale n\u011bkdy m\u016f\u017ee b\u00fdt i danajsk\u00fd.\u00a0Co kdy\u017e to nep\u0159ijde? Ta bezmezn\u00e1, hory p\u0159en\u00e1\u0161ej\u00edc\u00ed l\u00e1ska. Co kdy\u017e se zjev\u00ed jen strach, nesnesiteln\u00e1 \u00fazkost a \u017eivot nastav\u00ed druhou tv\u00e1\u0159?<\/p>\n","protected":false},"author":2,"featured_media":325628,"comment_status":"open","ping_status":"open","sticky":false,"template":"","format":"standard","meta":{"_acf_changed":false,"_monsterinsights_skip_tracking":false,"_monsterinsights_sitenote_active":false,"_monsterinsights_sitenote_note":"","_monsterinsights_sitenote_category":0,"_EventAllDay":false,"_EventTimezone":"","_EventStartDate":"","_EventEndDate":"","_EventStartDateUTC":"","_EventEndDateUTC":"","_EventShowMap":false,"_EventShowMapLink":false,"_EventURL":"","_EventCost":"","_EventCostDescription":"","_EventCurrencySymbol":"","_EventCurrencyCode":"","_EventCurrencyPosition":"","_EventDateTimeSeparator":"","_EventTimeRangeSeparator":"","_EventOrganizerID":[],"_EventVenueID":[],"_OrganizerEmail":"","_OrganizerPhone":"","_OrganizerWebsite":"","_VenueAddress":"","_VenueCity":"","_VenueCountry":"","_VenueProvince":"","_VenueState":"","_VenueZip":"","_VenuePhone":"","_VenueURL":"","_VenueStateProvince":"","_VenueLat":"","_VenueLng":"","_VenueShowMap":false,"_VenueShowMapLink":false,"twitterCardType":"","cardImageID":0,"cardImage":"","cardTitle":"","cardDesc":"","cardImageAlt":"","cardPlayer":"","cardPlayerWidth":0,"cardPlayerHeight":0,"cardPlayerStream":"","cardPlayerCodec":"","footnotes":""},"categories":[7],"tags":[21832],"class_list":["post-325627","post","type-post","status-publish","format-standard","has-post-thumbnail","hentry","category-recenze","tag-literarni-kavarna"],"acf":{"related_products":null},"_links":{"self":[{"href":"https:\/\/www.luxor.cz\/blog\/wp-json\/wp\/v2\/posts\/325627","targetHints":{"allow":["GET"]}}],"collection":[{"href":"https:\/\/www.luxor.cz\/blog\/wp-json\/wp\/v2\/posts"}],"about":[{"href":"https:\/\/www.luxor.cz\/blog\/wp-json\/wp\/v2\/types\/post"}],"author":[{"embeddable":true,"href":"https:\/\/www.luxor.cz\/blog\/wp-json\/wp\/v2\/users\/2"}],"replies":[{"embeddable":true,"href":"https:\/\/www.luxor.cz\/blog\/wp-json\/wp\/v2\/comments?post=325627"}],"version-history":[{"count":0,"href":"https:\/\/www.luxor.cz\/blog\/wp-json\/wp\/v2\/posts\/325627\/revisions"}],"wp:featuredmedia":[{"embeddable":true,"href":"https:\/\/www.luxor.cz\/blog\/wp-json\/wp\/v2\/media\/325628"}],"wp:attachment":[{"href":"https:\/\/www.luxor.cz\/blog\/wp-json\/wp\/v2\/media?parent=325627"}],"wp:term":[{"taxonomy":"category","embeddable":true,"href":"https:\/\/www.luxor.cz\/blog\/wp-json\/wp\/v2\/categories?post=325627"},{"taxonomy":"post_tag","embeddable":true,"href":"https:\/\/www.luxor.cz\/blog\/wp-json\/wp\/v2\/tags?post=325627"}],"curies":[{"name":"wp","href":"https:\/\/api.w.org\/{rel}","templated":true}]}}