{"id":325625,"date":"2021-06-17T08:28:26","date_gmt":"2021-06-17T06:28:26","guid":{"rendered":"https:\/\/www.luxor.cz\/blog\/nezarazene\/63281-jak-vypada-novinka-od-ladislava-spacka-byznys-etiketa-a-komunikace\/"},"modified":"2021-06-17T08:28:26","modified_gmt":"2021-06-17T06:28:26","slug":"63281-jak-vypada-novinka-od-ladislava-spacka-byznys-etiketa-a-komunikace","status":"publish","type":"post","link":"https:\/\/www.luxor.cz\/blog\/recenze\/63281-jak-vypada-novinka-od-ladislava-spacka-byznys-etiketa-a-komunikace\/","title":{"rendered":"Jak vypad\u00e1 novinka od Ladislava \u0160pa\u010dka \u2013 Byznys etiketa a komunikace?"},"content":{"rendered":"<p>Dosp\u011bla jsem k n\u00e1zoru, \u017ee z\u00e1kladem t\u00e9m\u011b\u0159 ka\u017ed\u00e9 knihovny dosp\u011bl\u00e9ho \u010dlov\u011bka je atlas sv\u011bta (nebo alespo\u0148 \u010cech), slovn\u00edk ciz\u00edch pojm\u016f, kniha o \u010desk\u00e9m pravopise, K\u00e1mas\u00fatra (obvykle s n\u011bjak\u00fdm p\u0159ekvapiv\u011b nep\u0159ita\u017eliv\u00fdm indick\u00fdm p\u00e1rem) a alespo\u0148 jedna kniha o slu\u0161n\u00e9m chov\u00e1n\u00ed od pana \u0160pa\u010dka. Jin\u00fdmi slovy \u2013 \u0160pa\u010dka m\u00e1 doma prost\u011b ka\u017ed\u00fd.<\/p>\n<p>Na m\u00e9m pomysln\u00e9m tal\u00ed\u0159i se objevila novinka od pana Ladislava \u0160pa\u010dka, kter\u00fd pracuje jako konzultant v oblasti komunikace a etikety, u\u010d\u00ed slu\u0161n\u00e9mu chov\u00e1n\u00ed d\u011bti i dosp\u011bl\u00e9 a b\u00fdval mluv\u010d\u00edm prezidenta V\u00e1clava Havla. Jeho dosah p\u0159e\u0161el dokonce do sv\u011bta literatury i televize, vydal ji\u017e p\u011bknou \u0159adu knih o slu\u0161n\u00e9m chov\u00e1n\u00ed, nap\u0159\u00edklad Velkou knihu etikety, Malou knihu etikety pro celou rodinu, D\u011bde\u010dku u\u017e chod\u00edm do \u0161koly nebo \u0160pa\u010dek v porcel\u00e1nu. P\u016fvodn\u00edm povol\u00e1n\u00edm byl pedagog, co\u017e z\u0159ejm\u011b nikoho nep\u0159ekvap\u00ed. M\u011b vlastn\u011b p\u0159ijde sympatick\u00e9, \u017ee se n\u011bkdo \u017eiv\u00ed t\u00edm, \u017ee u\u010d\u00ed ostatn\u00ed lidi, jak se chovat p\u0159i r\u016fzn\u00fdch situac\u00edch tak, aby p\u016fsobili jako slu\u0161n\u00ed a zdvo\u0159il\u00ed. To je n\u011bco, co se \u010dlov\u011bku nejen neztrat\u00ed, ale m\u016f\u017ee mu to pomoci otev\u0159\u00edt dal\u0161\u00ed dve\u0159e a z\u00edskat p\u0159\u00edze\u0148 u ostatn\u00edch.<\/p>\n<p>Tato konkr\u00e9tn\u00ed kniha, tedy\u00a0Byznys etiketa a komunikace\u00a0je zam\u011b\u0159ena p\u0159edev\u0161\u00edm na ty, kte\u0159\u00ed komunikuj\u00ed a p\u0159ich\u00e1z\u00ed do styku s klienty \u010di obchodn\u00edmi partnery. Jde o firemn\u00ed ve\u010de\u0159i \u010di jin\u00e9 spole\u010densk\u00e9 akce? Chcete v\u011bd\u011bt, jak se spr\u00e1vn\u011b obl\u00e9ct, jak se chovat a orientovat u stolu, jak spr\u00e1vn\u011b komunikovat ve sf\u00e9\u0159e byznysu? Kniha poskytuje \u0159adu praktick\u00fdch rad, kter\u00e9 maj\u00ed pomoci neznal\u00e9mu \u010dlov\u011bku osvojit si z\u00e1sady, d\u00edky kter\u00fdm nebude p\u016fsobit nezdvo\u0159ile.<\/p>\n<p>Kniha je lad\u011bn\u00e1 p\u0159edev\u0161\u00edm v b\u00edl\u00e9, \u010dern\u00e9 a v\u00fdrazn\u00e9 oran\u017eovo \u2013 \u010derven\u00e9. V\u011bt\u0161inu knihy tvo\u0159\u00ed p\u0159edev\u0161\u00edm text, n\u011bkdy zv\u00fdrazn\u011bn\u00fd pr\u00e1v\u011b ji\u017e zm\u00edn\u011bnou velmi v\u00fdraznou oran\u017eovo \u010dervenou barvou. Na konci knihy najdete obrazovou p\u0159\u00edlohu, kde najdete barevn\u00e9 fotografie, d\u00edky kter\u00fdm si m\u016f\u017eete podrobn\u011bji prohl\u00e9dnout nap\u0159\u00edklad vhodnou volbu oble\u010den\u00ed, bot a dopl\u0148k\u016f pro r\u016fzn\u00e9 firemn\u00ed akce. D\u00e1le se n\u011bkolik fotografi\u00ed v\u011bnuje pobytu u stolu, kde se dozv\u00edme, kdo za\u010d\u00edn\u00e1 j\u00edst prvn\u00ed, jak je to s ubrouskem \u010di s p\u0159\u00edbory, \u010di jak se spr\u00e1vn\u011b dr\u017e\u00ed sklenice s v\u00ednem.<\/p>\n<p>Obsah je rozd\u011blen na Byznys etiketu a Byznys komunikaci. Tyto \u010d\u00e1sti jsou d\u00e1le rozd\u011bleny na kapitoly, nap\u0159\u00edklad Etiketa v\u0161edn\u00edho dne, VIP, Stolov\u00e1n\u00ed, Pracovn\u00ed cesty, Spole\u010densk\u00e9 akce, Vyjedn\u00e1v\u00e1n\u00ed, R\u00e9torika, Prezentace a dal\u0161\u00ed.<\/p>\n<p>J\u00e1 sama byla od d\u011btstv\u00ed vychovan\u00e1 tak, \u017ee na slu\u0161n\u00e9m chov\u00e1n\u00ed z\u00e1le\u017e\u00ed. Doma m\u011b u\u010dili, kdo koho zdrav\u00ed, kdo komu pod\u00e1v\u00e1 ruku, kdo jde prvn\u00ed do dve\u0159\u00ed. Postupem \u010dasu jsem stejn\u011b v\u0161e tak n\u011bjak pozapomn\u011bla, tak\u017ee jednou za \u010das si to r\u00e1da zopakuji. Proto\u017ee jsem se nikdy nedostala do situace s velk\u00fdm mno\u017estv\u00edm p\u0159\u00edbor\u016f, tohle faux pas jsem na\u0161t\u011bst\u00ed nikdy neza\u017eila a ne\u0159e\u0161ila. \u017de tuhle knihu mohu n\u011bkdy pot\u0159ebovat jsem se rozhodla, kdy\u017e jsem za\u010dala pomalu pracovat po mate\u0159sk\u00e9. Bu\u010f p\u0159ipraven! jak vel\u00ed skauti. A j\u00e1 cht\u011bla b\u00fdt p\u0159ipraven\u00e1. V\u017edy\u0165 \u2013 co kdyby?<\/p>\n<p>\u00a0<\/p>\n<p>Barbora Cirklov\u00e1<\/p>\n<p>Autor:\u00a0Barbora Cirklov\u00e1<\/p>\n","protected":false},"excerpt":{"rendered":"<p>V pr\u016fb\u011bhu let jsem vid\u011bla celou \u0159adu dom\u00e1c\u00edch knihoven. Od t\u011bch, kter\u00e9 p\u0159edstavovala jen \u00fazk\u00e1 poli\u010dka na zdi a\u017e po st\u011bny tvo\u0159en\u00e9 d\u0159ev\u011bn\u00fdmi vkusn\u00fdmi reg\u00e1ly pln\u00fdmi knih.\u00a0<\/p>\n","protected":false},"author":2,"featured_media":325626,"comment_status":"open","ping_status":"open","sticky":false,"template":"","format":"standard","meta":{"_acf_changed":false,"_monsterinsights_skip_tracking":false,"_monsterinsights_sitenote_active":false,"_monsterinsights_sitenote_note":"","_monsterinsights_sitenote_category":0,"_EventAllDay":false,"_EventTimezone":"","_EventStartDate":"","_EventEndDate":"","_EventStartDateUTC":"","_EventEndDateUTC":"","_EventShowMap":false,"_EventShowMapLink":false,"_EventURL":"","_EventCost":"","_EventCostDescription":"","_EventCurrencySymbol":"","_EventCurrencyCode":"","_EventCurrencyPosition":"","_EventDateTimeSeparator":"","_EventTimeRangeSeparator":"","_EventOrganizerID":[],"_EventVenueID":[],"_OrganizerEmail":"","_OrganizerPhone":"","_OrganizerWebsite":"","_VenueAddress":"","_VenueCity":"","_VenueCountry":"","_VenueProvince":"","_VenueState":"","_VenueZip":"","_VenuePhone":"","_VenueURL":"","_VenueStateProvince":"","_VenueLat":"","_VenueLng":"","_VenueShowMap":false,"_VenueShowMapLink":false,"twitterCardType":"","cardImageID":0,"cardImage":"","cardTitle":"","cardDesc":"","cardImageAlt":"","cardPlayer":"","cardPlayerWidth":0,"cardPlayerHeight":0,"cardPlayerStream":"","cardPlayerCodec":"","footnotes":""},"categories":[7],"tags":[21832],"class_list":["post-325625","post","type-post","status-publish","format-standard","has-post-thumbnail","hentry","category-recenze","tag-literarni-kavarna"],"acf":{"related_products":null},"_links":{"self":[{"href":"https:\/\/www.luxor.cz\/blog\/wp-json\/wp\/v2\/posts\/325625","targetHints":{"allow":["GET"]}}],"collection":[{"href":"https:\/\/www.luxor.cz\/blog\/wp-json\/wp\/v2\/posts"}],"about":[{"href":"https:\/\/www.luxor.cz\/blog\/wp-json\/wp\/v2\/types\/post"}],"author":[{"embeddable":true,"href":"https:\/\/www.luxor.cz\/blog\/wp-json\/wp\/v2\/users\/2"}],"replies":[{"embeddable":true,"href":"https:\/\/www.luxor.cz\/blog\/wp-json\/wp\/v2\/comments?post=325625"}],"version-history":[{"count":0,"href":"https:\/\/www.luxor.cz\/blog\/wp-json\/wp\/v2\/posts\/325625\/revisions"}],"wp:featuredmedia":[{"embeddable":true,"href":"https:\/\/www.luxor.cz\/blog\/wp-json\/wp\/v2\/media\/325626"}],"wp:attachment":[{"href":"https:\/\/www.luxor.cz\/blog\/wp-json\/wp\/v2\/media?parent=325625"}],"wp:term":[{"taxonomy":"category","embeddable":true,"href":"https:\/\/www.luxor.cz\/blog\/wp-json\/wp\/v2\/categories?post=325625"},{"taxonomy":"post_tag","embeddable":true,"href":"https:\/\/www.luxor.cz\/blog\/wp-json\/wp\/v2\/tags?post=325625"}],"curies":[{"name":"wp","href":"https:\/\/api.w.org\/{rel}","templated":true}]}}